{"id":986,"date":"2020-06-10T19:35:00","date_gmt":"2020-06-10T17:35:00","guid":{"rendered":"http:\/\/collectifmdm-idf.org\/?p=986"},"modified":"2020-10-08T20:36:30","modified_gmt":"2020-10-08T18:36:30","slug":"salon-de-musique-la-vie-continue-2-serenades-urbaines-au-creux-de-loreille","status":"publish","type":"post","link":"https:\/\/collectifmdm-idf.org\/annuaire5\/salon-de-musique-la-vie-continue-2-serenades-urbaines-au-creux-de-loreille\/","title":{"rendered":"Salon de Musique \u2013 La Vie Continue #2 \u2013 mardi 9 juin 2020 &#8211; S\u00e9r\u00e9nades Urbaines \u2013 Au creux de l&#8217;oreille"},"content":{"rendered":"\n<h2 class=\"wp-block-heading\"><\/h2>\n\n\n\n<p class=\"has-text-align-center\">LA VIE CONTINUE pr\u00e9sente <strong>SALONS DE MUSIQUES<\/strong><br><a rel=\"noreferrer noopener\" target=\"_blank\" href=\"https:\/\/www.facebook.com\/hashtag\/scenefrancaise?__eep__=6\">#SceneFrancaise<\/a><br><strong>Tous les mardis de juin 2020 \u00e0 19h00 sur ZOOM\u2026<\/strong><br>LAISSEZ-VOUS SURPRENDRE !<br>\ud83c\udfe0\ud83c\udfa7\ud83c\udf77\ud83d\udecb\ud83c\udfb8\ud83d\udc40\ud83c\udfe0\ud83c\udfa7\ud83c\udf77\ud83d\udecb\ud83c\udfb8\ud83d\udc40\ud83c\udfe0\ud83c\udfa7\ud83c\udf77\ud83d\udecb\ud83c\udfb8\ud83d\udc40<\/p>\n\n\n\n<h2 class=\"wp-block-heading\"><\/h2>\n\n\n\n<p class=\"has-medium-font-size\"><strong>Salon de Musique &#8211; La Vie Continue #2<\/strong> &#8211; <strong>Mardi 9 juin 2020<\/strong><\/p>\n\n\n\n<h2 class=\"wp-block-heading\"><\/h2>\n\n\n\n<div class=\"wp-block-image\"><figure class=\"aligncenter size-large\"><img fetchpriority=\"high\" decoding=\"async\" width=\"500\" height=\"500\" src=\"https:\/\/collectifmdm-idf.org\/wp-content\/uploads\/2020\/06\/LCV-2-anim\u00e9.gif\" alt=\"\" class=\"wp-image-989\"\/><\/figure><\/div>\n\n\n\n<h2 class=\"wp-block-heading\"><\/h2>\n\n\n\n<p class=\"has-medium-font-size\">Avec : <\/p>\n\n\n\n<p class=\"has-medium-font-size\"><strong>Ninon Valder<\/strong> explore les espaces entre la musique argentine et le jazz, d\u00e9veloppant la po\u00e9sie du son et des mots. Curieuse, elle s\u2019est impr\u00e9gn\u00e9e de diff\u00e9rents styles au gr\u00e9 des rencontres. Elle collabore avec des artistes du monde entier. Elle co-dirige avec <strong>Colacho Brizuela<\/strong> le trio vocal et instrumental de musique argentine <strong>Las Famatinas<\/strong>. Elle tourne actuellement en solo avec son spectacle <em>Argentina en el alma<\/em>, et avec Las Famatinas <em>Asi seguimos andando<\/em>.<\/p>\n\n\n\n<h2 class=\"wp-block-heading\"><\/h2>\n\n\n\n<p class=\"has-medium-font-size\"><strong>Faouzi Abdennour,<\/strong> chanteur-p\u00e8lerin, tel qu&#8217;il aime se d\u00e9finir, aspire depuis une trentaine d&#8217;ann\u00e9es \u00e0 d\u00e9dier son art au dialogue entre les cultures et les religions en cr\u00e9ant des passerelles entres les diff\u00e9rentes traditions musicales ancestrales, projets de musique du monde en France et dans plusieurs capitales dans le monde .<\/p>\n\n\n\n<h2 class=\"wp-block-heading\"><\/h2>\n\n\n\n<p class=\"has-medium-font-size\">\u00ab <em><strong>Des Irs, des Mots<\/strong><\/em> \u00bb une po\u00e9sie parl\u00e9e et chant\u00e9e cheminant dans la m\u00e9lodie des mots en puissant dans la tradition populaire. <strong>Denis Charolles<\/strong> et<strong>&nbsp;<a href=\"https:\/\/www.facebook.com\/tania.pividori?__tn__=%2CdK%2AF-R&amp;eid=ARCrNqXqqoxDEaM5YqGJu6YjOCfXhPEI6FmAQQJFusRIBhWohOXaNm77IvbY7nk4v6_PSUt7InTxxCSl\">Tania Pividori<\/a>&nbsp;<\/strong>proposent de mener l\u2019auditeur vers des territoires de d\u00e9couverte, d\u2019\u00e9veiller la m\u00e9moire et l\u2019imaginaire. Ils jouent avec les mots et les timbres en cr\u00e9ant un univers sonore pour chaque langue, chaque po\u00e8te visit\u00e9.<\/p>\n\n\n\n<h2 class=\"wp-block-heading\"><\/h2>\n\n\n\n<p class=\"has-medium-font-size\"><strong>Mai Th\u00e0nh Nam<\/strong> est le repr\u00e9sentant d\u2019une tradition vietnamienne de fl\u00fbtes, tambours, percussions et instruments de musiques typiques et vari\u00e9es. <br>Il appartient \u00e0 la grande famille de la compagnie des percussions et tambours <strong>Ph\u00f9 \u0110\u1ed5ng<\/strong> r\u00e9put\u00e9e depuis 1986, qui avec ses propres cr\u00e9ations, a fortement contribu\u00e9 \u00e0 l\u2019essor de cet art traditionnel. Il joue aussi au sein de la compagnie <strong>Ti\u1ebfng t\u01a1 \u0111\u1ed3ng<\/strong>.<\/p>\n\n\n\n<h2 class=\"wp-block-heading\"><\/h2>\n\n\n\n<hr class=\"wp-block-separator\"\/>\n\n\n\n<h2 class=\"has-luminous-vivid-orange-color has-text-color has-text-align-center wp-block-heading\">&#8212;o&#8212;<\/h2>\n\n\n\n<hr class=\"wp-block-separator\"\/>\n\n\n\n<h2 class=\"wp-block-heading\"><\/h2>\n","protected":false},"excerpt":{"rendered":"<p>LA VIE CONTINUE pr\u00e9sente SALONS DE MUSIQUES#SceneFrancaiseTous les mardis de juin 2020 \u00e0 19h00 sur ZOOM\u2026LAISSEZ-VOUS SURPRENDRE !\ud83c\udfe0\ud83c\udfa7\ud83c\udf77\ud83d\udecb\ud83c\udfb8\ud83d\udc40\ud83c\udfe0\ud83c\udfa7\ud83c\udf77\ud83d\udecb\ud83c\udfb8\ud83d\udc40\ud83c\udfe0\ud83c\udfa7\ud83c\udf77\ud83d\udecb\ud83c\udfb8\ud83d\udc40 Salon de Musique &#8211; La Vie Continue #2 &#8211; Mardi 9 juin 2020 Avec : Ninon Valder explore les espaces entre la musique argentine<\/p>\n<p class=\"link-more\"><a class=\"myButt \" href=\"https:\/\/collectifmdm-idf.org\/annuaire5\/salon-de-musique-la-vie-continue-2-serenades-urbaines-au-creux-de-loreille\/\">EN SAVOIR +<\/a><\/p>\n","protected":false},"author":1,"featured_media":995,"comment_status":"open","ping_status":"open","sticky":false,"template":"","format":"standard","meta":{"_rtcl_gb_attr":"","footnotes":""},"categories":[13,15],"tags":[],"class_list":["post-986","post","type-post","status-publish","format-standard","has-post-thumbnail","hentry","category-audiovisuel","category-evenement"],"_links":{"self":[{"href":"https:\/\/collectifmdm-idf.org\/annuaire5\/wp-json\/wp\/v2\/posts\/986","targetHints":{"allow":["GET"]}}],"collection":[{"href":"https:\/\/collectifmdm-idf.org\/annuaire5\/wp-json\/wp\/v2\/posts"}],"about":[{"href":"https:\/\/collectifmdm-idf.org\/annuaire5\/wp-json\/wp\/v2\/types\/post"}],"author":[{"embeddable":true,"href":"https:\/\/collectifmdm-idf.org\/annuaire5\/wp-json\/wp\/v2\/users\/1"}],"replies":[{"embeddable":true,"href":"https:\/\/collectifmdm-idf.org\/annuaire5\/wp-json\/wp\/v2\/comments?post=986"}],"version-history":[{"count":0,"href":"https:\/\/collectifmdm-idf.org\/annuaire5\/wp-json\/wp\/v2\/posts\/986\/revisions"}],"wp:featuredmedia":[{"embeddable":true,"href":"https:\/\/collectifmdm-idf.org\/annuaire5\/wp-json\/wp\/v2\/media\/995"}],"wp:attachment":[{"href":"https:\/\/collectifmdm-idf.org\/annuaire5\/wp-json\/wp\/v2\/media?parent=986"}],"wp:term":[{"taxonomy":"category","embeddable":true,"href":"https:\/\/collectifmdm-idf.org\/annuaire5\/wp-json\/wp\/v2\/categories?post=986"},{"taxonomy":"post_tag","embeddable":true,"href":"https:\/\/collectifmdm-idf.org\/annuaire5\/wp-json\/wp\/v2\/tags?post=986"}],"curies":[{"name":"wp","href":"https:\/\/api.w.org\/{rel}","templated":true}]}}