{"id":980,"date":"2020-06-03T19:18:00","date_gmt":"2020-06-03T17:18:00","guid":{"rendered":"http:\/\/collectifmdm-idf.org\/?p=980"},"modified":"2020-10-08T20:36:51","modified_gmt":"2020-10-08T18:36:51","slug":"salon-de-musique-la-vie-continue-1-serenades-urbaines-de-souffle-en-souffle","status":"publish","type":"post","link":"https:\/\/collectifmdm-idf.org\/annuaire5\/salon-de-musique-la-vie-continue-1-serenades-urbaines-de-souffle-en-souffle\/","title":{"rendered":"Salon de Musique &#8211; La Vie Continue #1 &#8211; mardi 2 juin 2020 &#8211; S\u00e9r\u00e9nades Urbaines &#8211; De souffle en souffle"},"content":{"rendered":"\n<h2 class=\"wp-block-heading\"><\/h2>\n\n\n\n<p class=\"has-text-align-center has-medium-font-size\">LA VIE CONTINUE pr\u00e9sente <strong>SALONS DE MUSIQUES<\/strong><br><a rel=\"noreferrer noopener\" target=\"_blank\" href=\"https:\/\/www.facebook.com\/hashtag\/scenefrancaise?__eep__=6\">#SceneFrancaise<\/a><br><strong>Tous les mardis de juin 2020 \u00e0 19h00 sur ZOOM\u2026<\/strong><br>LAISSEZ-VOUS SURPRENDRE !<br>\ud83c\udfe0\ud83c\udfa7\ud83c\udf77\ud83d\udecb\ud83c\udfb8\ud83d\udc40\ud83c\udfe0\ud83c\udfa7\ud83c\udf77\ud83d\udecb\ud83c\udfb8\ud83d\udc40\ud83c\udfe0\ud83c\udfa7\ud83c\udf77\ud83d\udecb\ud83c\udfb8\ud83d\udc40<\/p>\n\n\n\n<h2 class=\"wp-block-heading\"><\/h2>\n\n\n\n<hr class=\"wp-block-separator\"\/>\n\n\n\n<h2 class=\"wp-block-heading\"><strong>Salon de Musique &#8211; La Vie Continue #1<\/strong> &#8211; <strong>Mardi 2 juin 2020<\/strong><\/h2>\n\n\n\n<h2 class=\"wp-block-heading\"><\/h2>\n\n\n\n<div class=\"wp-block-image\"><figure class=\"aligncenter size-large\"><img fetchpriority=\"high\" decoding=\"async\" width=\"500\" height=\"500\" src=\"https:\/\/collectifmdm-idf.org\/wp-content\/uploads\/2020\/05\/Salons_de_Musiques11.gif\" alt=\"\" class=\"wp-image-928\"\/><\/figure><\/div>\n\n\n\n<h2 class=\"wp-block-heading\"><\/h2>\n\n\n\n<p class=\"has-medium-font-size\"><strong>Salon de Musique &#8211; La Vie Continue #1 &#8211; Mardi 2 juin 2020<\/strong><\/p>\n\n\n\n<p class=\"has-medium-font-size\"><strong>De 19h \u00e0 20h : S\u00e9r\u00e9nades Urbaines &#8211; De souffle en souffle<\/strong><\/p>\n\n\n\n<p class=\"has-medium-font-size\">De l&#8217;Italie \u00e0 l&#8217;Inde en passant par l&#8217;Argentine et les Comores, cinq artistes femmes et leurs invit\u00e9es pr\u00e9sentent les musiques et danses qu&#8217;elles portent dans leur coeur. S&#8217;entrem\u00ealera la pens\u00e9e du collectif Musiques du Monde en \u00cele de France : ce qui nous anime dans nos pratiques, ce qui nous pousse \u00e0 proposer de nouvelles formes, \u00e0 sortir des salles et venir \u00e0 votre rencontre au moment o\u00f9 le monde en a besoin.<\/p>\n\n\n\n<p class=\"has-medium-font-size\">\ud83d\udd39 Une \u00e9mission pr\u00e9sent\u00e9e par<strong> Pierre Cuny <\/strong>et <strong>Ninon Valder<\/strong>.<\/p>\n\n\n\n<h2 class=\"wp-block-heading\"><\/h2>\n\n\n\n<p class=\"has-medium-font-size\">\ud83d\udd39 <strong>Artistes invit\u00e9es <\/strong>:<\/p>\n\n\n\n<p class=\"has-medium-font-size\"><strong>Margherita Trefoloni<\/strong> et <strong>Anna Andreotti <\/strong>(Cie Maggese) &#8211; Italie France<br><a rel=\"noreferrer noopener\" target=\"_blank\" href=\"https:\/\/www.facebook.com\/NawalComores\/\"><strong>Nawal<\/strong><\/a> \u2013 Comores\/France<br><strong>Ninon Valder<\/strong> \u2013 Argentine\/France<br><strong>Isabelle Anna<\/strong> \u2013 Inde\/France<\/p>\n\n\n\n<p class=\"has-medium-font-size\">\ud83d\udd39 Et avec :<\/p>\n\n\n\n<p class=\"has-medium-font-size\">&#8211; <strong><a rel=\"noreferrer noopener\" target=\"_blank\" href=\"https:\/\/www.facebook.com\/tania.pividori\">Tania Pividori<\/a>,<\/strong> chanteuse, improvisatrice et po\u00e8te<br>&#8211; <strong>Max Leguem<\/strong> pr\u00e9sident du <strong>collectif Musiques et Danses du Monde en \u00cele-de-France<\/strong><br>&#8211; <strong>Carole Sprang<\/strong>, pr\u00e9sidente de la <strong>F\u00e9d\u00e9ration R\u00e9gionale des MJC d&#8217;\u00cele-de-France<\/strong><br>&#8211; <strong>Kamel Dafri<\/strong>, directeur du festival <strong><a rel=\"noreferrer noopener\" href=\"http:\/\/www.villesdesmusiquesdumonde.com\/\" target=\"_blank\">Villes des Musiques du Monde<\/a><\/strong><br><\/p>\n\n\n\n<h2 class=\"wp-block-heading\"><\/h2>\n\n\n\n<h2 class=\"wp-block-heading\">\ud83d\udd37 D\u00e9couvrez les artistes de La Vie Continue #1<\/h2>\n\n\n\n<h2 class=\"wp-block-heading\"><\/h2>\n\n\n\n<p class=\"has-medium-font-size\">\ud83d\udd39 <strong>Margherita Trefoloni <\/strong>et <strong>Anna Andreotti<\/strong> (Maggese) : chant<\/p>\n\n\n\n<p class=\"has-medium-font-size\">M<strong>argherita Trefoloni<\/strong> est chanteuse et com\u00e9dienne. Elle travaille essentiellement sur la musique de tradition orale et tout particuli\u00e8rement sur le chant traditionnel italien.<br><strong>Anna Andreotti <\/strong>est chanteuse, com\u00e9dienne et metteur en sc\u00e8ne. Elle participe principalement \u00e0 des cr\u00e9ations o\u00f9 le th\u00e9\u00e2tre et le chant se m\u00ealent intimement et poursuit depuis 2010 un travail de collecte et re-transmission sc\u00e9nique de chants et t\u00e9moignages des immigr\u00e9s italiens en France, Sur les traces de l&#8217;immigration italienne.<br>Toutes deux font partie du groupe a cappella <strong>Passio<\/strong>.<\/p>\n\n\n\n<p class=\"has-medium-font-size\">Lors de cette rencontre entre Margherita Trefoloni et Anna Andreotti, nous aurons \u00e9galement l\u2019occasion d\u2019\u00e9couter <strong>Jo\u00eblle Faye<\/strong>, <strong>Jos\u00e9phine Lazzarino<\/strong> (Passio) et <strong>Francesca Perugini <\/strong>(E pi\u00f9 non canto).<\/p>\n\n\n\n<p><\/p>\n\n\n\n<h2 class=\"wp-block-heading\"><\/h2>\n\n\n\n<p class=\"has-medium-font-size\">\ud83d\udd39 <a rel=\"noreferrer noopener\" target=\"_blank\" href=\"https:\/\/www.facebook.com\/NawalComores\/\">NAWAL &#8211; Voice of Comoros<\/a> [ Afro-Sufi-Roots ]<\/p>\n\n\n\n<p class=\"has-medium-font-size\"><strong>Nawal <\/strong>est une femme de la terre e du ciel, signe textes et musiques, chante et joue du gambusi (cordophone traditionnel comorien anc\u00e8tre du oud arabe), de la guitare, du daf (membranophone persan), des fl\u00fbtes, de la mbira zimbabw\u00e9enne et du Hang. Sa musique est r\u00e9solument acoustique, forte de spiritualit\u00e9. Ses textes sont un appel \u00e0 l\u2019Amour, \u00e0 la Paix, \u00e0 la Terre, \u00e0 l\u2019\u00e9mancipation et \u00e0 la responsabilit\u00e9. Ils appellent chacun de nous \u00e0 construire un monde meilleur dans le respect de la nature et dans la dignit\u00e9.<\/p>\n\n\n\n<h2 class=\"wp-block-heading\"><\/h2>\n\n\n\n<p class=\"has-medium-font-size\">\ud83d\udd39 <a rel=\"noreferrer noopener\" target=\"_blank\" href=\"https:\/\/www.facebook.com\/ninonvalder\"><strong>Ninon Valder<\/strong><\/a> [ fl\u00fbte &#8211; bandon\u00e9on &#8211; voix &#8211; composition ]<\/p>\n\n\n\n<p class=\"has-medium-font-size\"><strong>Ninon Valder<\/strong> explore les espaces entre la musique argentine et le jazz, d\u00e9veloppant la po\u00e9sie du son et des mots. Curieuse, elle s\u2019est impr\u00e9gn\u00e9e de diff\u00e9rents styles au gr\u00e9 des rencontres. Elle collabore avec des artistes du monde entier. Elle co-dirige avec <strong>Colacho Brizuela<\/strong> le trio vocal et instrumental de musique argentine <strong>Las Famatinas<\/strong>. Elle tourne actuellement en solo avec son spectacle <em>Argentina en el alma<\/em>, et avec Las Famatinas <em>Asi seguimos andando<\/em>.<\/p>\n\n\n\n<h2 class=\"wp-block-heading\"><\/h2>\n\n\n\n<p class=\"has-medium-font-size\">\ud83d\udd39 <strong><a rel=\"noreferrer noopener\" target=\"_blank\" href=\"https:\/\/www.facebook.com\/isabelle.anna\">Isabelle Anna<\/a> <\/strong>[ Danse Kathak ]<\/p>\n\n\n\n<p class=\"has-medium-font-size\"><strong>Isabelle Anna<\/strong> est une danseuse exp\u00e9riment\u00e9e de Kathak, une chor\u00e9graphe labellis\u00e9e par le gouvernement indien. Experte dans cette danse savante, cod\u00e9e, sacr\u00e9e de l\u2019Inde, elle la m\u00e9tamorphose en une danse vari\u00e9e. Interpr\u00e8te inspir\u00e9e, elle puise dans des r\u00e9pertoires venus de Perse, d&#8217;Asie Centrale, de Gr\u00e8ce ou du flamenco, cr\u00e9ant une danse inventive, des plus originale.<\/p>\n\n\n\n<h2 class=\"wp-block-heading\"><\/h2>\n\n\n\n<p class=\"has-medium-font-size\">\ud83d\udd39 <a rel=\"noreferrer noopener\" target=\"_blank\" href=\"https:\/\/www.facebook.com\/tania.pividori\"><strong>Tania Pividori<\/strong><\/a> [ chanteuse, auteur compositeur, improvisatrice, po\u00e8te ]<\/p>\n\n\n\n<p class=\"has-medium-font-size\"><strong>Tania Pividori<\/strong> bouscule les fronti\u00e8res de la vocalit\u00e9 par son parcours \u00e9clectique. Entre pi\u00e8ces contemporaines, improvisations, chanson, polyphonies savantes ou de tradition orale, elle m\u00eale les genres, et multiplie les collaborations. Elle est membre notamment du quatuor vocal \u00ab Sanacore \u00bb, qui propose une interpr\u00e9tation de chants populaires italiens arrang\u00e9s ainsi que de cr\u00e9ations originales.<\/p>\n\n\n\n<h2 class=\"wp-block-heading\"><\/h2>\n\n\n\n<p class=\"has-text-align-center has-medium-font-size\"><strong>\ud83d\udd25 Les autres rendez-vous \ud83d\udd25<\/strong><\/p>\n\n\n\n<p class=\"has-text-align-center has-medium-font-size\"><a href=\"https:\/\/collectifmdm-idf.org\/2020\/06\/10\/salon-de-musique-la-vie-continue-2-serenades-urbaines-au-creux-de-loreille\/\">Salon de Musique #2 : Mardi 9 juin<\/a><br>Salon de Musique #3 : Mardi 16 juin<br>Salon de Musique #4 : Mardi 23 juin<\/p>\n\n\n\n<h2 class=\"wp-block-heading\"><\/h2>\n\n\n\n<p class=\"has-medium-font-size\">Propos\u00e9s dans le cadre de LA VIE CONTINUE du <strong>Collectif Musiques et Danses du Monde en \u00cele de France<\/strong> en partenariat avec <strong>Villes des Musiques du Monde<\/strong> et sous l&#8217;impulsion de l\u2019artiste Ninon Valder.<\/p>\n\n\n\n<h2 class=\"wp-block-heading\"><\/h2>\n\n\n\n<p class=\"has-text-align-center has-medium-font-size\">\ud83d\udce3 <strong>Rediffusion sur Radio Terre de Mixes de la MJC-Limours<\/strong> <\/p>\n\n\n\n<p class=\"has-text-align-center has-medium-font-size\">les jeudis \u00e0 19h00 \u00e0 partir du 11 juin <\/p>\n\n\n\n<p class=\"has-text-align-center has-medium-font-size\"><a href=\"https:\/\/www.mjclimours.fr\/radio-terre-de-mixes\/\" target=\"_blank\" rel=\"noreferrer noopener\">https:\/\/www.mjclimours.fr\/radio-terre-de-mixes\/<\/a><\/p>\n\n\n\n<hr class=\"wp-block-separator\"\/>\n\n\n\n<h4 class=\"has-luminous-vivid-orange-color has-text-color has-text-align-center wp-block-heading\"><strong>&#8212;o&#8212;<\/strong><\/h4>\n\n\n\n<hr class=\"wp-block-separator\"\/>\n\n\n\n<h2 class=\"wp-block-heading\"><\/h2>\n","protected":false},"excerpt":{"rendered":"<p>LA VIE CONTINUE pr\u00e9sente SALONS DE MUSIQUES#SceneFrancaiseTous les mardis de juin 2020 \u00e0 19h00 sur ZOOM\u2026LAISSEZ-VOUS SURPRENDRE !\ud83c\udfe0\ud83c\udfa7\ud83c\udf77\ud83d\udecb\ud83c\udfb8\ud83d\udc40\ud83c\udfe0\ud83c\udfa7\ud83c\udf77\ud83d\udecb\ud83c\udfb8\ud83d\udc40\ud83c\udfe0\ud83c\udfa7\ud83c\udf77\ud83d\udecb\ud83c\udfb8\ud83d\udc40 Salon de Musique &#8211; La Vie Continue #1 &#8211; Mardi 2 juin 2020 Salon de Musique &#8211; La Vie Continue #1 &#8211; Mardi 2<\/p>\n<p class=\"link-more\"><a class=\"myButt \" href=\"https:\/\/collectifmdm-idf.org\/annuaire5\/salon-de-musique-la-vie-continue-1-serenades-urbaines-de-souffle-en-souffle\/\">EN SAVOIR +<\/a><\/p>\n","protected":false},"author":1,"featured_media":928,"comment_status":"open","ping_status":"open","sticky":false,"template":"","format":"standard","meta":{"_rtcl_gb_attr":"","footnotes":""},"categories":[13,7,8,15],"tags":[],"class_list":["post-980","post","type-post","status-publish","format-standard","has-post-thumbnail","hentry","category-audiovisuel","category-concert","category-danse","category-evenement"],"_links":{"self":[{"href":"https:\/\/collectifmdm-idf.org\/annuaire5\/wp-json\/wp\/v2\/posts\/980","targetHints":{"allow":["GET"]}}],"collection":[{"href":"https:\/\/collectifmdm-idf.org\/annuaire5\/wp-json\/wp\/v2\/posts"}],"about":[{"href":"https:\/\/collectifmdm-idf.org\/annuaire5\/wp-json\/wp\/v2\/types\/post"}],"author":[{"embeddable":true,"href":"https:\/\/collectifmdm-idf.org\/annuaire5\/wp-json\/wp\/v2\/users\/1"}],"replies":[{"embeddable":true,"href":"https:\/\/collectifmdm-idf.org\/annuaire5\/wp-json\/wp\/v2\/comments?post=980"}],"version-history":[{"count":0,"href":"https:\/\/collectifmdm-idf.org\/annuaire5\/wp-json\/wp\/v2\/posts\/980\/revisions"}],"wp:featuredmedia":[{"embeddable":true,"href":"https:\/\/collectifmdm-idf.org\/annuaire5\/wp-json\/wp\/v2\/media\/928"}],"wp:attachment":[{"href":"https:\/\/collectifmdm-idf.org\/annuaire5\/wp-json\/wp\/v2\/media?parent=980"}],"wp:term":[{"taxonomy":"category","embeddable":true,"href":"https:\/\/collectifmdm-idf.org\/annuaire5\/wp-json\/wp\/v2\/categories?post=980"},{"taxonomy":"post_tag","embeddable":true,"href":"https:\/\/collectifmdm-idf.org\/annuaire5\/wp-json\/wp\/v2\/tags?post=980"}],"curies":[{"name":"wp","href":"https:\/\/api.w.org\/{rel}","templated":true}]}}