{"id":964,"date":"2020-06-13T18:05:46","date_gmt":"2020-06-13T16:05:46","guid":{"rendered":"http:\/\/collectifmdm-idf.org\/?p=964"},"modified":"2021-04-30T21:16:22","modified_gmt":"2021-04-30T19:16:22","slug":"la-vie-continue-les-propositions-artistiques","status":"publish","type":"post","link":"https:\/\/collectifmdm-idf.org\/annuaire5\/la-vie-continue-les-propositions-artistiques\/","title":{"rendered":"La vie continue &#8211; les propositions artistiques 2020"},"content":{"rendered":"\n<h2 class=\"wp-block-heading\"><\/h2>\n\n\n\n<p class=\"has-medium-font-size\">Bonne nouvelle ! <\/p>\n\n\n\n<p class=\"has-medium-font-size\">La brochure de l&#8217;op\u00e9ration <strong>LA VIE CONTINUE<\/strong>, pr\u00e9sentant les diff\u00e9rentes offres artistiques pour l&#8217;\u00e9t\u00e9 2020 en \u00cele de France est consultable et <strong><\/strong><strong><\/strong> depuis le lundi 15 juin 2020.<\/p>\n\n\n\n<h2 class=\"wp-block-heading\"><\/h2>\n\n\n\n<div class=\"wp-block-pdfjsblock-pdfjs-embed pdfjs-wrapper\">[pdfjs-viewer viewer_width=0 viewer_height=800 url=https:\/\/collectifmdm-idf.org\/wp-content\/uploads\/2020\/06\/Catalogue_MDM_web.pdf download=true print=true fullscreen=true fullscreen_text=&#8221;View%20Fullscreen&#8221; zoom=page-fit ]<\/div>\n\n\n\n<h2 class=\"wp-block-heading\"><\/h2>\n\n\n\n<h2 class=\"wp-block-heading\"><\/h2>\n\n\n\n<p class=\"has-medium-font-size\">La brochure sera aussi post\u00e9e en version papier le m\u00eame jour \u00e0 destination des mairies, MJC, etc. d&#8217;\u00cele de France.<\/p>\n\n\n\n<p><\/p>\n\n\n\n<h2 class=\"wp-block-heading\"><\/h2>\n\n\n\n<h2 class=\"wp-block-heading\"><\/h2>\n\n\n\n<p class=\"has-medium-font-size\">Vous pouvez aussi consulter et t\u00e9l\u00e9charger la brochure (avec tous les liens cliquables) directement dans votre navigateur<\/p>\n\n\n\n<h2 class=\"wp-block-heading\"><\/h2>\n\n\n\n<p class=\"has-text-align-center has-large-font-size\"><strong><\/strong><\/p>\n\n\n\n<h2 class=\"wp-block-heading\"><\/h2>\n\n\n\n<hr class=\"wp-block-separator\"\/>\n\n\n\n<p class=\"has-text-align-center has-luminous-vivid-orange-color has-text-color has-medium-font-size\"><strong>&#8212;o&#8212; <\/strong><\/p>\n\n\n\n<hr class=\"wp-block-separator\"\/>\n\n\n\n<p><\/p>\n","protected":false},"excerpt":{"rendered":"<p>Bonne nouvelle ! La brochure de l&#8217;op\u00e9ration LA VIE CONTINUE, pr\u00e9sentant les diff\u00e9rentes offres artistiques pour l&#8217;\u00e9t\u00e9 2020 en \u00cele de France est consultable et depuis le lundi 15 juin 2020. La brochure sera aussi post\u00e9e en version papier le m\u00eame jour<\/p>\n<p class=\"link-more\"><a class=\"myButt \" href=\"https:\/\/collectifmdm-idf.org\/annuaire5\/la-vie-continue-les-propositions-artistiques\/\">EN SAVOIR +<\/a><\/p>\n","protected":false},"author":1,"featured_media":975,"comment_status":"open","ping_status":"open","sticky":false,"template":"","format":"standard","meta":{"_rtcl_gb_attr":"","footnotes":""},"categories":[7,8,15],"tags":[],"class_list":["post-964","post","type-post","status-publish","format-standard","has-post-thumbnail","hentry","category-concert","category-danse","category-evenement"],"_links":{"self":[{"href":"https:\/\/collectifmdm-idf.org\/annuaire5\/wp-json\/wp\/v2\/posts\/964","targetHints":{"allow":["GET"]}}],"collection":[{"href":"https:\/\/collectifmdm-idf.org\/annuaire5\/wp-json\/wp\/v2\/posts"}],"about":[{"href":"https:\/\/collectifmdm-idf.org\/annuaire5\/wp-json\/wp\/v2\/types\/post"}],"author":[{"embeddable":true,"href":"https:\/\/collectifmdm-idf.org\/annuaire5\/wp-json\/wp\/v2\/users\/1"}],"replies":[{"embeddable":true,"href":"https:\/\/collectifmdm-idf.org\/annuaire5\/wp-json\/wp\/v2\/comments?post=964"}],"version-history":[{"count":0,"href":"https:\/\/collectifmdm-idf.org\/annuaire5\/wp-json\/wp\/v2\/posts\/964\/revisions"}],"wp:featuredmedia":[{"embeddable":true,"href":"https:\/\/collectifmdm-idf.org\/annuaire5\/wp-json\/wp\/v2\/media\/975"}],"wp:attachment":[{"href":"https:\/\/collectifmdm-idf.org\/annuaire5\/wp-json\/wp\/v2\/media?parent=964"}],"wp:term":[{"taxonomy":"category","embeddable":true,"href":"https:\/\/collectifmdm-idf.org\/annuaire5\/wp-json\/wp\/v2\/categories?post=964"},{"taxonomy":"post_tag","embeddable":true,"href":"https:\/\/collectifmdm-idf.org\/annuaire5\/wp-json\/wp\/v2\/tags?post=964"}],"curies":[{"name":"wp","href":"https:\/\/api.w.org\/{rel}","templated":true}]}}