{"id":951,"date":"2020-05-27T10:37:00","date_gmt":"2020-05-27T08:37:00","guid":{"rendered":"http:\/\/collectifmdm-idf.org\/?p=951"},"modified":"2020-10-08T20:37:16","modified_gmt":"2020-10-08T18:37:16","slug":"est-ce-trop-demander-que-de-la-coherence-monsieur-le-president-monsieur-le-premier-ministre-monsieur-le-ministre","status":"publish","type":"post","link":"https:\/\/collectifmdm-idf.org\/annuaire5\/est-ce-trop-demander-que-de-la-coherence-monsieur-le-president-monsieur-le-premier-ministre-monsieur-le-ministre\/","title":{"rendered":"Est-ce trop demander que de la coh\u00e9rence, Monsieur le Pr\u00e9sident, Monsieur le Premier Ministre, Monsieur le Ministre ?"},"content":{"rendered":"\n<h2 class=\"wp-block-heading\"><\/h2>\n\n\n\n<h4 class=\"wp-block-heading\">Communiqu\u00e9 du 26 mai 2020 <\/h4>\n\n\n\n<h2 class=\"wp-block-heading\"><\/h2>\n\n\n\n<p><\/p>\n\n\n\n<h2 class=\"wp-block-heading\">Est-ce trop demander que de la coh\u00e9rence, Monsieur le Pr\u00e9sident, Monsieur le Premier Ministre, Monsieur le Ministre? <\/h2>\n\n\n\n<p class=\"has-medium-font-size\">Depuis les premi\u00e8res restrictions d\u2019activit\u00e9 des salles de spectacle, le 9 mars, les annonces pr\u00e9sidentielles et gouvernementales concernant les activit\u00e9s artistiques et culturelles s&#8217;encha\u00eenent de mani\u00e8re erratique. Comment peut-on affirmer le 16 avril que de \u00abpetits festivals\u00bb pourraient se tenir \u00e0 partir du 11 mai, comme si ces milliers d\u2019\u00e9v\u00e9nements \u00e9taient en mesure de s&#8217;adapter d&#8217;un jour \u00e0 l&#8217;autre \u00e0 de nouvelles conditions d&#8217;accueil, alors qu&#8217;aujourd\u2019hui la quasi-totalit\u00e9 des festivals d\u2019\u00e9t\u00e9 est annul\u00e9e et que les festivals d&#8217;automne n\u2019ont \u00e0 ce jour aucune visibilit\u00e9 quant aux conditions de leur tenue? <\/p>\n\n\n\n<p class=\"has-medium-font-size\">Comment peut-on annoncer le 15 mai que la F\u00eate de la musique aura bien lieu, que les parcs \u00e0 th\u00e8mes et les lieux de cultes rouvrent, alors que l\u2019ensemble de nos \u00e9tablissements sont ferm\u00e9s au public, qu\u2019aucun atelier de pratiques artistiques de proximit\u00e9 n\u2019est autoris\u00e9, qu\u2019aucune \u00e9quipe artistique n\u2019a pu r\u00e9ellement reprendre son activit\u00e9, et que la plupart des salles de spectacle ou de concert n\u2019envisagent aucune reprise possible de la diffusion avant janvier 2021 ?<\/p>\n\n\n\n<p class=\"has-medium-font-size\">Comment peut-on interdire les \u00e9v\u00e9nements de plus de 5.000 personnes jusqu\u2019au 1er septembre, les regroupements de plus de 10 personnes jusqu\u2019au 2 juin, sans limitations interm\u00e9diaires \u00e0 venir, et rouvrir le Puy du Fou?<\/p>\n\n\n\n<p class=\"has-medium-font-size\">Comment peut-on faire de telles annonces alors qu&#8217;elles sont en totale contradiction avec les protocoles sanitaires promus par le minist\u00e8re de la Culture pour l\u2019ensemble des pratiques artistiques et culturelles, pour la tenue des festivals et la r\u00e9ouverture des lieux au public ?<\/p>\n\n\n\n<p class=\"has-medium-font-size\">Comment peut-on \u00eatre autant d\u00e9connect\u00e9 de nos r\u00e9alit\u00e9s professionnelles,de nos calendriers, de nos outils de travail ?<\/p>\n\n\n\n<p class=\"has-medium-font-size\">Comment peut-on annoncer le 6 mai des mesures pour la culture (prolongation des droits pour les intermittents du spectacle, commandes publiques massives pour les cr\u00e9ateurs, fonds festivals&#8230;) et n&#8217;en n\u2019avoir, trois semaines apr\u00e8s, aucune traduction concr\u00e8te ?Comment peut-on \u00abrefonder une ambition culturelle pour la France\u00bben \u00ablib\u00e9rant les \u00e9nergies cr\u00e9atrices et en donnant aux artistes confiance et visibilit\u00e9\u00bbsans qu&#8217;aucune mesure s\u00e9rieuse de politique publique ne soit prise?<\/p>\n\n\n\n<p class=\"has-medium-font-size\">Comment peut-on annoncer pour le secteur culturel 50 millions d\u2019euros par-ci, 5 millions par-l\u00e0, alors que le tourisme, fortement d\u00e9pendant de nos activit\u00e9s, se voit proposer une enveloppe de 18 milliards?Comment peut-on si peu conna\u00eetre les domaines de la culture qui sont faits de professionnels, organis\u00e9s et structur\u00e9s ? Comment peut-on nous traiter comme des amuseurs publics, des histrions \u00e9gocentriques vivant par et pour leur passion, alors que nos activit\u00e9s ont un poids \u00e9conomique direct de 47,5 milliards d\u2019euros, soit 2,2 % de l\u2019\u00e9conomie fran\u00e7aise et concernent 2,4 % de sa population active? <\/p>\n\n\n\n<p class=\"has-medium-font-size\">Comment peut-on tenir aussi peu compte des arts et de la culture, quand ils s\u2019appuient sur les droits humains fondamentaux et revendiquent l\u2019\u00e9mancipation des personnes et le d\u00e9veloppement de leurs capacit\u00e9s? Comment peut-on privil\u00e9gier la rentabilit\u00e9 \u00e9conomique et les seules industries au d\u00e9triment de la multiplicit\u00e9 des forces citoyennes au service de l\u2019int\u00e9r\u00eat g\u00e9n\u00e9ral ? <\/p>\n\n\n\n<p class=\"has-medium-font-size\">Vos annonces distill\u00e9es au compte-goutte, contradictoires et incoh\u00e9rentes \u00e9puisent les acteurs, ajoutent de la confusion \u00e0 la situation, de la d\u00e9sesp\u00e9rance \u00e0 la fragilisation.Souhaitez-vous vraiment que le monde des arts et de la culture sorte de cette crise ? Alors, faites-le avec nous, pas contre nous !<\/p>\n\n\n\n<h2 class=\"wp-block-heading\"><\/h2>\n\n\n\n<p class=\"has-medium-font-size\">Les signataires :<\/p>\n\n\n\n<ul class=\"wp-block-list\"><li>ACTES IF-R\u00e9seau solidaire de lieux culturels franciliens<\/li><li>AJC -Association Jazz\u00e9 Crois\u00e9 <\/li><li>CITI -Centre International pour les Th\u00e9\u00e2tres Itin\u00e9rants<\/li><li>FAMDT-F\u00e9d\u00e9ration des acteurs et Actrices de Musiques et Danses Traditionnelles\uf0b7<\/li><li>FEDELIMA-F\u00e9d\u00e9ration de lieux de musiques actuelles<\/li><li>FERAROCK-F\u00e9d\u00e9ration des Radios Associatives Musiques actuelles\uf0b7<\/li><li>La F\u00e9d\u00e9ration de l&#8217;Art Urbain<\/li><li>FNAR-F\u00e9d\u00e9ration nationale des arts de la rue<\/li><li>FNEIJMA-F\u00e9d\u00e9ration Nationale des \u00c9coles d\u2019Influence Jazz et Musiques actuelles<\/li><li>France Festivals -F\u00e9d\u00e9ration des festivals de musique et du spectacle vivant<\/li><li>FRACA-MA-P\u00f4le r\u00e9gion Centre-Val de Loire musiques actuelles<\/li><li>GRAND BUREAU-R\u00e9seau musiques actuelles Auvergne-Rh\u00f4ne-Alpes<\/li><li>OCTOPUS-F\u00e9d\u00e9ration des Musiques Actuelles en Occitanie<\/li><li>OPALE-Organisation pour Projets Alternatifs d&#8217;Entreprise<\/li><li>PAM -P\u00f4le de coop\u00e9ration des Acteurs de la fili\u00e8re Musicale en R\u00e9gion Sud<\/li><li>Le P\u00f4le-P\u00f4le de coop\u00e9ration des acteurs pour les musiques actuelles en Pays de la Loire<\/li><li>RIF-R\u00e9seau des Musiques Actuelles en Ile-de-France<\/li><li>RIM\u2013R\u00e9seau des ind\u00e9pendants de la musique <\/li><li>Le R\u00e9seau Musiques Actuelles Grand Est<\/li><li>SCC -Syndicat des Compagnies et Cirque de Cr\u00e9ation<\/li><li>SMA -Syndicat des Musiques Actuelles<\/li><li>SYNAVI-Syndicat national des arts vivants<\/li><li>THEMAA-Association Nationale des Th\u00e9\u00e2tres de Marionnettes et des Arts associ\u00e9s<\/li><li>UFISC-Union F\u00e9d\u00e9rale d&#8217;Intervention des Structures Culturelles<\/li><li>ZONE FRANCHE-R\u00e9seau des musiques du monde<\/li><\/ul>\n\n\n\n<p class=\"has-text-align-center\">Cette liste sera mise \u00e0 jour r\u00e9guli\u00e8rement<\/p>\n\n\n\n<p class=\"has-text-align-right\">Communiqu\u00e9 du mardi 26 mai 2020<\/p>\n\n\n\n<h2 class=\"wp-block-heading\"><\/h2>\n\n\n\n<p class=\"has-medium-font-size\">Des ressources et informations \u00e9manant de la cellule de crise \u00ab&nbsp;Ressources et accompagnements&nbsp;\u00bb sont disponibles sur le site de l\u2019UFISC. Cette page sera r\u00e9guli\u00e8rement mise \u00e0 jour &gt;&gt;<a href=\"http:\/\/ufisc.org\/item\/357-infos-covid-19.html\" target=\"_blank\" rel=\"noreferrer noopener\"> http:\/\/ufisc.org\/item\/357-infos-covid-19.html<\/a><\/p>\n\n\n\n<p class=\"has-medium-font-size\">Rappel : le <strong><a href=\"https:\/\/collectifmdm-idf.org\/a-propos-de\/\">Collectif MDM IDF<\/a> <\/strong>est membre de la <strong><a rel=\"noreferrer noopener\" href=\"http:\/\/www.famdt.com\/\" target=\"_blank\">FAMDT<\/a><\/strong>, elle-m\u00eame membre de l\u2019<strong><a rel=\"noreferrer noopener\" href=\"http:\/\/ufisc.org\/\" target=\"_blank\">UFISC<\/a><\/strong>.<\/p>\n\n\n\n<h2 class=\"wp-block-heading\"><\/h2>\n\n\n\n<hr class=\"wp-block-separator\"\/>\n\n\n\n<p class=\"has-text-color has-text-align-center has-medium-font-size has-luminous-vivid-amber-color\"><strong>&#8212;o&#8212;<\/strong><\/p>\n\n\n\n<hr class=\"wp-block-separator\"\/>\n\n\n\n<p><\/p>\n","protected":false},"excerpt":{"rendered":"<p>Communiqu\u00e9 du 26 mai 2020 Est-ce trop demander que de la coh\u00e9rence, Monsieur le Pr\u00e9sident, Monsieur le Premier Ministre, Monsieur le Ministre? Depuis les premi\u00e8res restrictions d\u2019activit\u00e9 des salles de spectacle, le 9 mars, les annonces pr\u00e9sidentielles et gouvernementales concernant les activit\u00e9s<\/p>\n<p class=\"link-more\"><a class=\"myButt \" href=\"https:\/\/collectifmdm-idf.org\/annuaire5\/est-ce-trop-demander-que-de-la-coherence-monsieur-le-president-monsieur-le-premier-ministre-monsieur-le-ministre\/\">EN SAVOIR +<\/a><\/p>\n","protected":false},"author":1,"featured_media":830,"comment_status":"open","ping_status":"open","sticky":false,"template":"","format":"standard","meta":{"_rtcl_gb_attr":"","footnotes":""},"categories":[5,36],"tags":[],"class_list":["post-951","post","type-post","status-publish","format-standard","has-post-thumbnail","hentry","category-breves","category-communiques"],"_links":{"self":[{"href":"https:\/\/collectifmdm-idf.org\/annuaire5\/wp-json\/wp\/v2\/posts\/951","targetHints":{"allow":["GET"]}}],"collection":[{"href":"https:\/\/collectifmdm-idf.org\/annuaire5\/wp-json\/wp\/v2\/posts"}],"about":[{"href":"https:\/\/collectifmdm-idf.org\/annuaire5\/wp-json\/wp\/v2\/types\/post"}],"author":[{"embeddable":true,"href":"https:\/\/collectifmdm-idf.org\/annuaire5\/wp-json\/wp\/v2\/users\/1"}],"replies":[{"embeddable":true,"href":"https:\/\/collectifmdm-idf.org\/annuaire5\/wp-json\/wp\/v2\/comments?post=951"}],"version-history":[{"count":0,"href":"https:\/\/collectifmdm-idf.org\/annuaire5\/wp-json\/wp\/v2\/posts\/951\/revisions"}],"wp:featuredmedia":[{"embeddable":true,"href":"https:\/\/collectifmdm-idf.org\/annuaire5\/wp-json\/wp\/v2\/media\/830"}],"wp:attachment":[{"href":"https:\/\/collectifmdm-idf.org\/annuaire5\/wp-json\/wp\/v2\/media?parent=951"}],"wp:term":[{"taxonomy":"category","embeddable":true,"href":"https:\/\/collectifmdm-idf.org\/annuaire5\/wp-json\/wp\/v2\/categories?post=951"},{"taxonomy":"post_tag","embeddable":true,"href":"https:\/\/collectifmdm-idf.org\/annuaire5\/wp-json\/wp\/v2\/tags?post=951"}],"curies":[{"name":"wp","href":"https:\/\/api.w.org\/{rel}","templated":true}]}}