{"id":9303,"date":"2023-03-13T13:59:08","date_gmt":"2023-03-13T12:59:08","guid":{"rendered":"https:\/\/collectifmdm-idf.org\/?p=9303"},"modified":"2024-02-20T13:00:54","modified_gmt":"2024-02-20T12:00:54","slug":"rencontre-professionnelle-jeune-public","status":"publish","type":"post","link":"https:\/\/collectifmdm-idf.org\/annuaire5\/rencontre-professionnelle-jeune-public\/","title":{"rendered":"Rencontre professionnelle &#8220;Jeune public&#8221;"},"content":{"rendered":"\t\t<div data-elementor-type=\"wp-post\" data-elementor-id=\"9303\" class=\"elementor elementor-9303\">\n\t\t\t\t\t\t<section class=\"elementor-section elementor-top-section elementor-element elementor-element-08b76f4 elementor-section-boxed elementor-section-height-default elementor-section-height-default\" data-id=\"08b76f4\" data-element_type=\"section\">\n\t\t\t\t\t\t<div class=\"elementor-container elementor-column-gap-default\">\n\t\t\t\t\t<div class=\"elementor-column elementor-col-100 elementor-top-column elementor-element elementor-element-207f8b4\" data-id=\"207f8b4\" data-element_type=\"column\">\n\t\t\t<div class=\"elementor-widget-wrap elementor-element-populated\">\n\t\t\t\t\t\t<div class=\"elementor-element elementor-element-3cdd0a7 elementor-widget elementor-widget-image\" data-id=\"3cdd0a7\" data-element_type=\"widget\" data-widget_type=\"image.default\">\n\t\t\t\t<div class=\"elementor-widget-container\">\n\t\t\t\t\t\t\t\t\t\t\t\t\t<img fetchpriority=\"high\" decoding=\"async\" width=\"1200\" height=\"628\" src=\"https:\/\/collectifmdm-idf.org\/annuaire5\/wp-content\/uploads\/2023\/03\/BABEL-MOMES-EVENT-FB.jpg\" class=\"attachment-full size-full wp-image-9305\" alt=\"\" srcset=\"https:\/\/collectifmdm-idf.org\/annuaire5\/wp-content\/uploads\/2023\/03\/BABEL-MOMES-EVENT-FB.jpg 1200w, https:\/\/collectifmdm-idf.org\/annuaire5\/wp-content\/uploads\/2023\/03\/BABEL-MOMES-EVENT-FB-300x157.jpg 300w, https:\/\/collectifmdm-idf.org\/annuaire5\/wp-content\/uploads\/2023\/03\/BABEL-MOMES-EVENT-FB-1024x536.jpg 1024w, https:\/\/collectifmdm-idf.org\/annuaire5\/wp-content\/uploads\/2023\/03\/BABEL-MOMES-EVENT-FB-768x402.jpg 768w\" sizes=\"(max-width: 1200px) 100vw, 1200px\" title=\"\" \/>\t\t\t\t\t\t\t\t\t\t\t\t\t<\/div>\n\t\t\t\t<\/div>\n\t\t\t\t\t<\/div>\n\t\t<\/div>\n\t\t\t\t\t<\/div>\n\t\t<\/section>\n\t\t\t\t<section class=\"elementor-section elementor-top-section elementor-element elementor-element-19fd62e elementor-section-boxed elementor-section-height-default elementor-section-height-default\" data-id=\"19fd62e\" data-element_type=\"section\">\n\t\t\t\t\t\t<div class=\"elementor-container elementor-column-gap-default\">\n\t\t\t\t\t<div class=\"elementor-column elementor-col-100 elementor-top-column elementor-element elementor-element-24f9586\" data-id=\"24f9586\" data-element_type=\"column\">\n\t\t\t<div class=\"elementor-widget-wrap elementor-element-populated\">\n\t\t\t\t\t\t<div class=\"elementor-element elementor-element-699cf86 elementor-widget elementor-widget-heading\" data-id=\"699cf86\" data-element_type=\"widget\" data-widget_type=\"heading.default\">\n\t\t\t\t<div class=\"elementor-widget-container\">\n\t\t\t<h2 class=\"elementor-heading-title elementor-size-default\">Rencontre professionnelle \"Jeune public\" \n\n<span style=\"font-family: var( --e-global-typography-primary-font-family ), Sans-serif;font-size: 28px;font-style: normal;font-weight: var( --e-global-typography-primary-font-weight )\">\u2022 <\/span>Jeudi 6 avril \u2022 P\u00e9niche Anako<\/h2>\t\t<\/div>\n\t\t\t\t<\/div>\n\t\t\t\t\t<\/div>\n\t\t<\/div>\n\t\t\t\t\t<\/div>\n\t\t<\/section>\n\t\t\t\t<section class=\"elementor-section elementor-top-section elementor-element elementor-element-143fc42 elementor-section-boxed elementor-section-height-default elementor-section-height-default\" data-id=\"143fc42\" data-element_type=\"section\">\n\t\t\t\t\t\t<div class=\"elementor-container elementor-column-gap-default\">\n\t\t\t\t\t<div class=\"elementor-column elementor-col-100 elementor-top-column elementor-element elementor-element-6062965\" data-id=\"6062965\" data-element_type=\"column\">\n\t\t\t<div class=\"elementor-widget-wrap elementor-element-populated\">\n\t\t\t\t\t\t<div class=\"elementor-element elementor-element-9afb0d1 elementor-widget elementor-widget-heading\" data-id=\"9afb0d1\" data-element_type=\"widget\" data-widget_type=\"heading.default\">\n\t\t\t\t<div class=\"elementor-widget-container\">\n\t\t\t<h5 class=\"elementor-heading-title elementor-size-default\">Ap\u00e9ro d\u00e9jeunatoire \u00e0 partir de midi \u2022 Atelier de 14h \u00e0 16h45<\/h5>\t\t<\/div>\n\t\t\t\t<\/div>\n\t\t\t\t\t<\/div>\n\t\t<\/div>\n\t\t\t\t\t<\/div>\n\t\t<\/section>\n\t\t\t\t<section class=\"elementor-section elementor-top-section elementor-element elementor-element-1b32a3d elementor-section-boxed elementor-section-height-default elementor-section-height-default\" data-id=\"1b32a3d\" data-element_type=\"section\">\n\t\t\t\t\t\t<div class=\"elementor-container elementor-column-gap-default\">\n\t\t\t\t\t<div class=\"elementor-column elementor-col-100 elementor-top-column elementor-element elementor-element-d100419\" data-id=\"d100419\" data-element_type=\"column\">\n\t\t\t<div class=\"elementor-widget-wrap elementor-element-populated\">\n\t\t\t\t\t\t<div class=\"elementor-element elementor-element-0749b77 elementor-widget elementor-widget-text-editor\" data-id=\"0749b77\" data-element_type=\"widget\" data-widget_type=\"text-editor.default\">\n\t\t\t\t<div class=\"elementor-widget-container\">\n\t\t\t\t\t\t\t<p><em><span style=\"color: #000000;\"><b>Dans le cadre de <span style=\"color: #e86123;\"><a style=\"color: #e86123;\" href=\"https:\/\/www.villesdesmusiquesdumonde.com\/festival\/jeune-public\/\" target=\"_blank\" rel=\"noopener\">Babel M\u00f4mes<\/a> <\/span>et <span style=\"color: #e86123;\"><a style=\"color: #e86123;\" href=\"https:\/\/www.babelminots.com\/\" target=\"_blank\" rel=\"noopener\">Minots<\/a><\/span>, Le Collectif MDM IdF en partenariat avec <span style=\"color: #e86123;\"><a style=\"color: #e86123;\" href=\"https:\/\/www.ramdam.pro\/\" target=\"_blank\" rel=\"noopener\">RamDam<\/a><\/span> et la <span style=\"color: #e86123;\"><a style=\"color: #e86123;\" href=\"https:\/\/www.famdt.com\/\" target=\"_blank\" rel=\"noopener\">FAMDT<\/a><\/span> vous proposent :<br \/><\/b><\/span><\/em><\/p><p style=\"font-weight: 400;\"><span style=\"color: #000000;\"><strong>\u2022 Une table ronde :<\/strong> Les musiques traditionnelles et du monde \u00e0 l&#8217;\u00e9preuve du jeune public.<\/span><br \/><span style=\"color: #000000;\"><strong>\u2022 Un atelier d&#8217;id\u00e9es :<\/strong> Vers un nouvel appel \u00e0 projets jeune public \u00e0 co-construire.<\/span><b><\/b><\/p>\t\t\t\t\t\t<\/div>\n\t\t\t\t<\/div>\n\t\t\t\t\t<\/div>\n\t\t<\/div>\n\t\t\t\t\t<\/div>\n\t\t<\/section>\n\t\t\t\t<section class=\"elementor-section elementor-top-section elementor-element elementor-element-25380f2 elementor-section-boxed elementor-section-height-default elementor-section-height-default\" data-id=\"25380f2\" data-element_type=\"section\">\n\t\t\t\t\t\t<div class=\"elementor-container elementor-column-gap-default\">\n\t\t\t\t\t<div class=\"elementor-column elementor-col-100 elementor-top-column elementor-element elementor-element-8d39bb5\" data-id=\"8d39bb5\" data-element_type=\"column\">\n\t\t\t<div class=\"elementor-widget-wrap elementor-element-populated\">\n\t\t\t\t\t\t<div class=\"elementor-element elementor-element-d2d0a6d elementor-widget elementor-widget-text-editor\" data-id=\"d2d0a6d\" data-element_type=\"widget\" data-widget_type=\"text-editor.default\">\n\t\t\t\t<div class=\"elementor-widget-container\">\n\t\t\t\t\t\t\t<p><span style=\"color: #000000;\"><strong>\u2022 14h \/ 15h :<\/strong> Etat des lieux sur le spectacle jeune public aujourd\u2019hui, et sur la place des musiques et danses traditionnelles et du monde en particulier. Constats et \u00e9volution depuis 10 ans.<\/span><\/p><p><i><span style=\"color: #000000;\"><b>Avec Camille Soler (Ramdam), Kamel Dafri (Villes des musiques du monde), Nathalie Dechandon (FAMDT), Sophie Im (JMFrance),\u00a0<\/b><\/span><\/i><span style=\"color: #000000;\"><b><i>Elodie Milot (artiste) et Dani\u00e8le Gambino (Traffix Music).<\/i><\/b><\/span><\/p><p><span style=\"font-size: 16px; color: #000000;\"><strong><span style=\"color: #000000;\">\u2022 <\/span>15h15 \/ 16h45 :<\/strong> Partage et mise en d\u00e9bat d&#8217;une proposition de lancement d\u2019un nouvel appel \u00e0 projets jeune public pour accompagner le d\u00e9veloppement et la mise en r\u00e9seau de projets jeune public existants, dans le secteur des musiques et danses traditionnelles et du monde.<\/span><\/p><p><strong><span style=\"color: #000000;\">\u2022 <\/span>Lieu : <span style=\"color: #e86123;\"><a style=\"color: #e86123;\" href=\"https:\/\/penicheanako.org\/\" target=\"_blank\" rel=\"noopener\">P\u00e9niche Anako<\/a><\/span><\/strong><br \/>Bassin de la Villette<br \/>face au 34 quai de la Loire<br \/>75019 PARIS<br \/>M\u00e9tro Stalingrad ou Jaur\u00e8s<\/p>\t\t\t\t\t\t<\/div>\n\t\t\t\t<\/div>\n\t\t\t\t\t<\/div>\n\t\t<\/div>\n\t\t\t\t\t<\/div>\n\t\t<\/section>\n\t\t\t\t<section class=\"elementor-section elementor-top-section elementor-element elementor-element-99d4d68 elementor-section-boxed elementor-section-height-default elementor-section-height-default\" data-id=\"99d4d68\" data-element_type=\"section\">\n\t\t\t\t\t\t<div class=\"elementor-container elementor-column-gap-default\">\n\t\t\t\t\t<div class=\"elementor-column elementor-col-50 elementor-top-column elementor-element elementor-element-72c36b0\" data-id=\"72c36b0\" data-element_type=\"column\">\n\t\t\t<div class=\"elementor-widget-wrap elementor-element-populated\">\n\t\t\t\t\t\t<div class=\"elementor-element elementor-element-96e60b1 elementor-widget elementor-widget-text-editor\" data-id=\"96e60b1\" data-element_type=\"widget\" data-widget_type=\"text-editor.default\">\n\t\t\t\t<div class=\"elementor-widget-container\">\n\t\t\t\t\t\t\t<p><span style=\"color: #000000;\"><strong>Inscription obligatoire avant le 30 mars<\/strong><\/span><strong><\/strong><\/p>\t\t\t\t\t\t<\/div>\n\t\t\t\t<\/div>\n\t\t\t\t\t<\/div>\n\t\t<\/div>\n\t\t\t\t<div class=\"elementor-column elementor-col-50 elementor-top-column elementor-element elementor-element-dc6d52b\" data-id=\"dc6d52b\" data-element_type=\"column\">\n\t\t\t<div class=\"elementor-widget-wrap elementor-element-populated\">\n\t\t\t\t\t\t<div class=\"elementor-element elementor-element-18b13fe elementor-align-center elementor-widget elementor-widget-button\" data-id=\"18b13fe\" data-element_type=\"widget\" data-widget_type=\"button.default\">\n\t\t\t\t<div class=\"elementor-widget-container\">\n\t\t\t\t\t\t\t<div class=\"elementor-button-wrapper\">\n\t\t\t\t\t<a class=\"elementor-button elementor-button-link elementor-size-sm\" href=\"https:\/\/forms.gle\/9vRapaVuenJ4XMabA\" target=\"_blank\">\n\t\t\t\t\t\t<span class=\"elementor-button-content-wrapper\">\n\t\t\t\t\t\t\t\t\t<span class=\"elementor-button-text\">FORMULAIRE<\/span>\n\t\t\t\t\t<\/span>\n\t\t\t\t\t<\/a>\n\t\t\t\t<\/div>\n\t\t\t\t\t\t<\/div>\n\t\t\t\t<\/div>\n\t\t\t\t\t<\/div>\n\t\t<\/div>\n\t\t\t\t\t<\/div>\n\t\t<\/section>\n\t\t\t\t<section class=\"elementor-section elementor-top-section elementor-element elementor-element-ba7354a elementor-section-boxed elementor-section-height-default elementor-section-height-default\" data-id=\"ba7354a\" data-element_type=\"section\">\n\t\t\t\t\t\t<div class=\"elementor-container elementor-column-gap-default\">\n\t\t\t\t\t<div class=\"elementor-column elementor-col-100 elementor-top-column elementor-element elementor-element-0c52ea1\" data-id=\"0c52ea1\" data-element_type=\"column\">\n\t\t\t<div class=\"elementor-widget-wrap elementor-element-populated\">\n\t\t\t\t\t\t<div class=\"elementor-element elementor-element-d499361 elementor-widget-divider--view-line elementor-widget elementor-widget-divider\" data-id=\"d499361\" data-element_type=\"widget\" data-widget_type=\"divider.default\">\n\t\t\t\t<div class=\"elementor-widget-container\">\n\t\t\t\t\t<div class=\"elementor-divider\">\n\t\t\t<span class=\"elementor-divider-separator\">\n\t\t\t\t\t\t<\/span>\n\t\t<\/div>\n\t\t\t\t<\/div>\n\t\t\t\t<\/div>\n\t\t\t\t\t<\/div>\n\t\t<\/div>\n\t\t\t\t\t<\/div>\n\t\t<\/section>\n\t\t\t\t<section class=\"elementor-section elementor-top-section elementor-element elementor-element-f52b96c elementor-section-boxed elementor-section-height-default elementor-section-height-default\" data-id=\"f52b96c\" data-element_type=\"section\">\n\t\t\t\t\t\t<div class=\"elementor-container elementor-column-gap-default\">\n\t\t\t\t\t<div class=\"elementor-column elementor-col-50 elementor-top-column elementor-element elementor-element-e9cae3b\" data-id=\"e9cae3b\" data-element_type=\"column\">\n\t\t\t<div class=\"elementor-widget-wrap elementor-element-populated\">\n\t\t\t\t\t\t<div class=\"elementor-element elementor-element-4c80faa elementor-widget elementor-widget-text-editor\" data-id=\"4c80faa\" data-element_type=\"widget\" data-widget_type=\"text-editor.default\">\n\t\t\t\t<div class=\"elementor-widget-container\">\n\t\t\t\t\t\t\t<p><span style=\"color: #000000;\">D\u00e9couvrez avant la rencontre,\u00a0<strong>\u00e0 c\u00f4t\u00e9 de la\u00a0<a href=\"https:\/\/penicheanako.org\/\" target=\"_blank\" rel=\"noopener\"><span style=\"color: #e86123;\">P\u00e9niche Anako<\/span><\/a><\/strong><b>,\u00a0<\/b>le spectacle<strong>\u00a0Dodo Ti Baba,\u00a0<\/strong>\u00e0 11h au\u00a0<span style=\"color: #e86123;\"><a style=\"color: #e86123;\" href=\"https:\/\/www.cafezoide.fr\/\" target=\"_blank\" rel=\"noopener\"><strong>Caf\u00e9zo\u00efde<\/strong><\/a><\/span><\/span><\/p>\t\t\t\t\t\t<\/div>\n\t\t\t\t<\/div>\n\t\t\t\t\t<\/div>\n\t\t<\/div>\n\t\t\t\t<div class=\"elementor-column elementor-col-50 elementor-top-column elementor-element elementor-element-91738e6\" data-id=\"91738e6\" data-element_type=\"column\">\n\t\t\t<div class=\"elementor-widget-wrap elementor-element-populated\">\n\t\t\t\t\t\t<div class=\"elementor-element elementor-element-b6826ad elementor-align-center elementor-widget elementor-widget-button\" data-id=\"b6826ad\" data-element_type=\"widget\" data-widget_type=\"button.default\">\n\t\t\t\t<div class=\"elementor-widget-container\">\n\t\t\t\t\t\t\t<div class=\"elementor-button-wrapper\">\n\t\t\t\t\t<a class=\"elementor-button elementor-button-link elementor-size-sm\" href=\"https:\/\/www.villesdesmusiquesdumonde.com\/dates\/dodo-ti-baba-2\/\" target=\"_blank\">\n\t\t\t\t\t\t<span class=\"elementor-button-content-wrapper\">\n\t\t\t\t\t\t\t\t\t<span class=\"elementor-button-text\">+ D'INFOS<\/span>\n\t\t\t\t\t<\/span>\n\t\t\t\t\t<\/a>\n\t\t\t\t<\/div>\n\t\t\t\t\t\t<\/div>\n\t\t\t\t<\/div>\n\t\t\t\t\t<\/div>\n\t\t<\/div>\n\t\t\t\t\t<\/div>\n\t\t<\/section>\n\t\t\t\t<\/div>\n\t\t","protected":false},"excerpt":{"rendered":"<p>Rencontre professionnelle &#8220;Jeune public&#8221; \u2022 Jeudi 6 avril \u2022 P\u00e9niche Anako Ap\u00e9ro d\u00e9jeunatoire \u00e0 partir de midi \u2022 Atelier de 14h \u00e0 16h45 Dans le cadre de Babel M\u00f4mes et Minots, Le Collectif MDM IdF en partenariat avec RamDam et la FAMDT<\/p>\n<p class=\"link-more\"><a class=\"myButt \" href=\"https:\/\/collectifmdm-idf.org\/annuaire5\/rencontre-professionnelle-jeune-public\/\">EN SAVOIR +<\/a><\/p>\n","protected":false},"author":1,"featured_media":0,"comment_status":"open","ping_status":"open","sticky":false,"template":"elementor_header_footer","format":"standard","meta":{"_rtcl_gb_attr":"","footnotes":""},"categories":[178,9],"tags":[181,179,180],"class_list":["post-9303","post","type-post","status-publish","format-standard","hentry","category-jeune-public","category-rencontres","tag-babel-momes","tag-jeune-public","tag-rencontre-professionnelle"],"_links":{"self":[{"href":"https:\/\/collectifmdm-idf.org\/annuaire5\/wp-json\/wp\/v2\/posts\/9303","targetHints":{"allow":["GET"]}}],"collection":[{"href":"https:\/\/collectifmdm-idf.org\/annuaire5\/wp-json\/wp\/v2\/posts"}],"about":[{"href":"https:\/\/collectifmdm-idf.org\/annuaire5\/wp-json\/wp\/v2\/types\/post"}],"author":[{"embeddable":true,"href":"https:\/\/collectifmdm-idf.org\/annuaire5\/wp-json\/wp\/v2\/users\/1"}],"replies":[{"embeddable":true,"href":"https:\/\/collectifmdm-idf.org\/annuaire5\/wp-json\/wp\/v2\/comments?post=9303"}],"version-history":[{"count":1,"href":"https:\/\/collectifmdm-idf.org\/annuaire5\/wp-json\/wp\/v2\/posts\/9303\/revisions"}],"predecessor-version":[{"id":13835,"href":"https:\/\/collectifmdm-idf.org\/annuaire5\/wp-json\/wp\/v2\/posts\/9303\/revisions\/13835"}],"wp:attachment":[{"href":"https:\/\/collectifmdm-idf.org\/annuaire5\/wp-json\/wp\/v2\/media?parent=9303"}],"wp:term":[{"taxonomy":"category","embeddable":true,"href":"https:\/\/collectifmdm-idf.org\/annuaire5\/wp-json\/wp\/v2\/categories?post=9303"},{"taxonomy":"post_tag","embeddable":true,"href":"https:\/\/collectifmdm-idf.org\/annuaire5\/wp-json\/wp\/v2\/tags?post=9303"}],"curies":[{"name":"wp","href":"https:\/\/api.w.org\/{rel}","templated":true}]}}