{"id":927,"date":"2020-05-29T18:23:29","date_gmt":"2020-05-29T16:23:29","guid":{"rendered":"http:\/\/collectifmdm-idf.org\/?p=927"},"modified":"2021-01-13T18:24:36","modified_gmt":"2021-01-13T17:24:36","slug":"la-vie-continue-presente-salons-de-musiques-tous-les-mardis-de-juin-2020-a-19h-sur-zoom","status":"publish","type":"post","link":"https:\/\/collectifmdm-idf.org\/annuaire5\/la-vie-continue-presente-salons-de-musiques-tous-les-mardis-de-juin-2020-a-19h-sur-zoom\/","title":{"rendered":"LA VIE CONTINUE pr\u00e9sente SALONS DE MUSIQUES Tous les mardis de juin 2020 \u00e0 19h sur ZOOM\u2026"},"content":{"rendered":"\n<h2 class=\"wp-block-heading\"><\/h2>\n\n\n\n<p class=\"has-text-align-center has-medium-font-size\">LA VIE CONTINUE pr\u00e9sente <strong>SALONS DE MUSIQUES<\/strong><br><a rel=\"noreferrer noopener\" target=\"_blank\" href=\"https:\/\/www.facebook.com\/hashtag\/scenefrancaise?__eep__=6\">#SceneFrancaise<\/a><br><strong>Tous les mardis de juin 2020 \u00e0 19h sur ZOOM\u2026<\/strong><br>LAISSEZ-VOUS SURPRENDRE !<br>\ud83c\udfe0\ud83c\udfa7\ud83c\udf77\ud83d\udecb\ud83c\udfb8\ud83d\udc40\ud83c\udfe0\ud83c\udfa7\ud83c\udf77\ud83d\udecb\ud83c\udfb8\ud83d\udc40\ud83c\udfe0\ud83c\udfa7\ud83c\udf77\ud83d\udecb\ud83c\udfb8\ud83d\udc40<\/p>\n\n\n\n<h2 class=\"wp-block-heading\"><\/h2>\n\n\n\n<p class=\"has-medium-font-size\">Fen\u00eatres ouvertes sur le monde, les <strong>Salons de Musiques<\/strong> sont des lieux de partage et d\u2019\u00e9change, o\u00f9 l\u2019on cr\u00e9e de nouveaux rituels : de la musique, des pens\u00e9es, des po\u00e8mes, tous les ingr\u00e9dients d\u2019une recette joyeuse pour r\u00eaver et cr\u00e9er demain.<\/p>\n\n\n\n<h2 class=\"wp-block-heading\"><\/h2>\n\n\n\n<p class=\"has-medium-font-size\">Pourquoi ZOOM ?<\/p>\n\n\n\n<h2 class=\"wp-block-heading\"><\/h2>\n\n\n\n<p class=\"has-medium-font-size\">Parce que vous voir est important pour les artistes, alors si nous choisissons une plateforme de visio-conf\u00e9rence, nous serons tous ensemble : La musique, comme le monde, se cr\u00e9e ensemble, de nos regards, de nos \u00e9changes, de nos r\u00eaves.<\/p>\n\n\n\n<p class=\"has-medium-font-size\">Participez au concert gratuitement via ce lien : <\/p>\n\n\n\n<p class=\"has-medium-font-size\"><s>https:\/\/us04web.zoom.us\/j\/5121691084?pwd=NnB0eVNiN1NBZXh5QWtINFhiQ0F3Zz09 <\/s>    <\/p>\n\n\n\n<p class=\"has-medium-font-size\">&#8211; ID de r\u00e9union :<s> <strong>512 169 1084<\/strong><\/s><\/p>\n\n\n\n<h2 class=\"wp-block-heading\"><\/h2>\n\n\n\n<hr class=\"wp-block-separator\"\/>\n\n\n\n<p class=\"has-medium-font-size\">\ud83d\udce3 <strong>Rediffusion sur Radio Terre de Mixes de la MJC Limours<\/strong> <\/p>\n\n\n\n<p class=\"has-text-align-center has-medium-font-size\">les jeudis \u00e0 19h00 \u00e0 partir du 11 juin <\/p>\n\n\n\n<p class=\"has-text-align-center has-medium-font-size\"><a href=\"https:\/\/www.mjclimours.fr\/radio-terre-de-mixes\/\" target=\"_blank\" rel=\"noreferrer noopener\">https:\/\/www.mjclimours.fr\/radio-terre-de-mixes\/<\/a><\/p>\n\n\n\n<hr class=\"wp-block-separator\"\/>\n\n\n\n<div class=\"wp-block-group is-layout-flow wp-block-group-is-layout-flow\"><div class=\"wp-block-group__inner-container\"><\/div><\/div>\n\n\n\n<h2 class=\"wp-block-heading\"><\/h2>\n\n\n\n<p class=\"has-text-align-center has-medium-font-size\"><strong>\ud83d\udd25 Les rendez-vous \ud83d\udd25<\/strong><\/p>\n\n\n\n<p class=\"has-text-align-center has-medium-font-size\"><a href=\"https:\/\/collectifmdm-idf.org\/2020\/06\/03\/salon-de-musique-la-vie-continue-1-serenades-urbaines-de-souffle-en-souffle\/\">Salon de Musique #1 : Mardi 2 juin<\/a><\/p>\n\n\n\n<div class=\"wp-block-image\"><figure class=\"aligncenter size-large\"><a href=\"https:\/\/collectifmdm-idf.org\/2020\/06\/03\/salon-de-musique-la-vie-continue-1-serenades-urbaines-de-souffle-en-souffle\/\"><img fetchpriority=\"high\" decoding=\"async\" width=\"500\" height=\"500\" src=\"https:\/\/collectifmdm-idf.org\/wp-content\/uploads\/2020\/05\/Salons_de_Musiques11.gif\" alt=\"\" class=\"wp-image-928\"\/><\/a><\/figure><\/div>\n\n\n\n<p class=\"has-text-align-center has-medium-font-size\"><a href=\"https:\/\/collectifmdm-idf.org\/2020\/06\/10\/salon-de-musique-la-vie-continue-2-serenades-urbaines-au-creux-de-loreille\/\">Salon de Musique #2 : Mardi 9 juin<\/a><\/p>\n\n\n\n<div class=\"wp-block-image\"><figure class=\"aligncenter size-large\"><a href=\"https:\/\/collectifmdm-idf.org\/2020\/06\/10\/salon-de-musique-la-vie-continue-2-serenades-urbaines-au-creux-de-loreille\/\"><img decoding=\"async\" width=\"500\" height=\"500\" src=\"https:\/\/collectifmdm-idf.org\/wp-content\/uploads\/2020\/06\/LCV-2-anim\u00e9.gif\" alt=\"\" class=\"wp-image-989\"\/><\/a><\/figure><\/div>\n\n\n\n<p class=\"has-text-align-center has-medium-font-size\"><a href=\"https:\/\/collectifmdm-idf.org\/2020\/06\/15\/salon-de-musique-la-vie-continue-3-serenades-urbaines-la-melodie-des-mots\/\">Salon de Musique #3 : Mardi 16 juin<\/a><\/p>\n\n\n\n<div class=\"wp-block-image\"><figure class=\"aligncenter size-large\"><a href=\"https:\/\/collectifmdm-idf.org\/2020\/06\/15\/salon-de-musique-la-vie-continue-3-serenades-urbaines-la-melodie-des-mots\/\"><img decoding=\"async\" width=\"500\" height=\"500\" src=\"https:\/\/collectifmdm-idf.org\/wp-content\/uploads\/2020\/06\/LVC-3-gif.gif\" alt=\"LVC-3-gif\" class=\"wp-image-1034\"\/><\/a><figcaption>\nSalon de Musique \u2013 La Vie Continue #3 \u2013 mardi 16 juin 2020 \u2013 S\u00e9r\u00e9nades Urbaines \u2013 La m\u00e9lodie des mots\n<\/figcaption><\/figure><\/div>\n\n\n\n<p class=\"has-text-align-center has-medium-font-size\"><a href=\"https:\/\/collectifmdm-idf.org\/2020\/06\/23\/salon-de-musique-la-vie-continue-4-mardi-23-juin-2020-serenades-urbaines-de-vents-en-oceans\/\">Salon de Musique #4 : Mardi 23 juin<\/a><\/p>\n\n\n\n<div class=\"wp-block-image\"><figure class=\"aligncenter size-large is-resized\"><a href=\"https:\/\/collectifmdm-idf.org\/2020\/06\/23\/salon-de-musique-la-vie-continue-4-mardi-23-juin-2020-serenades-urbaines-de-vents-en-oceans\/\"><img loading=\"lazy\" decoding=\"async\" src=\"https:\/\/collectifmdm-idf.org\/wp-content\/uploads\/2020\/06\/lvc4-gif.gif\" alt=\"lvc4-gif\" class=\"wp-image-1049\" width=\"505\" height=\"505\"\/><\/a><figcaption>\nSalon de Musique \u2013 La Vie Continue #4 \u2013 mardi 23 juin 2020 \u2013 S\u00e9r\u00e9nades Urbaines \u2013 De vents en oc\u00e9ans\n<\/figcaption><\/figure><\/div>\n\n\n\n<h2 class=\"wp-block-heading\"><\/h2>\n\n\n\n<p class=\"has-medium-font-size\">Propos\u00e9s dans le cadre de LA VIE CONTINUE du <strong>Collectif Musiques et Danses du Monde en \u00cele de France<\/strong> en partenariat avec <strong>Villes des Musiques du Monde<\/strong> et sous l&#8217;impulsion de l\u2019artiste Ninon Valder.<\/p>\n\n\n\n<h2 class=\"wp-block-heading\"><\/h2>\n\n\n\n<hr class=\"wp-block-separator\"\/>\n\n\n\n<h4 class=\"has-text-align-center has-luminous-vivid-orange-color has-text-color wp-block-heading\"><strong>&#8212;o&#8212;<\/strong><\/h4>\n\n\n\n<hr class=\"wp-block-separator\"\/>\n\n\n\n<h2 class=\"wp-block-heading\"><\/h2>\n","protected":false},"excerpt":{"rendered":"<p>LA VIE CONTINUE pr\u00e9sente SALONS DE MUSIQUES#SceneFrancaiseTous les mardis de juin 2020 \u00e0 19h sur ZOOM\u2026LAISSEZ-VOUS SURPRENDRE !\ud83c\udfe0\ud83c\udfa7\ud83c\udf77\ud83d\udecb\ud83c\udfb8\ud83d\udc40\ud83c\udfe0\ud83c\udfa7\ud83c\udf77\ud83d\udecb\ud83c\udfb8\ud83d\udc40\ud83c\udfe0\ud83c\udfa7\ud83c\udf77\ud83d\udecb\ud83c\udfb8\ud83d\udc40 Fen\u00eatres ouvertes sur le monde, les Salons de Musiques sont des lieux de partage et d\u2019\u00e9change, o\u00f9 l\u2019on cr\u00e9e de nouveaux rituels : de<\/p>\n<p class=\"link-more\"><a class=\"myButt \" href=\"https:\/\/collectifmdm-idf.org\/annuaire5\/la-vie-continue-presente-salons-de-musiques-tous-les-mardis-de-juin-2020-a-19h-sur-zoom\/\">EN SAVOIR +<\/a><\/p>\n","protected":false},"author":1,"featured_media":958,"comment_status":"open","ping_status":"open","sticky":false,"template":"","format":"standard","meta":{"_rtcl_gb_attr":"","footnotes":""},"categories":[13,7,8,15],"tags":[],"class_list":["post-927","post","type-post","status-publish","format-standard","has-post-thumbnail","hentry","category-audiovisuel","category-concert","category-danse","category-evenement"],"_links":{"self":[{"href":"https:\/\/collectifmdm-idf.org\/annuaire5\/wp-json\/wp\/v2\/posts\/927","targetHints":{"allow":["GET"]}}],"collection":[{"href":"https:\/\/collectifmdm-idf.org\/annuaire5\/wp-json\/wp\/v2\/posts"}],"about":[{"href":"https:\/\/collectifmdm-idf.org\/annuaire5\/wp-json\/wp\/v2\/types\/post"}],"author":[{"embeddable":true,"href":"https:\/\/collectifmdm-idf.org\/annuaire5\/wp-json\/wp\/v2\/users\/1"}],"replies":[{"embeddable":true,"href":"https:\/\/collectifmdm-idf.org\/annuaire5\/wp-json\/wp\/v2\/comments?post=927"}],"version-history":[{"count":0,"href":"https:\/\/collectifmdm-idf.org\/annuaire5\/wp-json\/wp\/v2\/posts\/927\/revisions"}],"wp:featuredmedia":[{"embeddable":true,"href":"https:\/\/collectifmdm-idf.org\/annuaire5\/wp-json\/wp\/v2\/media\/958"}],"wp:attachment":[{"href":"https:\/\/collectifmdm-idf.org\/annuaire5\/wp-json\/wp\/v2\/media?parent=927"}],"wp:term":[{"taxonomy":"category","embeddable":true,"href":"https:\/\/collectifmdm-idf.org\/annuaire5\/wp-json\/wp\/v2\/categories?post=927"},{"taxonomy":"post_tag","embeddable":true,"href":"https:\/\/collectifmdm-idf.org\/annuaire5\/wp-json\/wp\/v2\/tags?post=927"}],"curies":[{"name":"wp","href":"https:\/\/api.w.org\/{rel}","templated":true}]}}