{"id":902,"date":"2020-06-30T19:00:00","date_gmt":"2020-06-30T17:00:00","guid":{"rendered":"http:\/\/collectifmdm-idf.org\/?p=902"},"modified":"2020-06-30T22:37:20","modified_gmt":"2020-06-30T20:37:20","slug":"synthese-des-mesures-parministere-et-organisation-au-7-mai-2020","status":"publish","type":"post","link":"https:\/\/collectifmdm-idf.org\/annuaire5\/synthese-des-mesures-parministere-et-organisation-au-7-mai-2020\/","title":{"rendered":"Synth\u00e8se des mesures par minist\u00e8re et\torganisation MAJ au 24 Juin 2020"},"content":{"rendered":"\n<h2 class=\"wp-block-heading\"><\/h2>\n\n\n\n<p class=\"has-medium-font-size\">Ce document \u00e9labor\u00e9 par la <strong>Cellule de liaison ESS \u2013 Covid-19<\/strong> du <strong>Haut &#8211; Commissariat \u00e0 l\u2019\u00c9conomie sociale et solidaire et \u00e0 l\u2019Innovation sociale<\/strong> a pour but de recenser les mesures et informations \u00e0 destination des entreprises de l\u2019ESS dans le cadre de l\u2019\u00e9pid\u00e9mie de Covid-19. <\/p>\n\n\n\n<h2 class=\"wp-block-heading\"><\/h2>\n\n\n\n<p class=\"has-text-align-center has-medium-font-size\"><strong><a rel=\"noreferrer noopener\" href=\"https:\/\/collectifmdm-idf.org\/wp-content\/uploads\/docs\/20200514 - Mesures Covid-19 - Cellule ESS.PDF\" target=\"_blank\">Le document (37 pages en pdf) est t\u00e9l\u00e9chargeable ICI<\/a><\/strong><\/p>\n\n\n\n<h2 class=\"wp-block-heading\"><\/h2>\n\n\n\n<p class=\"has-medium-font-size\">Ces informations seront actualis\u00e9es au fur et \u00e0 mesure par la Cellule de liaison ESS \u2013 Covid-19 et ces mises \u00e0 jours seront publi\u00e9es ici aussi.<\/p>\n\n\n\n<p class=\"has-medium-font-size\"><strong>Contenu de la synth\u00e8se des mesures par minist\u00e8re et organisation au 24 juin 2020<\/strong> :<\/p>\n\n\n\n<figure class=\"wp-block-image size-large\"><img fetchpriority=\"high\" decoding=\"async\" width=\"732\" height=\"1024\" src=\"https:\/\/collectifmdm-idf.org\/wp-content\/uploads\/2020\/05\/Sommaire-Synth\u00e8se-24062020-732x1024.png\" alt=\"\" class=\"wp-image-1060\" srcset=\"https:\/\/collectifmdm-idf.org\/annuaire5\/wp-content\/uploads\/2020\/05\/Sommaire-Synth\u00e8se-24062020-732x1024.png 732w, https:\/\/collectifmdm-idf.org\/annuaire5\/wp-content\/uploads\/2020\/05\/Sommaire-Synth\u00e8se-24062020-215x300.png 215w, https:\/\/collectifmdm-idf.org\/annuaire5\/wp-content\/uploads\/2020\/05\/Sommaire-Synth\u00e8se-24062020-768x1074.png 768w, https:\/\/collectifmdm-idf.org\/annuaire5\/wp-content\/uploads\/2020\/05\/Sommaire-Synth\u00e8se-24062020.png 909w\" sizes=\"(max-width: 732px) 100vw, 732px\" \/><\/figure>\n\n\n\n<hr class=\"wp-block-separator\"\/>\n\n\n\n<h2 class=\"wp-block-heading\"><\/h2>\n\n\n\n<p class=\"has-medium-font-size\">Et aussi :<\/p>\n\n\n\n<p class=\"has-text-align-left has-medium-font-size\"><strong>FICHE<\/strong> de la <strong>Direction G\u00e9n\u00e9rale du Tr\u00e9sor<\/strong> du Minist\u00e8re de l&#8217;\u00c9conomie et des Finances :<\/p>\n\n\n\n<p class=\"has-medium-font-size\">Mise en \u0153uvre du dispositif de Pr\u00eats Garantis par l\u2019Etat (PGE) &#8211; <strong>D\u00e9finition du chiffre d\u2019affaire des associations et fondations<\/strong> : pr\u00e9cisions de calcul, fournies \u00e0 partir du plan comptable national<\/p>\n\n\n\n<h2 class=\"wp-block-heading\"><\/h2>\n\n\n\n<p class=\"has-text-color has-text-align-center has-medium-font-size has-luminous-vivid-orange-color\"><strong><a href=\"https:\/\/collectifmdm-idf.org\/wp-content\/uploads\/docs\/Fiche%20-%20CA%20assos%20pre%CC%81cisions%20comptables.pdf\" target=\"_blank\" rel=\"noreferrer noopener\">Fiche (version d\u2019avril 2020 \/ 4 pages) t\u00e9l\u00e9chargeable ici<\/a><\/strong><\/p>\n\n\n\n<h2 class=\"wp-block-heading\"><\/h2>\n\n\n\n<hr class=\"wp-block-separator\"\/>\n\n\n\n<p>NB : les mises \u00e0 jour de ces documents sont disponibles sur ce Drive du Haut &#8211; Commissariat \u00e0 l\u2019\u00c9conomie sociale et solidaire et \u00e0 l\u2019Innovation sociale<\/p>\n\n\n\n<p class=\"has-text-align-center has-large-font-size\"><a rel=\"noreferrer noopener\" href=\"https:\/\/drive.google.com\/drive\/folders\/1Y4pp0MlhYRoHibjlIjaPlxvfb6X24Mxb\" target=\"_blank\">ICI<\/a><\/p>\n\n\n\n<hr class=\"wp-block-separator\"\/>\n\n\n\n<h2 class=\"has-luminous-vivid-orange-color has-text-color has-text-align-center wp-block-heading\"><strong>&#8212;O&#8212;<\/strong><\/h2>\n\n\n\n<p><\/p>\n","protected":false},"excerpt":{"rendered":"<p>Ce document \u00e9labor\u00e9 par la Cellule de liaison ESS \u2013 Covid-19 du Haut &#8211; Commissariat \u00e0 l\u2019\u00c9conomie sociale et solidaire et \u00e0 l\u2019Innovation sociale a pour but de recenser les mesures et informations \u00e0 destination des entreprises de l\u2019ESS dans le cadre<\/p>\n<p class=\"link-more\"><a class=\"myButt \" href=\"https:\/\/collectifmdm-idf.org\/annuaire5\/synthese-des-mesures-parministere-et-organisation-au-7-mai-2020\/\">EN SAVOIR +<\/a><\/p>\n","protected":false},"author":1,"featured_media":1061,"comment_status":"open","ping_status":"open","sticky":false,"template":"","format":"standard","meta":{"_rtcl_gb_attr":"","footnotes":""},"categories":[36],"tags":[],"class_list":["post-902","post","type-post","status-publish","format-standard","has-post-thumbnail","hentry","category-communiques"],"_links":{"self":[{"href":"https:\/\/collectifmdm-idf.org\/annuaire5\/wp-json\/wp\/v2\/posts\/902","targetHints":{"allow":["GET"]}}],"collection":[{"href":"https:\/\/collectifmdm-idf.org\/annuaire5\/wp-json\/wp\/v2\/posts"}],"about":[{"href":"https:\/\/collectifmdm-idf.org\/annuaire5\/wp-json\/wp\/v2\/types\/post"}],"author":[{"embeddable":true,"href":"https:\/\/collectifmdm-idf.org\/annuaire5\/wp-json\/wp\/v2\/users\/1"}],"replies":[{"embeddable":true,"href":"https:\/\/collectifmdm-idf.org\/annuaire5\/wp-json\/wp\/v2\/comments?post=902"}],"version-history":[{"count":0,"href":"https:\/\/collectifmdm-idf.org\/annuaire5\/wp-json\/wp\/v2\/posts\/902\/revisions"}],"wp:featuredmedia":[{"embeddable":true,"href":"https:\/\/collectifmdm-idf.org\/annuaire5\/wp-json\/wp\/v2\/media\/1061"}],"wp:attachment":[{"href":"https:\/\/collectifmdm-idf.org\/annuaire5\/wp-json\/wp\/v2\/media?parent=902"}],"wp:term":[{"taxonomy":"category","embeddable":true,"href":"https:\/\/collectifmdm-idf.org\/annuaire5\/wp-json\/wp\/v2\/categories?post=902"},{"taxonomy":"post_tag","embeddable":true,"href":"https:\/\/collectifmdm-idf.org\/annuaire5\/wp-json\/wp\/v2\/tags?post=902"}],"curies":[{"name":"wp","href":"https:\/\/api.w.org\/{rel}","templated":true}]}}