{"id":8995,"date":"2023-03-03T12:54:19","date_gmt":"2023-03-03T11:54:19","guid":{"rendered":"https:\/\/collectifmdm-idf.org\/?p=8995"},"modified":"2024-02-20T13:00:08","modified_gmt":"2024-02-20T12:00:08","slug":"formation-dispositifs-de-financements-publics","status":"publish","type":"post","link":"https:\/\/collectifmdm-idf.org\/annuaire5\/formation-dispositifs-de-financements-publics\/","title":{"rendered":"Formation &#8220;Dispositifs de financements publics&#8221;"},"content":{"rendered":"\t\t<div data-elementor-type=\"wp-post\" data-elementor-id=\"8995\" class=\"elementor elementor-8995\">\n\t\t\t\t\t\t<section class=\"elementor-section elementor-top-section elementor-element elementor-element-0b6e10b elementor-section-boxed elementor-section-height-default elementor-section-height-default\" data-id=\"0b6e10b\" data-element_type=\"section\">\n\t\t\t\t\t\t<div class=\"elementor-container elementor-column-gap-default\">\n\t\t\t\t\t<div class=\"elementor-column elementor-col-100 elementor-top-column elementor-element elementor-element-cf3280b\" data-id=\"cf3280b\" data-element_type=\"column\">\n\t\t\t<div class=\"elementor-widget-wrap elementor-element-populated\">\n\t\t\t\t\t\t<div class=\"elementor-element elementor-element-e817ed9 elementor-widget elementor-widget-image\" data-id=\"e817ed9\" data-element_type=\"widget\" data-widget_type=\"image.default\">\n\t\t\t\t<div class=\"elementor-widget-container\">\n\t\t\t\t\t\t\t\t\t\t\t\t\t\t<a href=\"https:\/\/fb.me\/e\/3hCq3PHBV\" target=\"_blank\">\n\t\t\t\t\t\t\t<img fetchpriority=\"high\" decoding=\"async\" width=\"5000\" height=\"1500\" src=\"https:\/\/collectifmdm-idf.org\/annuaire5\/wp-content\/uploads\/2023\/03\/bandeau-5.png\" class=\"attachment-full size-full wp-image-9045\" alt=\"\" srcset=\"https:\/\/collectifmdm-idf.org\/annuaire5\/wp-content\/uploads\/2023\/03\/bandeau-5.png 5000w, https:\/\/collectifmdm-idf.org\/annuaire5\/wp-content\/uploads\/2023\/03\/bandeau-5-300x90.png 300w, https:\/\/collectifmdm-idf.org\/annuaire5\/wp-content\/uploads\/2023\/03\/bandeau-5-1024x307.png 1024w, https:\/\/collectifmdm-idf.org\/annuaire5\/wp-content\/uploads\/2023\/03\/bandeau-5-768x230.png 768w, https:\/\/collectifmdm-idf.org\/annuaire5\/wp-content\/uploads\/2023\/03\/bandeau-5-1536x461.png 1536w, https:\/\/collectifmdm-idf.org\/annuaire5\/wp-content\/uploads\/2023\/03\/bandeau-5-2048x614.png 2048w\" sizes=\"(max-width: 5000px) 100vw, 5000px\" title=\"\" \/>\t\t\t\t\t\t\t\t<\/a>\n\t\t\t\t\t\t\t\t\t\t\t\t\t<\/div>\n\t\t\t\t<\/div>\n\t\t\t\t\t<\/div>\n\t\t<\/div>\n\t\t\t\t\t<\/div>\n\t\t<\/section>\n\t\t\t\t<section class=\"elementor-section elementor-top-section elementor-element elementor-element-07f8d9b elementor-section-boxed elementor-section-height-default elementor-section-height-default\" data-id=\"07f8d9b\" data-element_type=\"section\">\n\t\t\t\t\t\t<div class=\"elementor-container elementor-column-gap-default\">\n\t\t\t\t\t<div class=\"elementor-column elementor-col-100 elementor-top-column elementor-element elementor-element-8c7e3ae\" data-id=\"8c7e3ae\" data-element_type=\"column\">\n\t\t\t<div class=\"elementor-widget-wrap elementor-element-populated\">\n\t\t\t\t\t\t<div class=\"elementor-element elementor-element-d830039 elementor-widget elementor-widget-heading\" data-id=\"d830039\" data-element_type=\"widget\" data-widget_type=\"heading.default\">\n\t\t\t\t<div class=\"elementor-widget-container\">\n\t\t\t<h2 class=\"elementor-heading-title elementor-size-default\">PR\u00c9SENTATION DES DISPOSITIFS DE FINANCEMENT PUBLICS<\/h2>\t\t<\/div>\n\t\t\t\t<\/div>\n\t\t\t\t\t<\/div>\n\t\t<\/div>\n\t\t\t\t\t<\/div>\n\t\t<\/section>\n\t\t\t\t<section class=\"elementor-section elementor-top-section elementor-element elementor-element-31c4dda elementor-section-boxed elementor-section-height-default elementor-section-height-default\" data-id=\"31c4dda\" data-element_type=\"section\">\n\t\t\t\t\t\t<div class=\"elementor-container elementor-column-gap-default\">\n\t\t\t\t\t<div class=\"elementor-column elementor-col-100 elementor-top-column elementor-element elementor-element-a855ee8\" data-id=\"a855ee8\" data-element_type=\"column\">\n\t\t\t<div class=\"elementor-widget-wrap elementor-element-populated\">\n\t\t\t\t\t\t<div class=\"elementor-element elementor-element-2723174 elementor-widget elementor-widget-text-editor\" data-id=\"2723174\" data-element_type=\"widget\" data-widget_type=\"text-editor.default\">\n\t\t\t\t<div class=\"elementor-widget-container\">\n\t\t\t\t\t\t\t<h2><span style=\"color: #000000;\">avec <\/span><span style=\"color: #000000;\">St\u00e9phane Marvy (intervenant ind\u00e9pendant),\u00a0<\/span><span style=\"color: #000000;\">Isabelle Lazzarini (conseill\u00e8re de la DRAC IDF pour la musique en charge de la transdisciplinarit\u00e9) et\u00a0<\/span><span style=\"color: #000000;\">Olivier Moreau (charg\u00e9 de mission spectacle vivant pour la r\u00e9gion IDF \/ d\u00e9partement 93 pour les pac, festivals, r\u00e9sidences territoriales\u2502r\u00e9f\u00e9rent musiques actuelles)<\/span><\/h2>\t\t\t\t\t\t<\/div>\n\t\t\t\t<\/div>\n\t\t\t\t\t<\/div>\n\t\t<\/div>\n\t\t\t\t\t<\/div>\n\t\t<\/section>\n\t\t\t\t<section class=\"elementor-section elementor-top-section elementor-element elementor-element-8fb1460 elementor-section-boxed elementor-section-height-default elementor-section-height-default\" data-id=\"8fb1460\" data-element_type=\"section\">\n\t\t\t\t\t\t<div class=\"elementor-container elementor-column-gap-default\">\n\t\t\t\t\t<div class=\"elementor-column elementor-col-100 elementor-top-column elementor-element elementor-element-3d3e5ab\" data-id=\"3d3e5ab\" data-element_type=\"column\">\n\t\t\t<div class=\"elementor-widget-wrap elementor-element-populated\">\n\t\t\t\t\t\t<div class=\"elementor-element elementor-element-17bcec2 elementor-widget elementor-widget-text-editor\" data-id=\"17bcec2\" data-element_type=\"widget\" data-widget_type=\"text-editor.default\">\n\t\t\t\t<div class=\"elementor-widget-container\">\n\t\t\t\t\t\t\t<p><span style=\"color: #e95a22;\"><strong>Objectifs : <\/strong><\/span><\/p><p><span style=\"color: #000000;\">Identifier et comprendre le r\u00f4le et le positionnement des interlocuteurs publics. Identifier et comprendre les diff\u00e9rents programmes d\u2019aide propos\u00e9s par la r\u00e9gion et la DRAC et savoir comment pr\u00e9parer et monter un dossier de demande de subvention dans ce cadre.<\/span><\/p><p><span style=\"color: #e95a22;\"><strong>Publics concern\u00e9s :<br \/><\/strong><\/span><span style=\"color: #000000;\">. administrateurs, responsables de structures du secteur culturel. <br \/>. toute personne ayant besoin, dans son activit\u00e9, de mettre en \u0153uvre une demande de subvention.<\/span><\/p><p><strong><span style=\"color: #e95a22;\">Pr\u00e9requis :<\/span>\u00a0<\/strong><span style=\"color: #000000;\">aucun<\/span><\/p><p><b style=\"color: #e95a22;\">Programme d\u00e9taill\u00e9 : <\/b><span style=\"color: #000000;\"><b>9h30 &#8211; 13h | 14h &#8211; 17h30<\/b><\/span><\/p><p><strong><span style=\"color: #e95a22;\">Tarif adh\u00e9rent :<\/span> 12\u20ac (repas inclus)<\/strong><\/p><p><strong><span style=\"color: #e95a22;\">Non adh\u00e9rent :<\/span> nous contacter \u00e0 <a href=\"mailto:prod.collectifmdmidf@gmail.com\" target=\"_blank\" rel=\"noopener\">prod.collectifmdmidf@gmail.com<\/a><\/strong><\/p><p><b><\/b><span style=\"font-variant-ligatures: normal; font-variant-caps: normal; font-family: Lato, sans-serif; font-size: 15px; font-style: normal; font-weight: 400;\"><b><span style=\"font-family: Roboto, Helvetica, Arial, sans-serif; font-size: 15px;\"><span style=\"color: #e95a22;\">Lieu :<\/span><i>\u00a0au Centre National de la Musique\u00a0<\/i><\/span><\/b><\/span><span style=\"font-variant-ligatures: normal; font-variant-caps: normal; font-family: Lato, sans-serif; font-size: 15px; font-style: normal; font-weight: 400;\"><i><b>au\u00a0<\/b><u>151-157 avenue de France 75013 Paris<\/u><\/i><\/span><br \/><span style=\"color: #000000;\"><b><br \/><\/b><\/span><strong style=\"font-variant-ligatures: normal; font-variant-caps: normal; font-family: Roboto, Helvetica, Arial, sans-serif; font-size: 15px; font-style: normal; color: #e95a22;\">Dates limites d\u2019inscription :\u00a0<\/strong><i style=\"font-variant-ligatures: inherit; font-variant-caps: inherit; font-weight: inherit; font-family: Roboto, Helvetica, Arial, sans-serif; font-size: 15px;\"><strong style=\"font-size: 15px;\"><u>avant le mar. 9 mai<\/u><\/strong><\/i><span style=\"color: #000000;\"><b><br \/><\/b><\/span><\/p>\t\t\t\t\t\t<\/div>\n\t\t\t\t<\/div>\n\t\t\t\t\t<\/div>\n\t\t<\/div>\n\t\t\t\t\t<\/div>\n\t\t<\/section>\n\t\t\t\t<section class=\"elementor-section elementor-top-section elementor-element elementor-element-ddf5739 elementor-section-boxed elementor-section-height-default elementor-section-height-default\" data-id=\"ddf5739\" data-element_type=\"section\">\n\t\t\t\t\t\t<div class=\"elementor-container elementor-column-gap-default\">\n\t\t\t\t\t<div class=\"elementor-column elementor-col-100 elementor-top-column elementor-element elementor-element-bc10dcf\" data-id=\"bc10dcf\" data-element_type=\"column\">\n\t\t\t<div class=\"elementor-widget-wrap elementor-element-populated\">\n\t\t\t\t\t\t<div class=\"elementor-element elementor-element-6fa7abc elementor-widget elementor-widget-text-editor\" data-id=\"6fa7abc\" data-element_type=\"widget\" data-widget_type=\"text-editor.default\">\n\t\t\t\t<div class=\"elementor-widget-container\">\n\t\t\t\t\t\t\t<ul><li><span style=\"color: #000000;\"><strong><strong>I) INTRODUCTION<\/strong><\/strong><\/span><p>\u00a0<\/p><\/li><li><span style=\"color: #000000;\">. Origine du financement public<\/span><br \/><span style=\"color: #000000;\">. Premi\u00e8re d\u00e9finition succincte de la subvention.<\/span><\/li><\/ul><ul><li><span style=\"color: #000000;\"><strong>II) IDENTIFIER LES INTERLOCUTEURS PUBLICS <\/strong><\/span><p>\u00a0<\/p><\/li><li><span style=\"color: #000000;\">. L\u2019 \u00c9tat<\/span><br \/><span style=\"color: #000000;\">. L\u2019organisation du territoire national, du pouvoir ex\u00e9cutif, les minist\u00e8res.<\/span><br \/><span style=\"color: #000000;\">. La d\u00e9concentration.<\/span><\/li><\/ul><ul><li><span style=\"color: #000000;\"><strong>III) LES COLLECTIVIT\u00c9S TERRITORIALES<\/strong><\/span><\/li><li><span style=\"color: #000000;\">. D\u00e9finition<\/span><br \/><span style=\"color: #000000;\">. Les comp\u00e9tences respectives des collectivit\u00e9s<\/span><br \/><span style=\"color: #000000;\">. Le fonctionnement <\/span><p>\u00a0<\/p><\/li><li><span style=\"color: #000000;\"><strong>IV) SITUER LA DRAC ET LA R\u00c9GION PARMI LES INTERLOCUTEURS PUBLICS<\/strong><\/span><\/li><\/ul><ul><li><span style=\"color: #000000;\"><strong>V) LA SUBVENTION<\/strong><\/span><\/li><li><span style=\"color: #000000;\">. D\u00e9finition<\/span><br \/><span style=\"color: #000000;\">. Le circuit de la demande<\/span><br \/><span style=\"color: #000000;\">. Les formalit\u00e9s administratives<\/span><br \/><span style=\"color: #000000;\">. Apr\u00e8s la r\u00e9alisation du projet<\/span><br \/><span style=\"color: #000000;\">. Les contr\u00f4les<\/span><\/li><\/ul><ul><li><span style=\"color: #000000;\"><strong>VI) REMPLIR LE DOSSIER DE SUBVENTION<\/strong><\/span><\/li><li><span style=\"color: #000000;\">. Pr\u00e9requis<\/span><br \/><span style=\"color: #000000;\">. R\u00e8gles de base<\/span><br \/><span style=\"color: #000000;\">. Conseils de pr\u00e9sentation : forme et fond<\/span><\/li><\/ul>\t\t\t\t\t\t<\/div>\n\t\t\t\t<\/div>\n\t\t\t\t\t<\/div>\n\t\t<\/div>\n\t\t\t\t\t<\/div>\n\t\t<\/section>\n\t\t\t\t<section class=\"elementor-section elementor-top-section elementor-element elementor-element-f9bcf93 elementor-section-boxed elementor-section-height-default elementor-section-height-default\" data-id=\"f9bcf93\" data-element_type=\"section\">\n\t\t\t\t\t\t<div class=\"elementor-container elementor-column-gap-default\">\n\t\t\t\t\t<div class=\"elementor-column elementor-col-50 elementor-top-column elementor-element elementor-element-5341b28\" data-id=\"5341b28\" data-element_type=\"column\">\n\t\t\t<div class=\"elementor-widget-wrap elementor-element-populated\">\n\t\t\t\t\t\t<div class=\"elementor-element elementor-element-3832151 elementor-widget elementor-widget-text-editor\" data-id=\"3832151\" data-element_type=\"widget\" data-widget_type=\"text-editor.default\">\n\t\t\t\t<div class=\"elementor-widget-container\">\n\t\t\t\t\t\t\t<p><span style=\"font-variant-ligatures: normal; font-variant-caps: normal; font-family: Lato, sans-serif; font-size: 16px; font-style: normal; font-weight: 400; color: #000000;\"><strong style=\"font-size: 16px;\">Pour participer<\/strong>\u00a0\u00e0 cette journ\u00e9e de formation,<span style=\"font-size: 16px; color: #e95a22;\"><b>\u00a0remplissez le formulaire<\/b><\/span>\u00a0pour vous inscrire avec le bouton \u00ab\u00a0INSCRIPTION\u00a0\u00bb, puis\u00a0<\/span><span style=\"color: #000000; font-family: Lato, sans-serif; font-size: 16px; font-style: normal; font-variant-ligatures: normal; font-variant-caps: normal; font-weight: 400;\">un<\/span><strong style=\"font-variant-ligatures: normal; font-variant-caps: normal; font-family: Lato, sans-serif; font-size: 16px; font-style: normal; color: #000000;\">\u00a0lien de paiemen<\/strong><span style=\"color: #000000; font-family: Lato, sans-serif; font-size: 16px; font-style: normal; font-variant-ligatures: normal; font-variant-caps: normal; font-weight: 400;\">t<\/span><span style=\"font-variant-ligatures: normal; font-variant-caps: normal; font-family: Lato, sans-serif; font-size: 16px; font-style: normal; font-weight: 400; color: #000000;\">\u00a0par le biais de la billetterie sur la plateforme\u00a0<\/span><span style=\"font-variant-ligatures: normal; font-variant-caps: normal; font-family: Lato, sans-serif; font-size: 16px; font-style: normal; font-weight: 400; color: #000000; text-decoration-line: underline;\">Hello Asso<\/span><span style=\"color: #000000; font-family: Lato, sans-serif; font-size: 16px; font-style: normal; font-variant-ligatures: normal; font-variant-caps: normal; font-weight: 400;\">\u00a0<\/span><span style=\"font-variant-ligatures: normal; font-variant-caps: normal; font-family: Lato, sans-serif; font-size: 16px; font-style: normal; font-weight: 400; color: #000000;\"><strong style=\"font-size: 16px;\">vous sera envoy\u00e9<\/strong>.<\/span><\/p>\t\t\t\t\t\t<\/div>\n\t\t\t\t<\/div>\n\t\t\t\t\t<\/div>\n\t\t<\/div>\n\t\t\t\t<div class=\"elementor-column elementor-col-50 elementor-top-column elementor-element elementor-element-2bd1376\" data-id=\"2bd1376\" data-element_type=\"column\">\n\t\t\t<div class=\"elementor-widget-wrap elementor-element-populated\">\n\t\t\t\t\t\t<div class=\"elementor-element elementor-element-01b6ea6 elementor-align-center elementor-widget elementor-widget-button\" data-id=\"01b6ea6\" data-element_type=\"widget\" data-widget_type=\"button.default\">\n\t\t\t\t<div class=\"elementor-widget-container\">\n\t\t\t\t\t\t\t<div class=\"elementor-button-wrapper\">\n\t\t\t\t\t<a class=\"elementor-button elementor-button-link elementor-size-sm\" href=\"https:\/\/forms.gle\/QDVAjgcuzj3svbgSA\" target=\"_blank\">\n\t\t\t\t\t\t<span class=\"elementor-button-content-wrapper\">\n\t\t\t\t\t\t\t\t\t<span class=\"elementor-button-text\">INSCRIPTION<\/span>\n\t\t\t\t\t<\/span>\n\t\t\t\t\t<\/a>\n\t\t\t\t<\/div>\n\t\t\t\t\t\t<\/div>\n\t\t\t\t<\/div>\n\t\t\t\t\t<\/div>\n\t\t<\/div>\n\t\t\t\t\t<\/div>\n\t\t<\/section>\n\t\t\t\t<section class=\"elementor-section elementor-top-section elementor-element elementor-element-cf9a6a7 elementor-section-boxed elementor-section-height-default elementor-section-height-default\" data-id=\"cf9a6a7\" data-element_type=\"section\">\n\t\t\t\t\t\t<div class=\"elementor-container elementor-column-gap-default\">\n\t\t\t\t\t<div class=\"elementor-column elementor-col-100 elementor-top-column elementor-element elementor-element-648255b\" data-id=\"648255b\" data-element_type=\"column\">\n\t\t\t<div class=\"elementor-widget-wrap elementor-element-populated\">\n\t\t\t\t\t\t<div class=\"elementor-element elementor-element-3a0c06f elementor-widget-divider--view-line elementor-widget elementor-widget-divider\" data-id=\"3a0c06f\" data-element_type=\"widget\" data-widget_type=\"divider.default\">\n\t\t\t\t<div class=\"elementor-widget-container\">\n\t\t\t\t\t<div class=\"elementor-divider\">\n\t\t\t<span class=\"elementor-divider-separator\">\n\t\t\t\t\t\t<\/span>\n\t\t<\/div>\n\t\t\t\t<\/div>\n\t\t\t\t<\/div>\n\t\t\t\t\t<\/div>\n\t\t<\/div>\n\t\t\t\t\t<\/div>\n\t\t<\/section>\n\t\t\t\t<section class=\"elementor-section elementor-top-section elementor-element elementor-element-d4d1e28 elementor-section-boxed elementor-section-height-default elementor-section-height-default\" data-id=\"d4d1e28\" data-element_type=\"section\">\n\t\t\t\t\t\t<div class=\"elementor-container elementor-column-gap-default\">\n\t\t\t\t\t<div class=\"elementor-column elementor-col-25 elementor-top-column elementor-element elementor-element-0652432\" data-id=\"0652432\" data-element_type=\"column\">\n\t\t\t<div class=\"elementor-widget-wrap elementor-element-populated\">\n\t\t\t\t\t\t<div class=\"elementor-element elementor-element-df806a7 elementor-align-center elementor-widget elementor-widget-button\" data-id=\"df806a7\" data-element_type=\"widget\" data-widget_type=\"button.default\">\n\t\t\t\t<div class=\"elementor-widget-container\">\n\t\t\t\t\t\t\t<div class=\"elementor-button-wrapper\">\n\t\t\t\t\t<a class=\"elementor-button elementor-button-link elementor-size-sm\" href=\"https:\/\/collectifmdm-idf.org\/collectif-mdm-idf-x-cnm-4-journees-de-formation\/\" target=\"_blank\">\n\t\t\t\t\t\t<span class=\"elementor-button-content-wrapper\">\n\t\t\t\t\t\t\t\t\t<span class=\"elementor-button-text\">NOS 4 JOURN\u00c9ES<\/span>\n\t\t\t\t\t<\/span>\n\t\t\t\t\t<\/a>\n\t\t\t\t<\/div>\n\t\t\t\t\t\t<\/div>\n\t\t\t\t<\/div>\n\t\t\t\t\t<\/div>\n\t\t<\/div>\n\t\t\t\t<div class=\"elementor-column elementor-col-25 elementor-top-column elementor-element elementor-element-c78b9f9\" data-id=\"c78b9f9\" data-element_type=\"column\">\n\t\t\t<div class=\"elementor-widget-wrap elementor-element-populated\">\n\t\t\t\t\t\t<div class=\"elementor-element elementor-element-2ffb531 elementor-align-center elementor-widget elementor-widget-button\" data-id=\"2ffb531\" data-element_type=\"widget\" data-widget_type=\"button.default\">\n\t\t\t\t<div class=\"elementor-widget-container\">\n\t\t\t\t\t\t\t<div class=\"elementor-button-wrapper\">\n\t\t\t\t\t<a class=\"elementor-button elementor-button-link elementor-size-sm\" href=\"https:\/\/collectifmdm-idf.org\/formation-environnement-juridique\/\" target=\"_blank\">\n\t\t\t\t\t\t<span class=\"elementor-button-content-wrapper\">\n\t\t\t\t\t\t\t\t\t<span class=\"elementor-button-text\">7 AVRIL<\/span>\n\t\t\t\t\t<\/span>\n\t\t\t\t\t<\/a>\n\t\t\t\t<\/div>\n\t\t\t\t\t\t<\/div>\n\t\t\t\t<\/div>\n\t\t\t\t\t<\/div>\n\t\t<\/div>\n\t\t\t\t<div class=\"elementor-column elementor-col-25 elementor-top-column elementor-element elementor-element-27f8a06\" data-id=\"27f8a06\" data-element_type=\"column\">\n\t\t\t<div class=\"elementor-widget-wrap elementor-element-populated\">\n\t\t\t\t\t\t<div class=\"elementor-element elementor-element-6ce7bf8 elementor-align-center elementor-widget elementor-widget-button\" data-id=\"6ce7bf8\" data-element_type=\"widget\" data-widget_type=\"button.default\">\n\t\t\t\t<div class=\"elementor-widget-container\">\n\t\t\t\t\t\t\t<div class=\"elementor-button-wrapper\">\n\t\t\t\t\t<a class=\"elementor-button elementor-button-link elementor-size-sm\" href=\"https:\/\/collectifmdm-idf.org\/formation-relation-medias\/\" target=\"_blank\">\n\t\t\t\t\t\t<span class=\"elementor-button-content-wrapper\">\n\t\t\t\t\t\t\t\t\t<span class=\"elementor-button-text\">20 AVRIL<\/span>\n\t\t\t\t\t<\/span>\n\t\t\t\t\t<\/a>\n\t\t\t\t<\/div>\n\t\t\t\t\t\t<\/div>\n\t\t\t\t<\/div>\n\t\t\t\t\t<\/div>\n\t\t<\/div>\n\t\t\t\t<div class=\"elementor-column elementor-col-25 elementor-top-column elementor-element elementor-element-0586250\" data-id=\"0586250\" data-element_type=\"column\">\n\t\t\t<div class=\"elementor-widget-wrap elementor-element-populated\">\n\t\t\t\t\t\t<div class=\"elementor-element elementor-element-2b322d5 elementor-align-center elementor-widget elementor-widget-button\" data-id=\"2b322d5\" data-element_type=\"widget\" data-widget_type=\"button.default\">\n\t\t\t\t<div class=\"elementor-widget-container\">\n\t\t\t\t\t\t\t<div class=\"elementor-button-wrapper\">\n\t\t\t\t\t<a class=\"elementor-button elementor-button-link elementor-size-sm\" href=\"https:\/\/collectifmdm-idf.org\/formation-comptabilite\/\" target=\"_blank\">\n\t\t\t\t\t\t<span class=\"elementor-button-content-wrapper\">\n\t\t\t\t\t\t\t\t\t<span class=\"elementor-button-text\">16 MAI<\/span>\n\t\t\t\t\t<\/span>\n\t\t\t\t\t<\/a>\n\t\t\t\t<\/div>\n\t\t\t\t\t\t<\/div>\n\t\t\t\t<\/div>\n\t\t\t\t\t<\/div>\n\t\t<\/div>\n\t\t\t\t\t<\/div>\n\t\t<\/section>\n\t\t\t\t<\/div>\n\t\t","protected":false},"excerpt":{"rendered":"<p>PR\u00c9SENTATION DES DISPOSITIFS DE FINANCEMENT PUBLICS avec St\u00e9phane Marvy (intervenant ind\u00e9pendant),\u00a0Isabelle Lazzarini (conseill\u00e8re de la DRAC IDF pour la musique en charge de la transdisciplinarit\u00e9) et\u00a0Olivier Moreau (charg\u00e9 de mission spectacle vivant pour la r\u00e9gion IDF \/ d\u00e9partement 93 pour les pac,<\/p>\n<p class=\"link-more\"><a class=\"myButt \" href=\"https:\/\/collectifmdm-idf.org\/annuaire5\/formation-dispositifs-de-financements-publics\/\">EN SAVOIR +<\/a><\/p>\n","protected":false},"author":1,"featured_media":0,"comment_status":"open","ping_status":"open","sticky":false,"template":"elementor_header_footer","format":"standard","meta":{"_rtcl_gb_attr":"","footnotes":""},"categories":[130],"tags":[135,131],"class_list":["post-8995","post","type-post","status-publish","format-standard","hentry","category-formation","tag-dispositifs","tag-formation"],"_links":{"self":[{"href":"https:\/\/collectifmdm-idf.org\/annuaire5\/wp-json\/wp\/v2\/posts\/8995","targetHints":{"allow":["GET"]}}],"collection":[{"href":"https:\/\/collectifmdm-idf.org\/annuaire5\/wp-json\/wp\/v2\/posts"}],"about":[{"href":"https:\/\/collectifmdm-idf.org\/annuaire5\/wp-json\/wp\/v2\/types\/post"}],"author":[{"embeddable":true,"href":"https:\/\/collectifmdm-idf.org\/annuaire5\/wp-json\/wp\/v2\/users\/1"}],"replies":[{"embeddable":true,"href":"https:\/\/collectifmdm-idf.org\/annuaire5\/wp-json\/wp\/v2\/comments?post=8995"}],"version-history":[{"count":1,"href":"https:\/\/collectifmdm-idf.org\/annuaire5\/wp-json\/wp\/v2\/posts\/8995\/revisions"}],"predecessor-version":[{"id":13834,"href":"https:\/\/collectifmdm-idf.org\/annuaire5\/wp-json\/wp\/v2\/posts\/8995\/revisions\/13834"}],"wp:attachment":[{"href":"https:\/\/collectifmdm-idf.org\/annuaire5\/wp-json\/wp\/v2\/media?parent=8995"}],"wp:term":[{"taxonomy":"category","embeddable":true,"href":"https:\/\/collectifmdm-idf.org\/annuaire5\/wp-json\/wp\/v2\/categories?post=8995"},{"taxonomy":"post_tag","embeddable":true,"href":"https:\/\/collectifmdm-idf.org\/annuaire5\/wp-json\/wp\/v2\/tags?post=8995"}],"curies":[{"name":"wp","href":"https:\/\/api.w.org\/{rel}","templated":true}]}}