{"id":8960,"date":"2023-03-02T16:34:56","date_gmt":"2023-03-02T15:34:56","guid":{"rendered":"https:\/\/collectifmdm-idf.org\/?p=8960"},"modified":"2024-02-20T13:10:17","modified_gmt":"2024-02-20T12:10:17","slug":"collectif-mdm-idf-x-cnm-4-journees-de-formation","status":"publish","type":"post","link":"https:\/\/collectifmdm-idf.org\/annuaire5\/collectif-mdm-idf-x-cnm-4-journees-de-formation\/","title":{"rendered":"Formations 2023"},"content":{"rendered":"\t\t<div data-elementor-type=\"wp-post\" data-elementor-id=\"8960\" class=\"elementor elementor-8960\">\n\t\t\t\t\t\t<section class=\"elementor-section elementor-top-section elementor-element elementor-element-094351b elementor-section-boxed elementor-section-height-default elementor-section-height-default\" data-id=\"094351b\" data-element_type=\"section\">\n\t\t\t\t\t\t<div class=\"elementor-container elementor-column-gap-default\">\n\t\t\t\t\t<div class=\"elementor-column elementor-col-100 elementor-top-column elementor-element elementor-element-7d886e3\" data-id=\"7d886e3\" data-element_type=\"column\">\n\t\t\t<div class=\"elementor-widget-wrap elementor-element-populated\">\n\t\t\t\t\t\t<div class=\"elementor-element elementor-element-80d6c8d elementor-widget elementor-widget-image\" data-id=\"80d6c8d\" data-element_type=\"widget\" data-widget_type=\"image.default\">\n\t\t\t\t<div class=\"elementor-widget-container\">\n\t\t\t\t\t\t\t\t\t\t\t\t\t<img fetchpriority=\"high\" decoding=\"async\" width=\"5000\" height=\"1500\" src=\"https:\/\/collectifmdm-idf.org\/annuaire5\/wp-content\/uploads\/2023\/03\/bandeau-1.png\" class=\"attachment-full size-full wp-image-8965\" alt=\"\" srcset=\"https:\/\/collectifmdm-idf.org\/annuaire5\/wp-content\/uploads\/2023\/03\/bandeau-1.png 5000w, https:\/\/collectifmdm-idf.org\/annuaire5\/wp-content\/uploads\/2023\/03\/bandeau-1-300x90.png 300w, https:\/\/collectifmdm-idf.org\/annuaire5\/wp-content\/uploads\/2023\/03\/bandeau-1-1024x307.png 1024w, https:\/\/collectifmdm-idf.org\/annuaire5\/wp-content\/uploads\/2023\/03\/bandeau-1-768x230.png 768w, https:\/\/collectifmdm-idf.org\/annuaire5\/wp-content\/uploads\/2023\/03\/bandeau-1-1536x461.png 1536w, https:\/\/collectifmdm-idf.org\/annuaire5\/wp-content\/uploads\/2023\/03\/bandeau-1-2048x614.png 2048w\" sizes=\"(max-width: 5000px) 100vw, 5000px\" title=\"\" \/>\t\t\t\t\t\t\t\t\t\t\t\t\t<\/div>\n\t\t\t\t<\/div>\n\t\t\t\t\t<\/div>\n\t\t<\/div>\n\t\t\t\t\t<\/div>\n\t\t<\/section>\n\t\t\t\t<section class=\"elementor-section elementor-top-section elementor-element elementor-element-336664e elementor-section-boxed elementor-section-height-default elementor-section-height-default\" data-id=\"336664e\" data-element_type=\"section\">\n\t\t\t\t\t\t<div class=\"elementor-container elementor-column-gap-default\">\n\t\t\t\t\t<div class=\"elementor-column elementor-col-100 elementor-top-column elementor-element elementor-element-f8e55b8\" data-id=\"f8e55b8\" data-element_type=\"column\">\n\t\t\t<div class=\"elementor-widget-wrap elementor-element-populated\">\n\t\t\t\t\t\t<div class=\"elementor-element elementor-element-ddd23cc elementor-widget elementor-widget-text-editor\" data-id=\"ddd23cc\" data-element_type=\"widget\" data-widget_type=\"text-editor.default\">\n\t\t\t\t<div class=\"elementor-widget-container\">\n\t\t\t\t\t\t\t<p><i><strong><span style=\"color: #000000;\">En 2023, le Collectif Musiques et Danses du Monde en \u00cele-de-France a organis\u00e9 quatre journ\u00e9es de formation, en partenariat avec le Centre National de la Musique !<\/span><br \/><\/strong><\/i><span style=\"font-family: inherit; font-variant-ligatures: inherit; font-variant-caps: inherit;\"><br \/><span style=\"color: #000000;\">Nous les avons pens\u00e9es pour vous, afin de vous permettre d&#8217;obtenir des comp\u00e9tences dans des domaines o\u00f9 il est parfois difficile d&#8217;avancer.\u00a0<\/span><\/span><span style=\"color: #000000; font-family: inherit; font-variant-ligatures: inherit; font-variant-caps: inherit;\">Nous les avons aussi pens\u00e9es comme un moment de convivialit\u00e9 : nous avons mang\u00e9 ensemble le midi, permettant un \u00e9change informel entre les participant\u00b7e\u00b7s et le formateur.\u00a0<\/span><span style=\"color: #000000; font-family: inherit; font-variant-ligatures: inherit; font-variant-caps: inherit;\">Si vous n&#8217;avez pas trouv\u00e9 votre bonheur nous sommes ouverts aux suggestions pour les prochaines s\u00e9ries de formation.<\/span><\/p><p><span style=\"color: #000000;\"><b style=\"font-style: inherit; font-variant-ligatures: inherit; font-variant-caps: inherit;\"><i>\u00c0 bient\u00f4t !<\/i><\/b><\/span><\/p><p><span style=\"color: #000000;\"><b style=\"font-style: inherit; font-variant-ligatures: inherit; font-variant-caps: inherit;\"><i>L&#8217;\u00e9quipe du Collectif MdM IdF<\/i><\/b><\/span><\/p>\t\t\t\t\t\t<\/div>\n\t\t\t\t<\/div>\n\t\t\t\t\t<\/div>\n\t\t<\/div>\n\t\t\t\t\t<\/div>\n\t\t<\/section>\n\t\t\t\t<section class=\"elementor-section elementor-top-section elementor-element elementor-element-62bdbe8 elementor-section-boxed elementor-section-height-default elementor-section-height-default\" data-id=\"62bdbe8\" data-element_type=\"section\">\n\t\t\t\t\t\t<div class=\"elementor-container elementor-column-gap-default\">\n\t\t\t\t\t<div class=\"elementor-column elementor-col-100 elementor-top-column elementor-element elementor-element-f9d6af4\" data-id=\"f9d6af4\" data-element_type=\"column\">\n\t\t\t<div class=\"elementor-widget-wrap elementor-element-populated\">\n\t\t\t\t\t\t<div class=\"elementor-element elementor-element-aea33dc elementor-widget elementor-widget-heading\" data-id=\"aea33dc\" data-element_type=\"widget\" data-widget_type=\"heading.default\">\n\t\t\t\t<div class=\"elementor-widget-container\">\n\t\t\t<h2 class=\"elementor-heading-title elementor-size-default\">R\u00c9SUM\u00c9 FORMATIONS PROPOS\u00c9ES<\/h2>\t\t<\/div>\n\t\t\t\t<\/div>\n\t\t\t\t<div class=\"elementor-element elementor-element-fdfdc6c elementor-widget elementor-widget-spacer\" data-id=\"fdfdc6c\" data-element_type=\"widget\" data-widget_type=\"spacer.default\">\n\t\t\t\t<div class=\"elementor-widget-container\">\n\t\t\t\t\t<div class=\"elementor-spacer\">\n\t\t\t<div class=\"elementor-spacer-inner\"><\/div>\n\t\t<\/div>\n\t\t\t\t<\/div>\n\t\t\t\t<\/div>\n\t\t\t\t\t<\/div>\n\t\t<\/div>\n\t\t\t\t\t<\/div>\n\t\t<\/section>\n\t\t\t\t<section class=\"elementor-section elementor-top-section elementor-element elementor-element-146b841 elementor-section-boxed elementor-section-height-default elementor-section-height-default\" data-id=\"146b841\" data-element_type=\"section\">\n\t\t\t\t\t\t<div class=\"elementor-container elementor-column-gap-default\">\n\t\t\t\t\t<div class=\"elementor-column elementor-col-50 elementor-top-column elementor-element elementor-element-b390a82\" data-id=\"b390a82\" data-element_type=\"column\">\n\t\t\t<div class=\"elementor-widget-wrap elementor-element-populated\">\n\t\t\t\t\t\t<div class=\"elementor-element elementor-element-343f8ce elementor-widget elementor-widget-text-editor\" data-id=\"343f8ce\" data-element_type=\"widget\" data-widget_type=\"text-editor.default\">\n\t\t\t\t<div class=\"elementor-widget-container\">\n\t\t\t\t\t\t\t<p data-testid=\"OZdVmgLOQoVXp6nSBmzEz\"><span style=\"color: #e95a22; font-size: 15px;\"><strong>7 avril :<\/strong><\/span><span style=\"font-size: 15px;\"> <i><strong>Environnement juridique<\/strong><\/i> des associations relevant du spectacle vivant (avec Luc Jambois, consultant &amp; formateur en \u00e9conomie culturelle)<\/span><\/p><p data-testid=\"OZdVmgLOQoVXp6nSBmzEz\"><span style=\"font-family: Lato, sans-serif; color: #e95a22; font-size: 15px;\"><strong>20 avril :<\/strong><\/span><span style=\"font-family: Lato, sans-serif; font-size: 15px;\"> <i><strong>Relation m\u00e9dias<\/strong><\/i> (avec S\u00e9verine Berger, attach\u00e9e de presse)<\/span><\/p><p data-testid=\"OZdVmgLOQoVXp6nSBmzEz\"><span style=\"font-family: Lato, sans-serif; background-color: transparent; color: #e95a22; font-size: 15px;\"><strong>16 mai :<\/strong><\/span><span style=\"font-family: Lato, sans-serif; font-size: 15px;\"> <i><strong>Comptabilit\u00e9<\/strong><\/i> (avec Vincent Beguin, expert comptable)<\/span><\/p><p><span style=\"color: #e95a22; font-size: 15px;\"><strong>30 mai :<\/strong>\u00a0<\/span> <span style=\"font-size: 14px;\"><i><strong>Pr\u00e9sentation des dispositifs de financements publics<\/strong> <\/i><\/span>(avec Isabelle Lazzarini \/ DRAC, Olivier Moreau \/ R\u00e9gion IDF, et St\u00e9phane Marvy)<\/p><p><span style=\"font-size: 14px;\">Formations <\/span><i style=\"font-size: 14px;\"><strong>ouvertes aux adh\u00e9rent.e.s<br \/><\/strong><\/i><span style=\"font-size: 14px;\">Formations <b><i>non-certifiantes<\/i><\/b><\/span><span style=\"font-style: normal; font-variant-ligatures: normal; font-variant-caps: normal; font-weight: 400; font-family: Roboto, Helvetica, Arial, sans-serif; font-size: 15px; color: #e95a22;\"><strong style=\"font-size: 15px;\"><br \/><\/strong><\/span><\/p><p><span style=\"font-variant-ligatures: normal; font-variant-caps: normal; font-family: Roboto, Helvetica, Arial, sans-serif; font-size: 15px; font-style: normal; font-weight: 400; color: #e95a22;\"><strong style=\"font-size: 15px;\">Tarif journ\u00e9e :<br \/><\/strong><\/span><b style=\"font-size: 14px;\"><i>Tarif adh\u00e9rent : 12\u20ac (repas inclus)<br \/><\/i><\/b><b style=\"font-size: 14px;\"><i>Non adh\u00e9rent : nous contacter \u00e0 <span style=\"color: #e84d17;\"><a style=\"color: #e84d17;\" href=\"mailto:prod.collectifmdmidf@gmail.com\">prod.collectifmdmidf@gmail.com<\/a><\/span><\/i><\/b><\/p><p data-testid=\"OZdVmgLOQoVXp6nSBmzEz\">\u00a0<\/p>\t\t\t\t\t\t<\/div>\n\t\t\t\t<\/div>\n\t\t\t\t\t<\/div>\n\t\t<\/div>\n\t\t\t\t<div class=\"elementor-column elementor-col-50 elementor-top-column elementor-element elementor-element-61348c6\" data-id=\"61348c6\" data-element_type=\"column\">\n\t\t\t<div class=\"elementor-widget-wrap elementor-element-populated\">\n\t\t\t\t\t\t<div class=\"elementor-element elementor-element-b62a077 elementor-widget elementor-widget-text-editor\" data-id=\"b62a077\" data-element_type=\"widget\" data-widget_type=\"text-editor.default\">\n\t\t\t\t<div class=\"elementor-widget-container\">\n\t\t\t\t\t\t\t<p data-testid=\"Ln9F8giGqK5WBeMkAUWA_\"><span style=\"font-family: Lato, sans-serif; font-size: 15px;\"><span style=\"font-family: Roboto, Helvetica, Arial, sans-serif;\"><b style=\"font-style: italic;\">&nbsp;Horaires : <\/b>9h30 &#8211; 13h | 14h &#8211; 17h30<\/span><\/span><\/p>\n<p data-testid=\"Ln9F8giGqK5WBeMkAUWA_\"><span style=\"font-family: Lato, sans-serif; font-size: 15px;\"><b><span style=\"font-family: Roboto, Helvetica, Arial, sans-serif;\">Lieu :<i> au Centre National de la Musique&nbsp;<\/i><\/span><\/b><\/span><span style=\"font-family: Lato, sans-serif; font-size: 15px;\"><i><b>au <\/b><u>151-157 avenue de France 75013 Paris<\/u><\/i><\/span><\/p>\n<p data-testid=\"Ln9F8giGqK5WBeMkAUWA_\"><span style=\"font-family: Roboto, Helvetica, Arial, sans-serif; font-size: 15px;\"><i><strong>D\u00e9tail<\/strong><\/i><\/span><span style=\"font-family: Roboto, Helvetica, Arial, sans-serif; font-size: 15px;\"> des contenus <\/span><span style=\"font-family: Roboto, Helvetica, Arial, sans-serif; font-size: 15px;\"><i><strong>&amp; modalit\u00e9s<\/strong><\/i><\/span><span style=\"font-family: Roboto, Helvetica, Arial, sans-serif; font-size: 15px;\"> d&#8217;inscription <\/span><span style=\"font-family: Roboto, Helvetica, Arial, sans-serif; font-size: 15px;\"><i><strong>ci-dessous<\/strong><\/i><strong> !<\/strong><\/span><\/p>\n<p data-testid=\"Ln9F8giGqK5WBeMkAUWA_\"><span style=\"color: #e95a22; font-family: Roboto, Helvetica, Arial, sans-serif; font-size: 15px;\"><strong>Dates limites d&#8217;inscription :<\/strong><\/span><br><span style=\"font-family: Roboto, Helvetica, Arial, sans-serif; font-size: 15px;\">. 7 avril :<\/span> <span style=\"font-family: Roboto, Helvetica, Arial, sans-serif; font-size: 15px;\"><i><strong><u>avant le mer. 22 mars<\/u><\/strong><\/i><\/span><br><span style=\"font-family: Roboto, Helvetica, Arial, sans-serif; font-size: 15px;\">. 20 avril : <i><strong><u>avant le ven. 31 mars<\/u><\/strong><\/i><\/span><br><span style=\"font-family: Roboto, Helvetica, Arial, sans-serif; font-size: 15px;\">. 16 mai : <i><strong><u>avant le ven. 21 avril<\/u><\/strong><\/i><\/span><br><span style=\"font-family: Roboto, Helvetica, Arial, sans-serif; font-size: 15px;\">. 30 mai : <i><strong><u>avant le mar. 9 mai<\/u><\/strong><\/i><\/span><\/p>\n<p><span style=\"font-family: Roboto, Helvetica, Arial, sans-serif; font-size: 15px;\">Le Collectif et le CNM se gardent la possibilit\u00e9 de <u>d\u00e9placer ou annuler<\/u> la formation si <u>un minimum de 4 stagiaires n&#8217;est pas confirm\u00e9<\/u> fermement 10 jours ouvr\u00e9s avant la date de la formation.<\/span><\/p>\t\t\t\t\t\t<\/div>\n\t\t\t\t<\/div>\n\t\t\t\t\t<\/div>\n\t\t<\/div>\n\t\t\t\t\t<\/div>\n\t\t<\/section>\n\t\t\t\t<section class=\"elementor-section elementor-top-section elementor-element elementor-element-a63570f elementor-section-boxed elementor-section-height-default elementor-section-height-default\" data-id=\"a63570f\" data-element_type=\"section\">\n\t\t\t\t\t\t<div class=\"elementor-container elementor-column-gap-default\">\n\t\t\t\t\t<div class=\"elementor-column elementor-col-25 elementor-top-column elementor-element elementor-element-bce8bb5\" data-id=\"bce8bb5\" data-element_type=\"column\">\n\t\t\t<div class=\"elementor-widget-wrap elementor-element-populated\">\n\t\t\t\t\t\t<div class=\"elementor-element elementor-element-fae8680 elementor-widget elementor-widget-image\" data-id=\"fae8680\" data-element_type=\"widget\" data-widget_type=\"image.default\">\n\t\t\t\t<div class=\"elementor-widget-container\">\n\t\t\t\t\t\t\t\t\t\t\t\t\t\t<a href=\"https:\/\/collectifmdm-idf.org\/formation-environnement-juridique\/\" target=\"_blank\">\n\t\t\t\t\t\t\t<img decoding=\"async\" width=\"640\" height=\"640\" src=\"https:\/\/collectifmdm-idf.org\/annuaire5\/wp-content\/uploads\/2023\/03\/carre-1024x1024.png\" class=\"attachment-large size-large wp-image-8967\" alt=\"\" srcset=\"https:\/\/collectifmdm-idf.org\/annuaire5\/wp-content\/uploads\/2023\/03\/carre-1024x1024.png 1024w, https:\/\/collectifmdm-idf.org\/annuaire5\/wp-content\/uploads\/2023\/03\/carre-300x300.png 300w, https:\/\/collectifmdm-idf.org\/annuaire5\/wp-content\/uploads\/2023\/03\/carre-150x150.png 150w, https:\/\/collectifmdm-idf.org\/annuaire5\/wp-content\/uploads\/2023\/03\/carre-768x768.png 768w, https:\/\/collectifmdm-idf.org\/annuaire5\/wp-content\/uploads\/2023\/03\/carre-1536x1536.png 1536w, https:\/\/collectifmdm-idf.org\/annuaire5\/wp-content\/uploads\/2023\/03\/carre-2048x2048.png 2048w, https:\/\/collectifmdm-idf.org\/annuaire5\/wp-content\/uploads\/2023\/03\/carre-270x270.png 270w, https:\/\/collectifmdm-idf.org\/annuaire5\/wp-content\/uploads\/2023\/03\/carre-230x230.png 230w\" sizes=\"(max-width: 640px) 100vw, 640px\" title=\"\" \/>\t\t\t\t\t\t\t\t<\/a>\n\t\t\t\t\t\t\t\t\t\t\t\t\t<\/div>\n\t\t\t\t<\/div>\n\t\t\t\t\t<\/div>\n\t\t<\/div>\n\t\t\t\t<div class=\"elementor-column elementor-col-25 elementor-top-column elementor-element elementor-element-5d68d6f\" data-id=\"5d68d6f\" data-element_type=\"column\">\n\t\t\t<div class=\"elementor-widget-wrap elementor-element-populated\">\n\t\t\t\t\t\t<div class=\"elementor-element elementor-element-3aa3f81 elementor-widget elementor-widget-image\" data-id=\"3aa3f81\" data-element_type=\"widget\" data-widget_type=\"image.default\">\n\t\t\t\t<div class=\"elementor-widget-container\">\n\t\t\t\t\t\t\t\t\t\t\t\t\t\t<a href=\"https:\/\/collectifmdm-idf.org\/formation-relation-medias\/\" target=\"_blank\">\n\t\t\t\t\t\t\t<img decoding=\"async\" width=\"640\" height=\"640\" src=\"https:\/\/collectifmdm-idf.org\/annuaire5\/wp-content\/uploads\/2023\/03\/carre-1-1024x1024.png\" class=\"attachment-large size-large wp-image-8968\" alt=\"\" srcset=\"https:\/\/collectifmdm-idf.org\/annuaire5\/wp-content\/uploads\/2023\/03\/carre-1-1024x1024.png 1024w, https:\/\/collectifmdm-idf.org\/annuaire5\/wp-content\/uploads\/2023\/03\/carre-1-300x300.png 300w, https:\/\/collectifmdm-idf.org\/annuaire5\/wp-content\/uploads\/2023\/03\/carre-1-150x150.png 150w, https:\/\/collectifmdm-idf.org\/annuaire5\/wp-content\/uploads\/2023\/03\/carre-1-768x768.png 768w, https:\/\/collectifmdm-idf.org\/annuaire5\/wp-content\/uploads\/2023\/03\/carre-1-1536x1536.png 1536w, https:\/\/collectifmdm-idf.org\/annuaire5\/wp-content\/uploads\/2023\/03\/carre-1-2048x2048.png 2048w, https:\/\/collectifmdm-idf.org\/annuaire5\/wp-content\/uploads\/2023\/03\/carre-1-270x270.png 270w, https:\/\/collectifmdm-idf.org\/annuaire5\/wp-content\/uploads\/2023\/03\/carre-1-230x230.png 230w\" sizes=\"(max-width: 640px) 100vw, 640px\" title=\"\" \/>\t\t\t\t\t\t\t\t<\/a>\n\t\t\t\t\t\t\t\t\t\t\t\t\t<\/div>\n\t\t\t\t<\/div>\n\t\t\t\t\t<\/div>\n\t\t<\/div>\n\t\t\t\t<div class=\"elementor-column elementor-col-25 elementor-top-column elementor-element elementor-element-3ba0796\" data-id=\"3ba0796\" data-element_type=\"column\">\n\t\t\t<div class=\"elementor-widget-wrap elementor-element-populated\">\n\t\t\t\t\t\t<div class=\"elementor-element elementor-element-4130e71 elementor-widget elementor-widget-image\" data-id=\"4130e71\" data-element_type=\"widget\" data-widget_type=\"image.default\">\n\t\t\t\t<div class=\"elementor-widget-container\">\n\t\t\t\t\t\t\t\t\t\t\t\t\t\t<a href=\"https:\/\/collectifmdm-idf.org\/formation-comptabilite\/\" target=\"_blank\">\n\t\t\t\t\t\t\t<img loading=\"lazy\" decoding=\"async\" width=\"640\" height=\"640\" src=\"https:\/\/collectifmdm-idf.org\/annuaire5\/wp-content\/uploads\/2023\/03\/carre-2-1024x1024.png\" class=\"attachment-large size-large wp-image-8969\" alt=\"\" srcset=\"https:\/\/collectifmdm-idf.org\/annuaire5\/wp-content\/uploads\/2023\/03\/carre-2-1024x1024.png 1024w, https:\/\/collectifmdm-idf.org\/annuaire5\/wp-content\/uploads\/2023\/03\/carre-2-300x300.png 300w, https:\/\/collectifmdm-idf.org\/annuaire5\/wp-content\/uploads\/2023\/03\/carre-2-150x150.png 150w, https:\/\/collectifmdm-idf.org\/annuaire5\/wp-content\/uploads\/2023\/03\/carre-2-768x768.png 768w, https:\/\/collectifmdm-idf.org\/annuaire5\/wp-content\/uploads\/2023\/03\/carre-2-1536x1536.png 1536w, https:\/\/collectifmdm-idf.org\/annuaire5\/wp-content\/uploads\/2023\/03\/carre-2-2048x2048.png 2048w, https:\/\/collectifmdm-idf.org\/annuaire5\/wp-content\/uploads\/2023\/03\/carre-2-270x270.png 270w, https:\/\/collectifmdm-idf.org\/annuaire5\/wp-content\/uploads\/2023\/03\/carre-2-230x230.png 230w\" sizes=\"(max-width: 640px) 100vw, 640px\" title=\"\" \/>\t\t\t\t\t\t\t\t<\/a>\n\t\t\t\t\t\t\t\t\t\t\t\t\t<\/div>\n\t\t\t\t<\/div>\n\t\t\t\t\t<\/div>\n\t\t<\/div>\n\t\t\t\t<div class=\"elementor-column elementor-col-25 elementor-top-column elementor-element elementor-element-acd161a\" data-id=\"acd161a\" data-element_type=\"column\">\n\t\t\t<div class=\"elementor-widget-wrap elementor-element-populated\">\n\t\t\t\t\t\t<div class=\"elementor-element elementor-element-883ca92 elementor-widget elementor-widget-image\" data-id=\"883ca92\" data-element_type=\"widget\" data-widget_type=\"image.default\">\n\t\t\t\t<div class=\"elementor-widget-container\">\n\t\t\t\t\t\t\t\t\t\t\t\t\t\t<a href=\"https:\/\/collectifmdm-idf.org\/formation-dispositifs-de-financements-publics\/\" target=\"_blank\">\n\t\t\t\t\t\t\t<img loading=\"lazy\" decoding=\"async\" width=\"640\" height=\"640\" src=\"https:\/\/collectifmdm-idf.org\/annuaire5\/wp-content\/uploads\/2023\/03\/carre-3-1024x1024.png\" class=\"attachment-large size-large wp-image-8970\" alt=\"\" srcset=\"https:\/\/collectifmdm-idf.org\/annuaire5\/wp-content\/uploads\/2023\/03\/carre-3-1024x1024.png 1024w, https:\/\/collectifmdm-idf.org\/annuaire5\/wp-content\/uploads\/2023\/03\/carre-3-300x300.png 300w, https:\/\/collectifmdm-idf.org\/annuaire5\/wp-content\/uploads\/2023\/03\/carre-3-150x150.png 150w, https:\/\/collectifmdm-idf.org\/annuaire5\/wp-content\/uploads\/2023\/03\/carre-3-768x768.png 768w, https:\/\/collectifmdm-idf.org\/annuaire5\/wp-content\/uploads\/2023\/03\/carre-3-1536x1536.png 1536w, https:\/\/collectifmdm-idf.org\/annuaire5\/wp-content\/uploads\/2023\/03\/carre-3-2048x2048.png 2048w, https:\/\/collectifmdm-idf.org\/annuaire5\/wp-content\/uploads\/2023\/03\/carre-3-270x270.png 270w, https:\/\/collectifmdm-idf.org\/annuaire5\/wp-content\/uploads\/2023\/03\/carre-3-230x230.png 230w\" sizes=\"(max-width: 640px) 100vw, 640px\" title=\"\" \/>\t\t\t\t\t\t\t\t<\/a>\n\t\t\t\t\t\t\t\t\t\t\t\t\t<\/div>\n\t\t\t\t<\/div>\n\t\t\t\t\t<\/div>\n\t\t<\/div>\n\t\t\t\t\t<\/div>\n\t\t<\/section>\n\t\t\t\t<section class=\"elementor-section elementor-top-section elementor-element elementor-element-1a5308d elementor-section-boxed elementor-section-height-default elementor-section-height-default\" data-id=\"1a5308d\" data-element_type=\"section\">\n\t\t\t\t\t\t<div class=\"elementor-container elementor-column-gap-default\">\n\t\t\t\t\t<div class=\"elementor-column elementor-col-100 elementor-top-column elementor-element elementor-element-15499dd\" data-id=\"15499dd\" data-element_type=\"column\">\n\t\t\t<div class=\"elementor-widget-wrap elementor-element-populated\">\n\t\t\t\t\t\t<div class=\"elementor-element elementor-element-90640fd elementor-widget-divider--view-line elementor-widget elementor-widget-divider\" data-id=\"90640fd\" data-element_type=\"widget\" data-widget_type=\"divider.default\">\n\t\t\t\t<div class=\"elementor-widget-container\">\n\t\t\t\t\t<div class=\"elementor-divider\">\n\t\t\t<span class=\"elementor-divider-separator\">\n\t\t\t\t\t\t<\/span>\n\t\t<\/div>\n\t\t\t\t<\/div>\n\t\t\t\t<\/div>\n\t\t\t\t<div class=\"elementor-element elementor-element-a8d3773 elementor-widget elementor-widget-text-editor\" data-id=\"a8d3773\" data-element_type=\"widget\" data-widget_type=\"text-editor.default\">\n\t\t\t\t<div class=\"elementor-widget-container\">\n\t\t\t\t\t\t\t<p style=\"text-align: center;\"><span style=\"color: #000000;\">Avec les aides du Centre national de la musique (<strong>CNM<\/strong>) et de la Direction r\u00e9gionale acad\u00e9mique, jeunesse, engagement et sports (<strong>DRAJES<\/strong>)<\/span><\/p>\t\t\t\t\t\t<\/div>\n\t\t\t\t<\/div>\n\t\t\t\t\t<\/div>\n\t\t<\/div>\n\t\t\t\t\t<\/div>\n\t\t<\/section>\n\t\t\t\t<section class=\"elementor-section elementor-top-section elementor-element elementor-element-733edb3 elementor-section-boxed elementor-section-height-default elementor-section-height-default\" data-id=\"733edb3\" data-element_type=\"section\">\n\t\t\t\t\t\t<div class=\"elementor-container elementor-column-gap-default\">\n\t\t\t\t\t<div class=\"elementor-column elementor-col-50 elementor-top-column elementor-element elementor-element-903baba\" data-id=\"903baba\" data-element_type=\"column\">\n\t\t\t<div class=\"elementor-widget-wrap elementor-element-populated\">\n\t\t\t\t\t\t<div class=\"elementor-element elementor-element-9fc420c elementor-widget elementor-widget-image\" data-id=\"9fc420c\" data-element_type=\"widget\" data-widget_type=\"image.default\">\n\t\t\t\t<div class=\"elementor-widget-container\">\n\t\t\t\t\t\t\t\t\t\t\t\t\t\t<a href=\"https:\/\/cnm.fr\/\" target=\"_blank\">\n\t\t\t\t\t\t\t<img decoding=\"async\" src=\"https:\/\/collectifmdm-idf.org\/annuaire5\/wp-content\/uploads\/elementor\/thumbs\/cnm-logo-rvb-02-1-1024x470-1-qyq4q9u8qu899ro3nfukdlll43wkq9x9xsc6xp96dq.png\" title=\"cnm-logo-rvb-02-1-1024&#215;470\" alt=\"cnm-logo-rvb-02-1-1024x470\" loading=\"lazy\" \/>\t\t\t\t\t\t\t\t<\/a>\n\t\t\t\t\t\t\t\t\t\t\t\t\t<\/div>\n\t\t\t\t<\/div>\n\t\t\t\t\t<\/div>\n\t\t<\/div>\n\t\t\t\t<div class=\"elementor-column elementor-col-50 elementor-top-column elementor-element elementor-element-710ed74\" data-id=\"710ed74\" data-element_type=\"column\">\n\t\t\t<div class=\"elementor-widget-wrap elementor-element-populated\">\n\t\t\t\t\t\t<div class=\"elementor-element elementor-element-7ca4010 elementor-widget elementor-widget-image\" data-id=\"7ca4010\" data-element_type=\"widget\" data-widget_type=\"image.default\">\n\t\t\t\t<div class=\"elementor-widget-container\">\n\t\t\t\t\t\t\t\t\t\t\t\t\t\t<a href=\"https:\/\/www.ac-paris.fr\/RAIDF\" target=\"_blank\">\n\t\t\t\t\t\t\t<img decoding=\"async\" src=\"https:\/\/collectifmdm-idf.org\/annuaire5\/wp-content\/uploads\/elementor\/thumbs\/Region_academique_Ile-de-France-qyq4q1dofeiqsklnzf3kgo89fw6k42df9gx5jzmle0.png\" title=\"R\u00e9gion_acad\u00e9mique_\u00cele-de-France\" alt=\"R\u00e9gion_acad\u00e9mique_\u00cele-de-France\" loading=\"lazy\" \/>\t\t\t\t\t\t\t\t<\/a>\n\t\t\t\t\t\t\t\t\t\t\t\t\t<\/div>\n\t\t\t\t<\/div>\n\t\t\t\t\t<\/div>\n\t\t<\/div>\n\t\t\t\t\t<\/div>\n\t\t<\/section>\n\t\t\t\t<\/div>\n\t\t","protected":false},"excerpt":{"rendered":"<p>En 2023, le Collectif Musiques et Danses du Monde en \u00cele-de-France a organis\u00e9 quatre journ\u00e9es de formation, en partenariat avec le Centre National de la Musique !Nous les avons pens\u00e9es pour vous, afin de vous permettre d&#8217;obtenir des comp\u00e9tences dans des domaines<\/p>\n<p class=\"link-more\"><a class=\"myButt \" href=\"https:\/\/collectifmdm-idf.org\/annuaire5\/collectif-mdm-idf-x-cnm-4-journees-de-formation\/\">EN SAVOIR +<\/a><\/p>\n","protected":false},"author":1,"featured_media":0,"comment_status":"open","ping_status":"open","sticky":false,"template":"elementor_header_footer","format":"standard","meta":{"_rtcl_gb_attr":"","footnotes":""},"categories":[130],"tags":[131],"class_list":["post-8960","post","type-post","status-publish","format-standard","hentry","category-formation","tag-formation"],"_links":{"self":[{"href":"https:\/\/collectifmdm-idf.org\/annuaire5\/wp-json\/wp\/v2\/posts\/8960","targetHints":{"allow":["GET"]}}],"collection":[{"href":"https:\/\/collectifmdm-idf.org\/annuaire5\/wp-json\/wp\/v2\/posts"}],"about":[{"href":"https:\/\/collectifmdm-idf.org\/annuaire5\/wp-json\/wp\/v2\/types\/post"}],"author":[{"embeddable":true,"href":"https:\/\/collectifmdm-idf.org\/annuaire5\/wp-json\/wp\/v2\/users\/1"}],"replies":[{"embeddable":true,"href":"https:\/\/collectifmdm-idf.org\/annuaire5\/wp-json\/wp\/v2\/comments?post=8960"}],"version-history":[{"count":1,"href":"https:\/\/collectifmdm-idf.org\/annuaire5\/wp-json\/wp\/v2\/posts\/8960\/revisions"}],"predecessor-version":[{"id":13865,"href":"https:\/\/collectifmdm-idf.org\/annuaire5\/wp-json\/wp\/v2\/posts\/8960\/revisions\/13865"}],"wp:attachment":[{"href":"https:\/\/collectifmdm-idf.org\/annuaire5\/wp-json\/wp\/v2\/media?parent=8960"}],"wp:term":[{"taxonomy":"category","embeddable":true,"href":"https:\/\/collectifmdm-idf.org\/annuaire5\/wp-json\/wp\/v2\/categories?post=8960"},{"taxonomy":"post_tag","embeddable":true,"href":"https:\/\/collectifmdm-idf.org\/annuaire5\/wp-json\/wp\/v2\/tags?post=8960"}],"curies":[{"name":"wp","href":"https:\/\/api.w.org\/{rel}","templated":true}]}}