{"id":8881,"date":"2023-02-27T18:52:26","date_gmt":"2023-02-27T17:52:26","guid":{"rendered":"https:\/\/collectifmdm-idf.org\/?p=8881"},"modified":"2024-02-20T13:03:25","modified_gmt":"2024-02-20T12:03:25","slug":"scenes-du-monde-au-canal-les-freres-dubz","status":"publish","type":"post","link":"https:\/\/collectifmdm-idf.org\/annuaire5\/scenes-du-monde-au-canal-les-freres-dubz\/","title":{"rendered":"Sc\u00e8nes du Monde au Canal : Les Fr\u00e8res D\u00fcbz !"},"content":{"rendered":"\t\t<div data-elementor-type=\"wp-post\" data-elementor-id=\"8881\" class=\"elementor elementor-8881\">\n\t\t\t\t\t\t<section class=\"elementor-section elementor-top-section elementor-element elementor-element-162adc9 elementor-section-boxed elementor-section-height-default elementor-section-height-default\" data-id=\"162adc9\" data-element_type=\"section\">\n\t\t\t\t\t\t<div class=\"elementor-container elementor-column-gap-default\">\n\t\t\t\t\t<div class=\"elementor-column elementor-col-100 elementor-top-column elementor-element elementor-element-0db4f34\" data-id=\"0db4f34\" data-element_type=\"column\">\n\t\t\t<div class=\"elementor-widget-wrap elementor-element-populated\">\n\t\t\t\t\t\t<div class=\"elementor-element elementor-element-27de2eb elementor-widget elementor-widget-image\" data-id=\"27de2eb\" data-element_type=\"widget\" data-widget_type=\"image.default\">\n\t\t\t\t<div class=\"elementor-widget-container\">\n\t\t\t\t\t\t\t\t\t\t\t\t\t<img fetchpriority=\"high\" decoding=\"async\" width=\"1200\" height=\"360\" src=\"https:\/\/collectifmdm-idf.org\/annuaire5\/wp-content\/uploads\/2023\/02\/COVER-126.jpg\" class=\"attachment-full size-full wp-image-8839\" alt=\"\" srcset=\"https:\/\/collectifmdm-idf.org\/annuaire5\/wp-content\/uploads\/2023\/02\/COVER-126.jpg 1200w, https:\/\/collectifmdm-idf.org\/annuaire5\/wp-content\/uploads\/2023\/02\/COVER-126-300x90.jpg 300w, https:\/\/collectifmdm-idf.org\/annuaire5\/wp-content\/uploads\/2023\/02\/COVER-126-1024x307.jpg 1024w, https:\/\/collectifmdm-idf.org\/annuaire5\/wp-content\/uploads\/2023\/02\/COVER-126-768x230.jpg 768w\" sizes=\"(max-width: 1200px) 100vw, 1200px\" title=\"\" \/>\t\t\t\t\t\t\t\t\t\t\t\t\t<\/div>\n\t\t\t\t<\/div>\n\t\t\t\t\t<\/div>\n\t\t<\/div>\n\t\t\t\t\t<\/div>\n\t\t<\/section>\n\t\t\t\t<section class=\"elementor-section elementor-top-section elementor-element elementor-element-ed15532 elementor-section-boxed elementor-section-height-default elementor-section-height-default\" data-id=\"ed15532\" data-element_type=\"section\">\n\t\t\t\t\t\t<div class=\"elementor-container elementor-column-gap-default\">\n\t\t\t\t\t<div class=\"elementor-column elementor-col-100 elementor-top-column elementor-element elementor-element-2bcde3c\" data-id=\"2bcde3c\" data-element_type=\"column\">\n\t\t\t<div class=\"elementor-widget-wrap elementor-element-populated\">\n\t\t\t\t\t\t<div class=\"elementor-element elementor-element-d045408 elementor-widget elementor-widget-text-editor\" data-id=\"d045408\" data-element_type=\"widget\" data-widget_type=\"text-editor.default\">\n\t\t\t\t<div class=\"elementor-widget-container\">\n\t\t\t\t\t\t\t<p style=\"text-align: center;\"><span style=\"color: #000000;\"><strong>Mercredi 8 mars 2023 \u2013 20h<br \/><\/strong>En partenariat avec le\u00a0<span style=\"color: #e85922;\"><strong><a style=\"color: #e85922;\" href=\"https:\/\/www.crl10.net\/\" target=\"_blank\" rel=\"noopener\">CRL10<\/a><\/strong><\/span><\/span><\/p><p style=\"text-align: center;\"><span style=\"color: #000000;\"><strong><em>Dans le cadre des Musiques du monde au canal, Les Fr\u00e8res D\u00fcbz vous invitent \u00e0 partager ce qu&#8217;ils ont de plus pr\u00e9cieux : un r\u00e9pertoire constitu\u00e9 de compositions et de danses traditionnelles grecques.<\/em><\/strong><\/span><\/p>\t\t\t\t\t\t<\/div>\n\t\t\t\t<\/div>\n\t\t\t\t\t<\/div>\n\t\t<\/div>\n\t\t\t\t\t<\/div>\n\t\t<\/section>\n\t\t\t\t<section class=\"elementor-section elementor-top-section elementor-element elementor-element-efdbcf5 elementor-section-boxed elementor-section-height-default elementor-section-height-default\" data-id=\"efdbcf5\" data-element_type=\"section\">\n\t\t\t\t\t\t<div class=\"elementor-container elementor-column-gap-default\">\n\t\t\t\t\t<div class=\"elementor-column elementor-col-50 elementor-top-column elementor-element elementor-element-1d43c7b\" data-id=\"1d43c7b\" data-element_type=\"column\">\n\t\t\t<div class=\"elementor-widget-wrap elementor-element-populated\">\n\t\t\t\t\t\t<div class=\"elementor-element elementor-element-894e64c elementor-align-center elementor-widget elementor-widget-button\" data-id=\"894e64c\" data-element_type=\"widget\" data-widget_type=\"button.default\">\n\t\t\t\t<div class=\"elementor-widget-container\">\n\t\t\t\t\t\t\t<div class=\"elementor-button-wrapper\">\n\t\t\t\t\t<a class=\"elementor-button elementor-button-link elementor-size-sm\" href=\"https:\/\/www.helloasso.com\/associations\/crl10\/evenements\/les-freres-dubz?fbclid=IwAR23xId1u02wTLDSO8KMEaeub93ncQOMPP_V-RCUCJ59XoRDPhyW5g7b3aY\" target=\"_blank\">\n\t\t\t\t\t\t<span class=\"elementor-button-content-wrapper\">\n\t\t\t\t\t\t\t\t\t<span class=\"elementor-button-text\">BILLETTERIE<\/span>\n\t\t\t\t\t<\/span>\n\t\t\t\t\t<\/a>\n\t\t\t\t<\/div>\n\t\t\t\t\t\t<\/div>\n\t\t\t\t<\/div>\n\t\t\t\t\t<\/div>\n\t\t<\/div>\n\t\t\t\t<div class=\"elementor-column elementor-col-50 elementor-top-column elementor-element elementor-element-8e76481\" data-id=\"8e76481\" data-element_type=\"column\">\n\t\t\t<div class=\"elementor-widget-wrap elementor-element-populated\">\n\t\t\t\t\t\t<div class=\"elementor-element elementor-element-1db351c elementor-align-center elementor-widget elementor-widget-button\" data-id=\"1db351c\" data-element_type=\"widget\" data-widget_type=\"button.default\">\n\t\t\t\t<div class=\"elementor-widget-container\">\n\t\t\t\t\t\t\t<div class=\"elementor-button-wrapper\">\n\t\t\t\t\t<a class=\"elementor-button elementor-button-link elementor-size-sm\" href=\"https:\/\/fb.me\/e\/45j6wBZPP\" target=\"_blank\">\n\t\t\t\t\t\t<span class=\"elementor-button-content-wrapper\">\n\t\t\t\t\t\t\t\t\t<span class=\"elementor-button-text\">FACEBOOK<\/span>\n\t\t\t\t\t<\/span>\n\t\t\t\t\t<\/a>\n\t\t\t\t<\/div>\n\t\t\t\t\t\t<\/div>\n\t\t\t\t<\/div>\n\t\t\t\t\t<\/div>\n\t\t<\/div>\n\t\t\t\t\t<\/div>\n\t\t<\/section>\n\t\t\t\t<section class=\"elementor-section elementor-top-section elementor-element elementor-element-6d0049a elementor-section-boxed elementor-section-height-default elementor-section-height-default\" data-id=\"6d0049a\" data-element_type=\"section\">\n\t\t\t\t\t\t<div class=\"elementor-container elementor-column-gap-default\">\n\t\t\t\t\t<div class=\"elementor-column elementor-col-100 elementor-top-column elementor-element elementor-element-575bf0a\" data-id=\"575bf0a\" data-element_type=\"column\">\n\t\t\t<div class=\"elementor-widget-wrap elementor-element-populated\">\n\t\t\t\t\t\t<div class=\"elementor-element elementor-element-ae4421b elementor-widget elementor-widget-text-editor\" data-id=\"ae4421b\" data-element_type=\"widget\" data-widget_type=\"text-editor.default\">\n\t\t\t\t<div class=\"elementor-widget-container\">\n\t\t\t\t\t\t\t<p><span style=\"color: #000000; font-size: 16px;\">Les Fr\u00e8res d\u00fcbz est un projet de compositions autour des musiques traditionnelles grecques. C&#8217;est accompagn\u00e9 d&#8217;une section rythmique (contrebasse et percussion) qu&#8217;ils ont cr\u00e9\u00e9 un ensemble de cordes capable aussi bien d&#8217;<b>explorer les \u00e9motions les plus intimes<\/b> que de <b>susciter la folie g\u00e9n\u00e9rale<\/b>.<\/span><\/p>\n<p><span style=\"color: #000000;\"><strong>INFOS PRATIQUES :<br><\/strong><\/span><span style=\"color: #000000;\"><img decoding=\"async\" class=\"emoji\" role=\"img\" draggable=\"false\" src=\"https:\/\/s.w.org\/images\/core\/emoji\/14.0.0\/svg\/1f4cd.svg\" alt=\"\ud83d\udccd\"> Sc\u00e8ne du Canal &#8211; Espace Jemmapes<\/span><br><span style=\"color: #000000;\"><img decoding=\"async\" class=\"emoji\" role=\"img\" draggable=\"false\" src=\"https:\/\/s.w.org\/images\/core\/emoji\/14.0.0\/svg\/1f39f.svg\" alt=\"\ud83c\udf9f\ufe0f\"> 15\u20ac\/12\u20ac<\/span><br><span style=\"color: #000000;\"><img decoding=\"async\" class=\"emoji\" role=\"img\" draggable=\"false\" src=\"https:\/\/s.w.org\/images\/core\/emoji\/14.0.0\/svg\/1f4c5.svg\" alt=\"\ud83d\udcc5\"> Mercredi 8 mars 2023 &#8211; 20h<\/span><br><span style=\"color: #000000;\">Pour plus d\u2019informations rendez-vous sur notre site internet : www.crl10.net<\/span><\/p>\t\t\t\t\t\t<\/div>\n\t\t\t\t<\/div>\n\t\t\t\t\t<\/div>\n\t\t<\/div>\n\t\t\t\t\t<\/div>\n\t\t<\/section>\n\t\t\t\t<\/div>\n\t\t","protected":false},"excerpt":{"rendered":"<p>Mercredi 8 mars 2023 \u2013 20hEn partenariat avec le\u00a0CRL10 Dans le cadre des Musiques du monde au canal, Les Fr\u00e8res D\u00fcbz vous invitent \u00e0 partager ce qu&#8217;ils ont de plus pr\u00e9cieux : un r\u00e9pertoire constitu\u00e9 de compositions et de danses traditionnelles grecques.<\/p>\n<p class=\"link-more\"><a class=\"myButt \" href=\"https:\/\/collectifmdm-idf.org\/annuaire5\/scenes-du-monde-au-canal-les-freres-dubz\/\">EN SAVOIR +<\/a><\/p>\n","protected":false},"author":1,"featured_media":0,"comment_status":"open","ping_status":"open","sticky":false,"template":"elementor_header_footer","format":"standard","meta":{"_rtcl_gb_attr":"","footnotes":""},"categories":[7,104,129],"tags":[],"class_list":["post-8881","post","type-post","status-publish","format-standard","hentry","category-concert","category-musiques-du-monde-au-canal","category-scenes-du-monde-au-canal"],"_links":{"self":[{"href":"https:\/\/collectifmdm-idf.org\/annuaire5\/wp-json\/wp\/v2\/posts\/8881","targetHints":{"allow":["GET"]}}],"collection":[{"href":"https:\/\/collectifmdm-idf.org\/annuaire5\/wp-json\/wp\/v2\/posts"}],"about":[{"href":"https:\/\/collectifmdm-idf.org\/annuaire5\/wp-json\/wp\/v2\/types\/post"}],"author":[{"embeddable":true,"href":"https:\/\/collectifmdm-idf.org\/annuaire5\/wp-json\/wp\/v2\/users\/1"}],"replies":[{"embeddable":true,"href":"https:\/\/collectifmdm-idf.org\/annuaire5\/wp-json\/wp\/v2\/comments?post=8881"}],"version-history":[{"count":4,"href":"https:\/\/collectifmdm-idf.org\/annuaire5\/wp-json\/wp\/v2\/posts\/8881\/revisions"}],"predecessor-version":[{"id":13847,"href":"https:\/\/collectifmdm-idf.org\/annuaire5\/wp-json\/wp\/v2\/posts\/8881\/revisions\/13847"}],"wp:attachment":[{"href":"https:\/\/collectifmdm-idf.org\/annuaire5\/wp-json\/wp\/v2\/media?parent=8881"}],"wp:term":[{"taxonomy":"category","embeddable":true,"href":"https:\/\/collectifmdm-idf.org\/annuaire5\/wp-json\/wp\/v2\/categories?post=8881"},{"taxonomy":"post_tag","embeddable":true,"href":"https:\/\/collectifmdm-idf.org\/annuaire5\/wp-json\/wp\/v2\/tags?post=8881"}],"curies":[{"name":"wp","href":"https:\/\/api.w.org\/{rel}","templated":true}]}}