{"id":888,"date":"2020-05-08T18:46:00","date_gmt":"2020-05-08T16:46:00","guid":{"rendered":"http:\/\/collectifmdm-idf.org\/?p=888"},"modified":"2020-10-08T20:37:42","modified_gmt":"2020-10-08T18:37:42","slug":"la-vie-continue","status":"publish","type":"post","link":"https:\/\/collectifmdm-idf.org\/annuaire5\/la-vie-continue\/","title":{"rendered":"LA VIE CONTINUE."},"content":{"rendered":"\n<h2 class=\"wp-block-heading\"><\/h2>\n\n\n\n<p class=\"has-text-align-center has-medium-font-size\">Apr\u00e8s le d\u00e9confinement, \u00e0 nous les quartiers !<br>Quartier libre aux propositions artistiques<br>des adh\u00e9rents du Collectif MDM IdF.<\/p>\n\n\n\n<p class=\"has-text-align-center has-medium-font-size\">Alors que les salles de spectacles sont ferm\u00e9es,<br>les membres du Collectif MDM IdF<br>inventent le spectacle autrement.<\/p>\n\n\n\n<p class=\"has-text-align-center has-medium-font-size\">D&#8217;autres formes de musiques et de danses con\u00e7ues pour les espaces publics.<br>Des moments partag\u00e9s dans les limites des gestes barri\u00e8res,<br>jou\u00e9s aux pieds des immeubles, sur les places, dans les parcs &amp; jardins &#8230;<\/p>\n\n\n\n<p class=\"has-text-align-center has-medium-font-size\">Vous \u00eates adh\u00e9rent, ancien, nouveau ?<\/p>\n\n\n\n<p class=\"has-text-align-center has-medium-font-size\">Vous \u00eates disponible en \u00cele-de-France ?<\/p>\n\n\n\n<p class=\"has-text-color has-text-align-center has-medium-font-size has-luminous-vivid-orange-color\"><strong>Alors PARTICIPEZ !<\/strong><\/p>\n\n\n\n<p class=\"has-text-align-center has-medium-font-size\">Envoyez vos propositions :<br>Petites formes organis\u00e9es, configur\u00e9es \u00e0 votre guise, mais d&#8217;abord acoustiques.<br>D\u00e9crivez bri\u00e8vement votre proposition.<br>Voyez la grille de tarifs.<\/p>\n\n\n\n<p class=\"has-text-align-center has-medium-font-size\">Le Collectif MDM IdF, en partenariat avec Villes des Musiques du Monde, rassemble vos propositions, \u00e9dite une plaquette, qui sera largement diffus\u00e9e aux villes et aux services culturels des collectivit\u00e9s d&#8217;Ile-de-France.<\/p>\n\n\n\n<p class=\"has-text-align-center has-medium-font-size\">Ensemble, passons un bel \u00e9t\u00e9 !<br>La vie continue.<\/p>\n\n\n\n<p class=\"has-text-align-center has-medium-font-size\"><br><strong>FORMULAIRE D&#8217;INSCRIPTION disponible ICI :<\/strong><\/p>\n\n\n\n<p class=\"has-text-align-center has-medium-font-size\"><\/p>\n\n\n\n<p class=\"has-text-align-center has-medium-font-size\"><strong>DATE LIMITE D&#8217;INSCRIPTION : VENDREDI 22 MAI 2020<\/strong><\/p>\n\n\n\n<h2 class=\"wp-block-heading\"><\/h2>\n\n\n\n<h2 class=\"has-luminous-vivid-orange-color has-text-color has-text-align-center wp-block-heading\">&#8212;o&#8212;<\/h2>\n\n\n\n<h2 class=\"wp-block-heading\"><\/h2>\n","protected":false},"excerpt":{"rendered":"<p>Apr\u00e8s le d\u00e9confinement, \u00e0 nous les quartiers !Quartier libre aux propositions artistiquesdes adh\u00e9rents du Collectif MDM IdF. Alors que les salles de spectacles sont ferm\u00e9es,les membres du Collectif MDM IdFinventent le spectacle autrement. D&#8217;autres formes de musiques et de danses con\u00e7ues pour<\/p>\n<p class=\"link-more\"><a class=\"myButt \" href=\"https:\/\/collectifmdm-idf.org\/annuaire5\/la-vie-continue\/\">EN SAVOIR +<\/a><\/p>\n","protected":false},"author":1,"featured_media":891,"comment_status":"open","ping_status":"open","sticky":false,"template":"","format":"standard","meta":{"_rtcl_gb_attr":"","footnotes":""},"categories":[37,7,8],"tags":[],"class_list":["post-888","post","type-post","status-publish","format-standard","has-post-thumbnail","hentry","category-appel-a-candidatures","category-concert","category-danse"],"_links":{"self":[{"href":"https:\/\/collectifmdm-idf.org\/annuaire5\/wp-json\/wp\/v2\/posts\/888","targetHints":{"allow":["GET"]}}],"collection":[{"href":"https:\/\/collectifmdm-idf.org\/annuaire5\/wp-json\/wp\/v2\/posts"}],"about":[{"href":"https:\/\/collectifmdm-idf.org\/annuaire5\/wp-json\/wp\/v2\/types\/post"}],"author":[{"embeddable":true,"href":"https:\/\/collectifmdm-idf.org\/annuaire5\/wp-json\/wp\/v2\/users\/1"}],"replies":[{"embeddable":true,"href":"https:\/\/collectifmdm-idf.org\/annuaire5\/wp-json\/wp\/v2\/comments?post=888"}],"version-history":[{"count":0,"href":"https:\/\/collectifmdm-idf.org\/annuaire5\/wp-json\/wp\/v2\/posts\/888\/revisions"}],"wp:featuredmedia":[{"embeddable":true,"href":"https:\/\/collectifmdm-idf.org\/annuaire5\/wp-json\/wp\/v2\/media\/891"}],"wp:attachment":[{"href":"https:\/\/collectifmdm-idf.org\/annuaire5\/wp-json\/wp\/v2\/media?parent=888"}],"wp:term":[{"taxonomy":"category","embeddable":true,"href":"https:\/\/collectifmdm-idf.org\/annuaire5\/wp-json\/wp\/v2\/categories?post=888"},{"taxonomy":"post_tag","embeddable":true,"href":"https:\/\/collectifmdm-idf.org\/annuaire5\/wp-json\/wp\/v2\/tags?post=888"}],"curies":[{"name":"wp","href":"https:\/\/api.w.org\/{rel}","templated":true}]}}