{"id":880,"date":"2020-04-09T18:25:00","date_gmt":"2020-04-09T16:25:00","guid":{"rendered":"http:\/\/collectifmdm-idf.org\/?p=880"},"modified":"2020-10-08T20:37:50","modified_gmt":"2020-10-08T18:37:50","slug":"lancement-du-prix-des-musiques-dici-4e-edition","status":"publish","type":"post","link":"https:\/\/collectifmdm-idf.org\/annuaire5\/lancement-du-prix-des-musiques-dici-4e-edition\/","title":{"rendered":"Lancement du PRIX DES MUSIQUES D&#8217;ICI 4e \u00e9dition"},"content":{"rendered":"\n<h2 class=\"wp-block-heading\"><\/h2>\n\n\n\n<p>Diaspora Music Awards<\/p>\n\n\n\n<p>Le mouvement d&#8217;une g\u00e9n\u00e9ration transculturelle<\/p>\n\n\n\n<p>La diversit\u00e9 musicale dans la France d&#8217;aujourd&#8217;hui<\/p>\n\n\n\n<p>Villes des Musiques du Monde<br>La FAMDT<br>Le Collectif Musiques du Monde en Ile-de-France<br>pr\u00e9sentent&nbsp;:<\/p>\n\n\n\n<p>&nbsp;Le 4 \u00e8me PRIX DES MUSIQUES D\u2019ICI &#8211; DIASPORA MUSIC AWARDS<\/p>\n\n\n\n<p>LE PRIX DES MUSIQUES D&#8217;ICI : UNE BELLE VICTOIRE !<\/p>\n\n\n\n<p>Paris, Marseille, Lyon, nos villes et leurs banlieues abritent depuis longtemps des centaines de milliers d&#8217;enfants ou de petits enfants de migrants venus de pays lesquels, pour souvent, nous sont proches par l&#8217;histoire ou la g\u00e9ographie. La plupart d&#8217;entre eux restent attach\u00e9s \u00e0 la langue et aux rythmes que leurs a\u00efeux ont apport\u00e9s dans leurs bagages. Ils les c\u00e9l\u00e8brent, revisitent aux c\u00f4t\u00e9s d&#8217;autres musiciens, issus de la sc\u00e8ne trad, rock, jazz, \u00e9lectro ou hip hop et r\u00e9inventent ensemble les musiques d&#8217;aujourd&#8217;hui.<\/p>\n\n\n\n<p>Dans un contexte o\u00f9 Les Victoires de la Musique ont retir\u00e9 la cat\u00e9gorie musiques du monde de leur palmar\u00e8s et de la disparation programm\u00e9e de la cha\u00eene France \u00d4,<\/p>\n\n\n\n<p>Nous pr\u00e9parons une nouvelle \u00e9dition 2020\/2021 du&nbsp;Prix des Musiques d&#8217;ICI &#8211; Diaspora Music Award, essentiel pour la reconnaissance\/valorisation de ces talents.<\/p>\n\n\n\n<p>Des&nbsp;artistes et des expressions musicales qui incarnent le son d&#8217;une diversit\u00e9 culturelle en mouvement&nbsp;dans la France d&#8217;aujourd&#8217;hui et qui r\u00e9sistent au formatage et \u00e0 l&#8217;uniformisation.<\/p>\n\n\n\n<p>Le Prix des Musiques d\u2019ICI \u2013 Diaspora Music Awards est pr\u00e9sent\u00e9 par&nbsp;: Villes des Musiques du Monde, la FAMDT&nbsp; et le Collectif Musiques du Monde en Ile-de-France<\/p>\n\n\n\n<p>Le Prix des Musiques d\u2019ICI \u2013 Diaspora Music Awards est soutenu par&nbsp;:&nbsp; Le Minist\u00e8re de la Culture et de la Communication,&nbsp; la SACEM,&nbsp; le Centre National de la Musique,&nbsp; l\u2019Institut Fran\u00e7ais&nbsp; et le P\u00f4le R\u00e9gional des Musiques Actuelles de la R\u00e9union.<\/p>\n\n\n\n<p>CALENDRIER<\/p>\n\n\n\n<p>&#8211; Appel \u00e0 candidatures&nbsp;:&nbsp; du mercredi 8 avril au vendredi 8 mai 2020&nbsp; sur <a rel=\"noreferrer noopener\" href=\"http:\/\/prixdesmusiquesdici.com\/site\/\" target=\"_blank\">http:\/\/prixdesmusiquesdici.com\/site\/<\/a><\/p>\n\n\n\n<p>&#8211; Jury de pr\u00e9-s\u00e9lection&nbsp;des 6 projets finalistes :&nbsp; D\u00e9but juin 2020<\/p>\n\n\n\n<p>&#8211; Pr\u00e9sentation des finalistes&nbsp;en concert et captations :&nbsp; A l\u2019automne, pendant le festival Villes des Musiques du Monde<\/p>\n\n\n\n<p>&#8211; Jury final et choix des 3 laur\u00e9ats&nbsp;:&nbsp; D\u00e9but novembre 2020<\/p>\n\n\n\n<p>CRIT\u00c8RES DE S\u00c9LECTION : Conditions d\u2019\u00e9ligibilit\u00e9 pour les candidats<\/p>\n\n\n\n<p>&#8211; \u00catre majeur,<\/p>\n\n\n\n<p>&#8211; R\u00e9sider et \u00eatre majoritairement implant\u00e9 dans une r\u00e9gion de France (m\u00e9tropole et Dom Tom)<\/p>\n\n\n\n<p>&#8211; \u00catre originaire, pour au moins un membre du groupe, d&#8217;une diaspora d&#8217;Afrique\/Moyen Orient, Europe, Am\u00e9riques\/Cara\u00efbes, Asie\/Oc\u00e9anie,<\/p>\n\n\n\n<p>&#8211; Votre activit\u00e9 artistique est votre activit\u00e9 principale, ou vous souhaitez qu\u2019elle le devienne,&nbsp;<\/p>\n\n\n\n<p>&#8211; \u00catre en capacit\u00e9 de se rendre disponible pour le processus d\u2019accompagnement entre 2020 et 2021 (concerts, contacts avec les m\u00e9dias, formations, d\u00e9placements etc.)<\/p>\n\n\n\n<p>&#8211; B\u00e9n\u00e9ficier d&#8217;un \u00e9l\u00e9ment d\u2019encadrement (manager, label, \u00e9diteur, tourneur\u2026) ou d&#8217;un repr\u00e9sentant d\u00e9sign\u00e9,&nbsp;<\/p>\n\n\n\n<p>&#8211; Avoir un r\u00e9pertoire live majoritairement constitu\u00e9 de compositions originales (minimum 70% compositions originales et 30% reprises), et d&#8217;une dur\u00e9e de 30 \u00e0 45 minutes minimum,<\/p>\n\n\n\n<p>&#8211; Ne pas avoir sign\u00e9 dans une grande maison de disques ou ne pas avoir fait partie d&#8217;un gros catalogue de tourn\u00e9e dans les 5 derni\u00e8res ann\u00e9es,&nbsp;<\/p>\n\n\n\n<p>&#8211; Soumettre trois titres enregistr\u00e9s (maquettes accept\u00e9es), une biographie, une photo en 300 DPI, une fiche technique, et r\u00e9pondre \u00e0 un questionnaire simple sur&nbsp;<a rel=\"noreferrer noopener\" href=\"http:\/\/prixdesmusiquesdici.com\/inscription\/\" target=\"_blank\">http:\/\/prixdesmusiquesdici.com\/inscription\/<\/a><\/p>\n\n\n\n<p>CRIT\u00c8RES D\u2019ACCOMPAGNEMENT<\/p>\n\n\n\n<p>Les organisateurs du Prix \u00e9tablissent avec les laur\u00e9ats, une \u00ab photographie \u00bb, un \u00e9tat des lieux de leur projet et situation (\u00e9valuer les points forts et points de fragilit\u00e9). Chaque projet r\u00e9pond \u00e0 des probl\u00e9matiques et enjeux diff\u00e9rents&nbsp;: cet \u00e9tat des lieux permet de personnaliser, d\u00e9finir et pr\u00e9ciser la nature de l\u2019accompagnement.<\/p>\n\n\n\n<p>&nbsp;En fonction de cet \u00e9tat des lieux, compl\u00e9t\u00e9 par un soutien du Studio des Vari\u00e9t\u00e9s, les laur\u00e9ats b\u00e9n\u00e9ficient&nbsp;:<\/p>\n\n\n\n<p>&#8211; d\u2019un accueil en r\u00e9sidence sur mesure,<\/p>\n\n\n\n<p>&#8211; d&#8217;une aide \u00e0 la diffusion,<\/p>\n\n\n\n<p>&#8211; d\u2019un minimum de 5 dates de diffusion nationale et\/ouinternationale (a titre d\u2019exemple, sur les pr\u00e9c\u00e9dentes \u00e9ditions, les laur\u00e9ats se sont produits dans le cadre du MaMA, festival Villes des Musiques du Monde, festival Au Fil des Voix, MusiConnect, L\u00e0 c\u2019est la Musique \u2026)<\/p>\n\n\n\n<p>&#8211; des rencontres et \u00e9changes r\u00e9guliers avec les organisateurs et membres du r\u00e9seau de professionnels engag\u00e9s dans le Prix des Musiques d\u2019ICI,&nbsp;<\/p>\n\n\n\n<p>&#8211; des ateliers de conseil et des temps de formation adapt\u00e9s au projet artistique de chacun. \u00c0 titre d\u2019exemple&nbsp;: chant et technique vocale, aisance corporelle et adresse au public, structuration professionnelle,<\/p>\n\n\n\n<p>&#8211; strat\u00e9gie promotionnelle\u2026<\/p>\n\n\n\n<p>LES ETAPES DE LA SELECTION EN 4 TEMPS<\/p>\n\n\n\n<p>1 &#8211; Les capteurs pour le rep\u00e9rage<\/p>\n\n\n\n<p>Des \u00ab capteurs \u00bb de toutes les r\u00e9gions de France pr\u00e9s\u00e9lectionnent des artistes en respectant autant que possible une diversit\u00e9 d\u2019aires culturelles (Afrique\/Moyen Orient \u2013 Europe \u2013 Am\u00e9riques\/Cara\u00efbes \u2013 Asie\/Oc\u00e9anie).<\/p>\n\n\n\n<p>Les Capteurs sont des relais b\u00e9n\u00e9ficiant d\u2019une certaine l\u00e9gitimit\u00e9, rep\u00e9r\u00e9s pour la connaissance de leur territoire, qui sont en mesure de d\u00e9nicher et d\u2019aiguiller des groupes vers le dispositif. Ils sont repr\u00e9sent\u00e9s par une grande diversit\u00e9 d\u2019acteurs de la fili\u00e8re : des petites structures, des acteurs associatifs de terrain, des personnes physiques en lien avec les acteurs musicaux au sein des communaut\u00e9s culturelles ou d\u2019associations de ressortissants des communaut\u00e9s culturelles\u2026<\/p>\n\n\n\n<p>2 &#8211; Le jury de pr\u00e9s\u00e9lection<\/p>\n\n\n\n<p>Les projets pr\u00e9s\u00e9lectionn\u00e9s sont \u00e9tudi\u00e9s par jury national de pr\u00e9s\u00e9lection qui retient 6 propositions, 6 finalistes \u00e0 voir en concert avant la d\u00e9signation des 3 laur\u00e9ats.<\/p>\n\n\n\n<p>3 &#8211; Pr\u00e9sentation des 6 finalistes<\/p>\n\n\n\n<p>Les six formations finalistes sont pr\u00e9sent\u00e9es sur sc\u00e8ne, en fonction des opportunit\u00e9s et des disponibilit\u00e9s dans le cadre du festival Villes des Musiques du Monde.<\/p>\n\n\n\n<p>Un partenariat avec France Musique permet, pour les six projets finalistes, de r\u00e9aliser un enregistrement live de l\u2019\u00e9mission OCORA&nbsp; Couleurs du Monde, produite et pr\u00e9sent\u00e9e par Fran\u00e7oise DEGEORGES. (20 minutes de concert et un interview).<\/p>\n\n\n\n<p>&nbsp;4 &#8211; Le jury final<\/p>\n\n\n\n<p>Apr\u00e8s visionnage des concerts et\/ou des vid\u00e9os live des diff\u00e9rents showcases, un jury final est amen\u00e9 \u00e0 d\u00e9signer les trois laur\u00e9ats.<\/p>\n\n\n\n<p>Une diversit\u00e9 de comp\u00e9tences est respect\u00e9e, avec parmi les membres du jury international, des repr\u00e9sentants des m\u00e9dias, des repr\u00e9sentants des organismes professionnels (ex&nbsp;: SACEM), des diffuseurs (lieux et festivals), des chercheurs, des producteurs sc\u00e8ne et disque).<\/p>\n\n\n\n<h2 class=\"wp-block-heading\"><\/h2>\n\n\n\n<hr class=\"wp-block-separator\"\/>\n\n\n\n<p class=\"has-text-color has-text-align-center has-medium-font-size has-luminous-vivid-amber-color\"><strong>&#8212;o&#8212;<\/strong><\/p>\n\n\n\n<h2 class=\"wp-block-heading\"><\/h2>\n","protected":false},"excerpt":{"rendered":"<p>Diaspora Music Awards Le mouvement d&#8217;une g\u00e9n\u00e9ration transculturelle La diversit\u00e9 musicale dans la France d&#8217;aujourd&#8217;hui Villes des Musiques du MondeLa FAMDTLe Collectif Musiques du Monde en Ile-de-Francepr\u00e9sentent&nbsp;: &nbsp;Le 4 \u00e8me PRIX DES MUSIQUES D\u2019ICI &#8211; DIASPORA MUSIC AWARDS LE PRIX DES MUSIQUES<\/p>\n<p class=\"link-more\"><a class=\"myButt \" href=\"https:\/\/collectifmdm-idf.org\/annuaire5\/lancement-du-prix-des-musiques-dici-4e-edition\/\">EN SAVOIR +<\/a><\/p>\n","protected":false},"author":1,"featured_media":887,"comment_status":"open","ping_status":"open","sticky":false,"template":"","format":"standard","meta":{"_rtcl_gb_attr":"","footnotes":""},"categories":[37,12],"tags":[],"class_list":["post-880","post","type-post","status-publish","format-standard","has-post-thumbnail","hentry","category-appel-a-candidatures","category-concours"],"_links":{"self":[{"href":"https:\/\/collectifmdm-idf.org\/annuaire5\/wp-json\/wp\/v2\/posts\/880","targetHints":{"allow":["GET"]}}],"collection":[{"href":"https:\/\/collectifmdm-idf.org\/annuaire5\/wp-json\/wp\/v2\/posts"}],"about":[{"href":"https:\/\/collectifmdm-idf.org\/annuaire5\/wp-json\/wp\/v2\/types\/post"}],"author":[{"embeddable":true,"href":"https:\/\/collectifmdm-idf.org\/annuaire5\/wp-json\/wp\/v2\/users\/1"}],"replies":[{"embeddable":true,"href":"https:\/\/collectifmdm-idf.org\/annuaire5\/wp-json\/wp\/v2\/comments?post=880"}],"version-history":[{"count":0,"href":"https:\/\/collectifmdm-idf.org\/annuaire5\/wp-json\/wp\/v2\/posts\/880\/revisions"}],"wp:featuredmedia":[{"embeddable":true,"href":"https:\/\/collectifmdm-idf.org\/annuaire5\/wp-json\/wp\/v2\/media\/887"}],"wp:attachment":[{"href":"https:\/\/collectifmdm-idf.org\/annuaire5\/wp-json\/wp\/v2\/media?parent=880"}],"wp:term":[{"taxonomy":"category","embeddable":true,"href":"https:\/\/collectifmdm-idf.org\/annuaire5\/wp-json\/wp\/v2\/categories?post=880"},{"taxonomy":"post_tag","embeddable":true,"href":"https:\/\/collectifmdm-idf.org\/annuaire5\/wp-json\/wp\/v2\/tags?post=880"}],"curies":[{"name":"wp","href":"https:\/\/api.w.org\/{rel}","templated":true}]}}