{"id":868,"date":"2020-03-26T11:05:37","date_gmt":"2020-03-26T10:05:37","guid":{"rendered":"http:\/\/collectifmdm-idf.org\/?p=868"},"modified":"2020-10-08T20:38:01","modified_gmt":"2020-10-08T18:38:01","slug":"pour-que-les-consequences-de-la-crise-sanitaire-nenterrent-pas-ceux-qui-font-la-diversite-de-la-musique","status":"publish","type":"post","link":"https:\/\/collectifmdm-idf.org\/annuaire5\/pour-que-les-consequences-de-la-crise-sanitaire-nenterrent-pas-ceux-qui-font-la-diversite-de-la-musique\/","title":{"rendered":"Pour que les cons\u00e9quences de la crise sanitaire n&#8217;enterrent pas ceux qui font la diversit\u00e9 de la musique."},"content":{"rendered":"\n<h2 class=\"wp-block-heading\"><\/h2>\n\n\n\n<h3 class=\"wp-block-heading\">COMMUNIQU\u00c9 DE PRESSE  <\/h3>\n\n\n\n<p class=\"has-text-align-right\">Paris, le 25 mars<br>\n&nbsp;<\/p>\n\n\n\n<p class=\"has-medium-font-size\"><strong>Nos  20 organisations* ont souhait\u00e9 communiquer ensemble en cette p\u00e9riode de  crise pour soulever collectivement plusieurs constats et appeler \u00e0 la  solidarit\u00e9.<\/strong> <strong> Nous repr\u00e9sentons ensemble 1500 structures : associations, coop\u00e9ratives,  TPE, PME ind\u00e9pendantes et \u00e0 lucrativit\u00e9 limit\u00e9e de l\u2019ensemble de la  fili\u00e8re des musiques actuelles.<\/strong><\/p>\n\n\n\n<p class=\"has-medium-font-size\">Ce sont des producteurs de spectacles, des labels et des \u00e9diteurs, des  festivals, des salles de concert dont la quasi-totalit\u00e9 des SMAC, des  centres de formation et des \u00e9coles de musique, des radios, des r\u00e9seaux  et f\u00e9d\u00e9rations, etc. Toutes sont \u00e0 l\u2019arr\u00eat depuis les annonces du  gouvernement des 13 et 16 mars.<\/p>\n\n\n\n<p class=\"has-medium-font-size\">Cela induit un d\u00e9ficit de recettes propres pour nos structures de  l\u2019ordre de 300 millions d\u2019euros pour la p\u00e9riode allant du 15 mars au 31  mai prochain : <strong>annulation de plus de 20.000 repr\u00e9sentations,  arr\u00eat de toutes les activit\u00e9s d\u2019\u00e9ducation artistique ou de formation en  pr\u00e9sentiel, fermeture des studios de r\u00e9p\u00e9tition, mise \u00e0 l\u2019arr\u00eat des  pratiques musicales en amateur, fermeture des magasins de disques,  sorties de disques amput\u00e9es ou report\u00e9es, fin des prestations annexes  (\u00e9v\u00e9nementielles ou restauration) essentielles \u00e0 nos mod\u00e8les \u00e9conomiques  pluriels\u2026<\/strong><\/p>\n\n\n\n<p class=\"has-medium-font-size\">Au-del\u00e0 de ces chiffres \u00e9difiants, nous souhaitons aussi mettre en lumi\u00e8re les angles morts que cachent ces chiffres: <\/p>\n\n\n\n<p class=\"has-medium-font-size\">&#8211; D\u2019abord et avant tout la grande pr\u00e9carit\u00e9 qui p\u00e8se sur les artistes et  les techniciens intermittents du spectacle qui sont l\u2019essence m\u00eame de  nos activit\u00e9s. Ceux-ci sont touch\u00e9s non seulement par l\u2019annulation des  dates de spectacles, mais aussi par l\u2019arr\u00eat de tous les projets de  r\u00e9sidences et d\u2019actions culturelles que nous avons l\u2019habitude de mener  dans les \u00e9coles, h\u00f4pitaux, prisons, EHPAD, etc. ; <\/p>\n\n\n\n<p class=\"has-medium-font-size\">&#8211; Ensuite l\u2019ensemble de nos partenaires : distributeurs, prestataires  techniques, h\u00f4tellerie, restauration, entreprises de m\u00e9nage ou de  s\u00e9curit\u00e9, etc. sont de facto concern\u00e9s par cette crise puisque nous ne  sommes plus en mesure de leur apporter le volume de travail habituel ; <\/p>\n\n\n\n<p class=\"has-medium-font-size\">&#8211; Ces chiffres masquent encore tous les investissements r\u00e9alis\u00e9s pour la  production de tourn\u00e9es ou d\u2019albums et qui vont devoir \u00e0 nouveau \u00eatre  investis dans le cadre des reports ou qui seront alors d\u00e9finitivement  perdus ;<\/p>\n\n\n\n<p class=\"has-medium-font-size\">&#8211; Ces chiffres ne refl\u00e8tent pas non plus l\u2019enti\u00e8ret\u00e9 des annulations de  privatisations, les pertes de m\u00e9c\u00e8nes ou de sponsoring que cette crise  implique ; <\/p>\n\n\n\n<p class=\"has-medium-font-size\">&#8211; Ces chiffres ne laissent pas appara\u00eetre non plus les difficult\u00e9s de  tr\u00e9sorerie que rencontrent nombre d\u2019acteurs du secteur, difficult\u00e9s  renforc\u00e9es encore par la paralysie administrative municipale et  m\u00e9tropolitaine, du fait du report des \u00e9lections et de l\u2019arr\u00eat des  ex\u00e9cutifs en fin de mandat ; <\/p>\n\n\n\n<p class=\"has-medium-font-size\">&#8211; En outre, cette \u201cp\u00e9riode blanche\u201d va induire un \u201cembouteillage\u201d \u00e0 la  reprise, les salles de concert n\u2019\u00e9tant pas en mesure de programmer  toutes ces dates en plus de celles d\u00e9j\u00e0 pr\u00e9vues au planning. Il ne  pourra donc pas y avoir que des reports : des annulations sont  in\u00e9vitables, dans un contexte d\u2019hyper concurrence. Sans parler du  comportement des publics et des impacts psychologiques ; <\/p>\n\n\n\n<p class=\"has-medium-font-size\">&#8211; Le secteur de la musique enregistr\u00e9e et de la production  phonographique est confront\u00e9 \u00e0 une situation totalement in\u00e9dite avec  l\u2019arr\u00eat complet des ventes physiques CD et vinyles et de la VPC de la  plupart des labels, de m\u00eame les premi\u00e8res tendances du streaming sont  \u00e9galement \u00e0 la baisse malgr\u00e9 ce que l\u2019on aurait pu attendre ;<\/p>\n\n\n\n<p class=\"has-medium-font-size\">Dernier point provisoire, si les besoins de tr\u00e9sorerie vont \u00eatre vitaux  pour la survie des entreprises, leurs capacit\u00e9s de rebonds en sortie de  pand\u00e9mie imposent de penser les dispositifs de soutien dans un temps  long et non uniquement en termes d\u2019urgences, via <strong>un plan de relance<\/strong>.  En effet l\u2019impact de cette crise ne p\u00e8sera pas uniquement sur ces  prochains mois mais bien \u00e9videmment au moins sur la saison enti\u00e8re voire  les suivantes\u2026 <\/p>\n\n\n\n<p class=\"has-medium-font-size\"><strong>Compte tenu de cette situation in\u00e9dite, nos organisations demandent que :<\/strong><\/p>\n\n\n\n<p class=\"has-medium-font-size\">&#8211; Les intermittents du spectacle, les professeurs de musique et les  formateurs soient \u00e9ligibles comme les salari\u00e9s permanents au dispositif  d\u2019activit\u00e9 partielle ;<\/p>\n\n\n\n<p class=\"has-medium-font-size\">&#8211; Les dispositions envisag\u00e9es par le Gouvernement en faveur des  intermittents du spectacle annonc\u00e9es le 19\/03\/2020 prennent en  consid\u00e9ration un d\u00e9lai suppl\u00e9mentaire dans le cadre de la  \u201cneutralisation de la p\u00e9riode de r\u00e9f\u00e9rence\u201d puisqu\u2019in\u00e9vitablement  l\u2019activit\u00e9 ne pourra recommencer d\u00e8s le lendemain de la fin de la  p\u00e9riode de confinement. De surcro\u00eet nombre de dates de spectacles  report\u00e9es \u00e0 l\u2019automne ou \u00e0 2021 auront un effet sur les dates de travail  des intermittents qu\u2019il convient donc d\u2019avoir \u00e0 l\u2019esprit ; <\/p>\n\n\n\n<p class=\"has-medium-font-size\">&#8211; Les entreprises culturelles soient elles-aussi \u00e9ligibles au dispositif  de droit commun annonc\u00e9 par le Ministre de l\u2019\u00e9conomie dans le cadre du  plan dot\u00e9 de 45 milliards d\u2019euros ; <\/p>\n\n\n\n<p class=\"has-medium-font-size\">&#8211; Le Minist\u00e8re de la culture mette en place des mesures ad hoc pour les  entreprises du secteur musical et plus largement celles du spectacle  vivant. Nous nous sommes prononc\u00e9s en faveur de la cr\u00e9ation d\u2019un fonds  de secours lors du CA du 18 mars du Centre National de la Musique afin  de permettre aux entreprises les plus fragiles d\u2019\u00e9viter la cessation de  paiement imminente. Toutefois nous appelons de nos v\u0153ux que son  p\u00e9rim\u00e8tre soit revu : consid\u00e9rant la nature syst\u00e9mique des impacts sur  l\u2019ensemble du champ musical, il est difficilement entendable que seules  les structures d\u00e9tentrices d\u2019une licence puissent en \u00eatre b\u00e9n\u00e9ficiaires.  Le CNM fait ses premiers pas dans un contexte in\u00e9dit. Il doit \u00eatre \u00e0 la  hauteur de la solidarit\u00e9 interprofessionnelle qui ne demande qu\u2019\u00e0  s\u2019exprimer. Par ailleurs, comme s\u2019y sont engag\u00e9s les repr\u00e9sentants de  l\u2019Etat : ce plan de secours ne peut constituer un \u201csolde de tout compte\u201d  pour notre secteur. Des mesures de plus grande ampleur et avec un  abondement de l\u2019Etat doivent \u00eatre mises en place pour les structures  relevant du p\u00e9rim\u00e8tre du CNM. Nous invitons en outre les collectivit\u00e9s  territoriales \u00e0 coordonner leurs fonds d\u2019urgence avec les mesures  nationales ; <\/p>\n\n\n\n<p class=\"has-medium-font-size\">&#8211; Les collectivit\u00e9s territoriales s\u2019engagent \u00e0 maintenir le versement de  l\u2019int\u00e9gralit\u00e9 des aides d\u00e9j\u00e0 accord\u00e9es ou pr\u00e9vues m\u00eame lorsque l\u2019action  n\u2019a pu \u00eatre men\u00e9e en totalit\u00e9, \u00e0 mettre en place des mesures de  simplification et d\u2019acc\u00e9l\u00e9ration des soldes de subventions; nous  demandons \u00e9galement qu\u2019elles honorent et paient les contrats de cession  pr\u00e9vus avec les producteurs de spectacles avec qui elles ont  contractualis\u00e9, m\u00eame en cas de \u201cservice non fait\u201d ; <\/p>\n\n\n\n<p class=\"has-medium-font-size\">&#8211; Les soci\u00e9t\u00e9s civiles poursuivent la tenue de leurs commissions \u00e0  distance pour ne pas mettre davantage en difficult\u00e9 les entreprises,  versent rapidement les soldes et maintiennent les aides d\u00e9j\u00e0 vers\u00e9es,  m\u00eame lorsque les actions n\u2019auront pu avoir lieu ; <\/p>\n\n\n\n<p class=\"has-medium-font-size\">&#8211; Les grandes enseignes de la distribution paient en temps et en heure leurs fournisseurs, au risque de les fragiliser, eux et les structures  qu\u2019ils distribuent ; <\/p>\n\n\n\n<p class=\"has-medium-font-size\">&#8211; Le FSER tienne compte de cette situation in\u00e9dite dans le cadre de l\u2019allocation de ses aides aux radios associatives. <\/p>\n\n\n\n<p class=\"has-medium-font-size\"><strong>Enfin, nous appelons \u00e0 une solidarit\u00e9 entre professionnels de la musique et du secteur culturel avec pour objectif qu\u2019aucune structure ne disparaisse suite \u00e0 cette crise sanitaire.<\/strong> <\/p>\n\n\n\n<p class=\"has-medium-font-size\">Si nous avons totalement conscience de la n\u00e9cessit\u00e9 de ce temps de confinement pour nous prot\u00e9ger tous, et d\u2019abord les plus fragiles, nous esp\u00e9rons bien \u00e9videmment qu\u2019une sortie de crise sanitaire pourra nous permettre de rebondir et d\u2019<strong>offrir \u00e0 nos concitoyens le lien social et culturel <\/strong>renouvel\u00e9 dont nous aurons tant besoin. <\/p>\n\n\n\n<p class=\"has-medium-font-size\">Dans cette \u00e9preuve, nous tenons \u00e0 saluer chaleureusement le travail de nos cons\u0153urs et confr\u00e8res des secteurs de la sant\u00e9 et du social qui sont  en premi\u00e8re ligne et sans qui rien ne pourrait \u00eatre envisag\u00e9. Au-del\u00e0, nous mesurons tous aujourd\u2019hui <strong>le caract\u00e8re essentiel de l\u2019ensemble des services publics<\/strong> et, plus largement encore, de tous ces m\u00e9tiers trop longtemps d\u00e9valoris\u00e9s qui sont les seuls v\u00e9ritables garants de notre unit\u00e9 nationale.<\/p>\n\n\n\n<p class=\"has-medium-font-size\">Le fl\u00e9au qui nous frappe nous interpelle sur l\u2019imp\u00e9ratif de <strong>repenser nos soci\u00e9t\u00e9s en remettant l\u2019int\u00e9r\u00eat g\u00e9n\u00e9ral<\/strong> au centre et en r\u00e9affirmant, pr\u00e9cis\u00e9ment dans ces temps complexes, l\u2019importance des droits culturels des personnes et du respect des droits  humains fondamentaux.<\/p>\n\n\n\n<p class=\"has-medium-font-size\"> <strong>*SIGNATAIRES<\/strong><\/p>\n\n\n\n<ul class=\"wp-block-list\"><li><strong> FAMDT <\/strong>\u2013 F\u00e9d\u00e9ration des acteurs et Actrices de Musiques et Danses Traditionnelles<\/li><li> <strong>FEDELIMA <\/strong>\u2013 F\u00e9d\u00e9ration de lieux de musiques actuelles<\/li><li> <strong>FELIN <\/strong>\u2013 F\u00e9d\u00e9ration nationale des labels ind\u00e9pendants<\/li><li> <strong>FERAROCK <\/strong>\u2013 F\u00e9d\u00e9ration des Radios Associatives Musiques Actuelles<\/li><li> <strong>FNEIJMA <\/strong>\u2013 F\u00e9d\u00e9ration des \u00e9coles d\u2019influence jazz et musiques actuelles<\/li><li> <strong>SMA <\/strong>\u2013 Syndicat des Musiques Actuelles<\/li><li> <strong>UFISC <\/strong>\u2013 Union F\u00e9d\u00e9rale d\u2019Intervention des Structures Culturelles<\/li><li> <strong>ZONE FRANCHE <\/strong>\u2013 Le r\u00e9seau des musiques du monde<\/li><li> <strong>FEMA <\/strong>\u2013 F\u00e9d\u00e9ration Musiques Actuelles Bourgogne-Franche-Comt\u00e9<\/li><li> <strong>FRACA-MA <\/strong>\u2013 La F\u00e9d\u00e9ration r\u00e9gionale des Acteurs Culturels et Associatifs \u2013 Musiques Actuelles (Centre)<\/li><li> <strong>GRAND BUREAU <\/strong>\u2013 R\u00e9seau musiques actuelles Auvergne-Rh\u00f4ne-Alpes<\/li><li> <strong>HAUTE FID\u00c9LIT\u00c9 <\/strong>\u2013 P\u00f4le r\u00e9gional des musiques actuelles Hauts-de-France<\/li><li> <strong>OCTOPUS <\/strong>\u2013 F\u00e9d\u00e9ration des Musiques Actuelles en Occitanie<\/li><li> <strong>PAM <\/strong>\u2013 P\u00f4le de coop\u00e9ration des Acteurs de la fili\u00e8re Musicale en r\u00e9gion Sud &amp; Corse<\/li><li> <strong>POLCA <\/strong>\u2013 P\u00f4le musiques actuelles Champagne-Ardenne<\/li><li> <strong>LE P\u00d4LE <\/strong>\u2013 Le P\u00f4le de coop\u00e9ration pour les musiques actuelles en Pays de la Loire<\/li><li> <strong>PRMA <\/strong>\u2013 P\u00f4le r\u00e9gional des musiques actuelles de la R\u00e9union<\/li><li> <strong>RIF <\/strong>\u2013 R\u00e9seau des Musiques Actuelles en \u00cele-de-France<\/li><li> <strong>RIM <\/strong>\u2013 R\u00e9seau des Ind\u00e9pendants de la Musique (Nouvelle-Aquitaine)<\/li><li> <strong>RMAN <\/strong>\u2013 R\u00e9seau des Musiques Actuelles en Normandie<\/li><\/ul>\n\n\n\n<h2 class=\"wp-block-heading\"><\/h2>\n\n\n\n<p class=\"has-text-align-center has-medium-font-size\"><a rel=\"noreferrer noopener\" aria-label=\"Tel\u00e9charger le communiqu\u00e9 (s\u2019ouvre dans un nouvel onglet)\" href=\"http:\/\/www.sma-syndicat.org\/wp-content\/uploads\/2020\/03\/CP-25.03-VERSION-FINALE-2.pdf\" target=\"_blank\">Tel\u00e9charger le communiqu\u00e9 (sur le site de l&#8217;UFISC)<\/a> <\/p>\n\n\n\n<hr class=\"wp-block-separator\"\/>\n\n\n\n<h2 class=\"wp-block-heading\"><\/h2>\n\n\n\n<p class=\"has-medium-font-size\">Rappel : le <strong><a href=\"https:\/\/collectifmdm-idf.org\/a-propos-de\/\">Collectif MDM IDF<\/a> <\/strong>est membre de la <strong><a rel=\"noreferrer noopener\" target=\"_blank\" href=\"http:\/\/www.famdt.com\/\">FAMDT<\/a><\/strong>, elle-m\u00eame membre de l\u2019<strong><a rel=\"noreferrer noopener\" target=\"_blank\" href=\"http:\/\/ufisc.org\/\">UFISC<\/a><\/strong>. <\/p>\n\n\n\n<hr class=\"wp-block-separator\"\/>\n\n\n\n<h2 class=\"has-luminous-vivid-orange-color has-text-color has-text-align-center wp-block-heading\">&#8212;o&#8212;<\/h2>\n\n\n\n<hr class=\"wp-block-separator\"\/>\n","protected":false},"excerpt":{"rendered":"<p>COMMUNIQU\u00c9 DE PRESSE Paris, le 25 mars &nbsp; Nos 20 organisations* ont souhait\u00e9 communiquer ensemble en cette p\u00e9riode de crise pour soulever collectivement plusieurs constats et appeler \u00e0 la solidarit\u00e9. Nous repr\u00e9sentons ensemble 1500 structures : associations, coop\u00e9ratives, TPE, PME ind\u00e9pendantes et<\/p>\n<p class=\"link-more\"><a class=\"myButt \" href=\"https:\/\/collectifmdm-idf.org\/annuaire5\/pour-que-les-consequences-de-la-crise-sanitaire-nenterrent-pas-ceux-qui-font-la-diversite-de-la-musique\/\">EN SAVOIR +<\/a><\/p>\n","protected":false},"author":1,"featured_media":872,"comment_status":"open","ping_status":"open","sticky":false,"template":"","format":"standard","meta":{"_rtcl_gb_attr":"","footnotes":""},"categories":[5,36],"tags":[],"class_list":["post-868","post","type-post","status-publish","format-standard","has-post-thumbnail","hentry","category-breves","category-communiques"],"_links":{"self":[{"href":"https:\/\/collectifmdm-idf.org\/annuaire5\/wp-json\/wp\/v2\/posts\/868","targetHints":{"allow":["GET"]}}],"collection":[{"href":"https:\/\/collectifmdm-idf.org\/annuaire5\/wp-json\/wp\/v2\/posts"}],"about":[{"href":"https:\/\/collectifmdm-idf.org\/annuaire5\/wp-json\/wp\/v2\/types\/post"}],"author":[{"embeddable":true,"href":"https:\/\/collectifmdm-idf.org\/annuaire5\/wp-json\/wp\/v2\/users\/1"}],"replies":[{"embeddable":true,"href":"https:\/\/collectifmdm-idf.org\/annuaire5\/wp-json\/wp\/v2\/comments?post=868"}],"version-history":[{"count":0,"href":"https:\/\/collectifmdm-idf.org\/annuaire5\/wp-json\/wp\/v2\/posts\/868\/revisions"}],"wp:featuredmedia":[{"embeddable":true,"href":"https:\/\/collectifmdm-idf.org\/annuaire5\/wp-json\/wp\/v2\/media\/872"}],"wp:attachment":[{"href":"https:\/\/collectifmdm-idf.org\/annuaire5\/wp-json\/wp\/v2\/media?parent=868"}],"wp:term":[{"taxonomy":"category","embeddable":true,"href":"https:\/\/collectifmdm-idf.org\/annuaire5\/wp-json\/wp\/v2\/categories?post=868"},{"taxonomy":"post_tag","embeddable":true,"href":"https:\/\/collectifmdm-idf.org\/annuaire5\/wp-json\/wp\/v2\/tags?post=868"}],"curies":[{"name":"wp","href":"https:\/\/api.w.org\/{rel}","templated":true}]}}