{"id":839,"date":"2020-03-25T19:31:16","date_gmt":"2020-03-25T18:31:16","guid":{"rendered":"http:\/\/collectifmdm-idf.org\/?p=839"},"modified":"2020-10-08T20:38:14","modified_gmt":"2020-10-08T18:38:14","slug":"hommage-a-manu-dibango-par-francois-bensignor","status":"publish","type":"post","link":"https:\/\/collectifmdm-idf.org\/annuaire5\/hommage-a-manu-dibango-par-francois-bensignor\/","title":{"rendered":"HOMMAGE A MANU DIBANGO, par Fran\u00e7ois Bensignor"},"content":{"rendered":"\n<h2 class=\"wp-block-heading\"><\/h2>\n\n\n\n<p class=\"has-medium-font-size\">Avec <strong>Manu Dibango<\/strong>, c\u2019est d\u2019abord un vieux sage ouvert, serein, humaniste et proche des autres, qui s\u2019en va. C\u2019est aussi un musicien \u00e9clectique, grand connaisseur des musiques africaines, un pan de l\u2019histoire vivante de celles-ci qui dispara\u00eet. <\/p>\n\n\n\n<p class=\"has-medium-font-size\">En guise d\u2019hommage au chef d\u2019orchestre, qui donna leur chance \u00e0 tant de jeunes talents, je souhaitais retracer les ann\u00e9es d\u2019\u00e9mergence de ce pionnier, dans un contexte o\u00f9 les musiques d\u2019Afrique n\u2019avaient pas encore droit de cit\u00e9 en France.<\/p>\n\n\n\n<h2 class=\"wp-block-heading\"><\/h2>\n\n\n\n<div class=\"wp-block-image\"><figure class=\"aligncenter size-large\"><img fetchpriority=\"high\" decoding=\"async\" width=\"810\" height=\"1024\" src=\"https:\/\/collectifmdm-idf.org\/wp-content\/uploads\/2020\/03\/0Dibango-810x1024.png\" alt=\"\" class=\"wp-image-840\" srcset=\"https:\/\/collectifmdm-idf.org\/annuaire5\/wp-content\/uploads\/2020\/03\/0Dibango-810x1024.png 810w, https:\/\/collectifmdm-idf.org\/annuaire5\/wp-content\/uploads\/2020\/03\/0Dibango-237x300.png 237w, https:\/\/collectifmdm-idf.org\/annuaire5\/wp-content\/uploads\/2020\/03\/0Dibango-768x971.png 768w, https:\/\/collectifmdm-idf.org\/annuaire5\/wp-content\/uploads\/2020\/03\/0Dibango-1214x1536.png 1214w, https:\/\/collectifmdm-idf.org\/annuaire5\/wp-content\/uploads\/2020\/03\/0Dibango.png 1216w\" sizes=\"(max-width: 810px) 100vw, 810px\" \/><\/figure><\/div>\n\n\n\n<h4 class=\"wp-block-heading\">EXPERIENCE\nAFRICAINE<\/h4>\n\n\n\n<p class=\"has-medium-font-size\">Dans les ann\u00e9es 1960, Manu Dibango, hant\u00e9 par ses h\u00e9ros, Armstrong, Basie, Miles Davis, Parker, Coltrane, se demande avec son ami et compatriote <strong>Francis Bebey<\/strong> comment inventer une musique o\u00f9 l&#8217;Afrique retrouverait l&#8217;Occident. Dibango vit comme \u00e9cartel\u00e9 entre deux mondes qui ne se connaissent pas.<\/p>\n\n\n\n<p class=\"has-medium-font-size\">Depuis la fin de l&#8217;ann\u00e9e 1956, il \u00e9volue dans le tourbillon de la musique congolaise \u00e0 Bruxelles. Avec ses deux c\u00e9l\u00e8bres clubs, <strong>Le Tabou<\/strong> et <strong>les Anges Noirs<\/strong>, la capitale belge est le haut lieu o\u00f9 s\u00e9journent et se produisent les vedettes du futur Za\u00efre. L&#8217;une d&#8217;elle, <strong>Joseph Kabas\u00e9l\u00e9<\/strong>, va faire danser toute l&#8217;Afrique rendue aux Africains avec \u201c<em><strong><a href=\"https:\/\/youtu.be\/P17ppvfPNFY\" data-rel=\"lightbox-video-0\" target=\"_blank\" rel=\"noreferrer noopener\" aria-label=\" (s\u2019ouvre dans un nouvel onglet)\">Ind\u00e9pendance Cha-Cha<\/a><\/strong><\/em>\u201d. \u00c0 Bruxelles, il prend le jeune Camerounais sous sa coupe et l&#8217;int\u00e8gre \u00e0 son orchestre, <strong>L&#8217;African Jazz<\/strong>, dans lequel d&#8217;autres vedettes comme <strong>Tabu Ley Rochereau<\/strong> ont fait leurs premi\u00e8res armes. \u00c9trangement, alors que la musique congolaise produit des merveilles pour l&#8217;Afrique et toutes ses diasporas, g\u00e9n\u00e9rant une v\u00e9ritable \u00e9conomie, elle ne sort pas d&#8217;un circuit sp\u00e9cifique, totalement s\u00e9par\u00e9 de celui des vari\u00e9t\u00e9s occidentales.<\/p>\n\n\n\n<h2 class=\"wp-block-heading\"><\/h2>\n\n\n\n<div class=\"wp-block-image\"><figure class=\"aligncenter size-large\"><img decoding=\"async\" width=\"681\" height=\"1024\" src=\"https:\/\/collectifmdm-idf.org\/wp-content\/uploads\/2020\/03\/3Dibango-681x1024.jpg\" alt=\"\" class=\"wp-image-842\" srcset=\"https:\/\/collectifmdm-idf.org\/annuaire5\/wp-content\/uploads\/2020\/03\/3Dibango-681x1024.jpg 681w, https:\/\/collectifmdm-idf.org\/annuaire5\/wp-content\/uploads\/2020\/03\/3Dibango-200x300.jpg 200w, https:\/\/collectifmdm-idf.org\/annuaire5\/wp-content\/uploads\/2020\/03\/3Dibango-768x1154.jpg 768w, https:\/\/collectifmdm-idf.org\/annuaire5\/wp-content\/uploads\/2020\/03\/3Dibango-1022x1536.jpg 1022w, https:\/\/collectifmdm-idf.org\/annuaire5\/wp-content\/uploads\/2020\/03\/3Dibango.jpg 1352w\" sizes=\"(max-width: 681px) 100vw, 681px\" \/><\/figure><\/div>\n\n\n\n<h2 class=\"wp-block-heading\"><\/h2>\n\n\n\n<p class=\"has-medium-font-size\">De retour \u00e0 Paris, le constat est amer pour Manu&nbsp;: \u201c<em>Chanter africain est alors une mission impossible. Les Africains que j&#8217;embauche s&#8217;y refusent obstin\u00e9ment. Ils veulent se faire passer pour des Am\u00e9ricains et ne chanter qu&#8217;en anglais. T\u00eatu, je glisse dans le r\u00e9pertoire \u201c<strong>Wana di Lambo<\/strong>\u201d, un de mes premiers morceaux interpr\u00e9t\u00e9s en douala. Il fait partie des disques que nous enregistrons alors pour le rayon export de Phonogram<\/em>\u201d, \u00e9crit-il sur son travail personnel de 1965 (1). L&#8217;ann\u00e9e suivante, et pour trois ans, il devient l&#8217;accompagnateur f\u00e9tiche de Nino Ferrer, dont l&#8217;un des succ\u00e8s clame&nbsp;: \u201c<em>Je voudrais \u00eatre un Noir<\/em>\u201d\u2026<\/p>\n\n\n\n<p class=\"has-medium-font-size\">Les\ngrands mouvements sociaux de la fin des ann\u00e9es 60 auront une\ninfluence d\u00e9cisive sur l&#8217;\u00e9tat d&#8217;esprit qui pr\u00e9vaut dans les\nrelations culturelles Nord-Sud. L&#8217;Afrique d&#8217;apr\u00e8s les ind\u00e9pendances\ns&#8217;est invent\u00e9 des orchestres modernes avec des instruments\noccidentaux, des bals populaires et de nouvelles musiques teint\u00e9es\nde sons pop-rock et latino-am\u00e9ricains. Mais aux \u00c9tats Unis, les\nactivistes noirs font un retour d\u00e9lib\u00e9r\u00e9 \u00e0 la pens\u00e9e et \u00e0\nl&#8217;action sauvages. Le jazz devient free-jazz. Les mouvements\nafricanistes dessinent une autre Afrique, creuset de toutes racines,\nespace mythique qui attend le retour des peuples d\u00e9plac\u00e9s.<\/p>\n\n\n\n<h4 class=\"wp-block-heading\"><strong>SOUL MAKOSSA<\/strong><\/h4>\n\n\n\n<p class=\"has-medium-font-size\">Tout au long des ann\u00e9es 70, en Europe, des musiciens africains travaillent \u00e0 construire des styles, des identit\u00e9s musicales nouvelles. Le processus s&#8217;op\u00e8re en petits comit\u00e9s, de mani\u00e8re souterraine. Avant que les \u0153uvres n&#8217;acqui\u00e8rent un droit de cit\u00e9 sur la sc\u00e8ne internationale, il leur faut vaincre l&#8217;inertie de d\u00e9cideurs du show business, dont bien souvent la morgue n&#8217;a d&#8217;\u00e9gal que le manque de curiosit\u00e9. C&#8217;est ce qu&#8217;illustre parfaitement l&#8217;histoire du premier tube africain, \u201c<em><strong>Soul Makossa<\/strong><\/em>\u201d.<\/p>\n\n\n\n<h2 class=\"wp-block-heading\"><\/h2>\n\n\n\n<div class=\"wp-block-image\"><figure class=\"aligncenter size-large\"><img decoding=\"async\" width=\"555\" height=\"546\" src=\"https:\/\/collectifmdm-idf.org\/wp-content\/uploads\/2020\/03\/Soul-Makossa-original.jpg\" alt=\"\" class=\"wp-image-843\" srcset=\"https:\/\/collectifmdm-idf.org\/annuaire5\/wp-content\/uploads\/2020\/03\/Soul-Makossa-original.jpg 555w, https:\/\/collectifmdm-idf.org\/annuaire5\/wp-content\/uploads\/2020\/03\/Soul-Makossa-original-300x295.jpg 300w\" sizes=\"(max-width: 555px) 100vw, 555px\" \/><\/figure><\/div>\n\n\n\n<h2 class=\"wp-block-heading\"><\/h2>\n\n\n\n<p class=\"has-medium-font-size\">Manu Dibango le compose au Cameroun en 1971. En vue de la huiti\u00e8me Coupe des Tropiques pr\u00e9vue \u00e0 Yaound\u00e9 en 1972, le ministre des Sports a accept\u00e9 de lui financer l&#8217;enregistrement d&#8217;un hymne \u00e0 la gloire de l&#8217;\u00e9quipe de football nationale. Muni d&#8217;un million de francs CFA, Manu fait son 45 tours&nbsp;: l&#8217;hymne en face A et en face B \u201c<em><strong>Soul Makossa<\/strong><\/em>\u201d. L&#8217;\u00e9quipe du Cameroun battue, le disque est enterr\u00e9.<\/p>\n\n\n\n<p class=\"has-medium-font-size\">\u00c0 l&#8217;automne 1972, sur le nouvel album enregistr\u00e9 pour la section Afrique des productions Decca, repara\u00eet \u201c<em>S<strong>oul Makoss<\/strong>a<\/em>\u201d. Parall\u00e8lement, le 45 tours de la Coupe est parti aux \u00c9tats Unis dans les bagages de producteurs et \u201cactivistes\u201d noirs am\u00e9ricains. Ils vont en faire un tube outre-Atlantique. \u201c<em>Les commandes am\u00e9ricaines chez Decca gonflent en une dizaine de jours&nbsp;: cinq mille exemplaires, bient\u00f4t trente mille. Cela devrait \u00e9veiller la curiosit\u00e9 de la direction. M\u00eame pas. Un Africain de Douala ne peut pas faire un tube international. Le paternalisme vit encore de beaux restes<\/em>\u201d, \u00e9crit Manu (3). Pourtant, l&#8217;engouement est tel aux \u00c9tats Unis qu&#8217;il va d\u00e9bouch\u00e9 sur un contrat avec le prestigieux label new-yorkais <strong>Atlantic<\/strong>, deux ann\u00e9es de succ\u00e8s sur les sc\u00e8nes am\u00e9ricaines et des ventes de disques s&#8217;\u00e9levant \u00e0 deux millions d&#8217;exemplaires.<\/p>\n\n\n\n<h2 class=\"wp-block-heading\"><\/h2>\n\n\n\n<div class=\"wp-block-image\"><figure class=\"aligncenter size-large is-resized\"><img loading=\"lazy\" decoding=\"async\" src=\"https:\/\/collectifmdm-idf.org\/wp-content\/uploads\/2020\/03\/Soul-Makossa-45t-1024x965.png\" alt=\"\" class=\"wp-image-844\" width=\"251\" height=\"236\" srcset=\"https:\/\/collectifmdm-idf.org\/annuaire5\/wp-content\/uploads\/2020\/03\/Soul-Makossa-45t-1024x965.png 1024w, https:\/\/collectifmdm-idf.org\/annuaire5\/wp-content\/uploads\/2020\/03\/Soul-Makossa-45t-300x283.png 300w, https:\/\/collectifmdm-idf.org\/annuaire5\/wp-content\/uploads\/2020\/03\/Soul-Makossa-45t-768x724.png 768w, https:\/\/collectifmdm-idf.org\/annuaire5\/wp-content\/uploads\/2020\/03\/Soul-Makossa-45t.png 1396w\" sizes=\"(max-width: 251px) 100vw, 251px\" \/><\/figure><\/div>\n\n\n\n<p class=\"has-medium-font-size\">L&#8217;histoire de \u201c<em><strong>Soul Makoss<\/strong>a<\/em>\u201d ne serait pas compl\u00e8te si l&#8217;on n&#8217;en retra\u00e7ait la plus r\u00e9cente aventure. Dans son album de 1982, <em><strong>Thriller<\/strong><\/em>, qui fera de lui un ph\u00e9nom\u00e8ne plan\u00e9taire avec plus de 40 millions d&#8217;exemplaires vendus en cinq ans, <strong>Michael Jackson<\/strong> reprend, sur le titre d&#8217;ouverture \u201c<em><strong>Wanna Be Starting Something<\/strong><\/em>\u201d, le c\u00e9l\u00e8bre refrain \u201c<em>Ma ma ma, Ma ma sa, Ma ma makossa<\/em>\u201d, sans en demander l&#8217;autorisation \u00e0 son auteur. Manu Dibango intentera un proc\u00e8s et ses avocats obtiendront gain de cause apr\u00e8s plusieurs ann\u00e9es de tractations. Comme tr\u00e8s souvent dans les proc\u00e8s aux \u00e9tats-Unis, l&#8217;affaire se r\u00e9glera \u00e0 l&#8217;amiable, moyennant une somme sans doute rondelette, sur laquelle Manu saura rester discret.<\/p>\n\n\n\n<p class=\"has-medium-font-size\">Fran\u00e7ois\nBensignor<\/p>\n\n\n\n<p>(1), (2), (3) : Trois Kilos de Caf\u00e9, autobiographie, Collection Points, Seuil (1995), premi\u00e8re \u00e9dition Ed. Lieu Commun (1989)<\/p>\n\n\n\n<h2 class=\"wp-block-heading\"><\/h2>\n\n\n\n<p>Vid\u00e9o&nbsp;:<\/p>\n\n\n\n<p class=\"has-medium-font-size\">Ciao Manu&nbsp;! Papa Makossa, que la terre te soit l\u00e9g\u00e8re&nbsp;!<br><br>Extrait de l&#8217;\u00e9mission &#8220;<strong><em>Les sons de &#8230;&nbsp;Manu Dibango <\/em><\/strong>&#8220;, de Fran\u00e7ois Bensignor, r\u00e9alis\u00e9 par Niko Sardjv\u00e9ladz\u00e9 (Melody d&#8217;Afrique &#8211; 2018) :<\/p>\n\n\n\n<figure class=\"wp-block-embed-vimeo wp-block-embed is-type-video is-provider-vimeo wp-embed-aspect-16-9 wp-has-aspect-ratio\"><div class=\"wp-block-embed__wrapper\">\n<div class=\"responsive-container\"><iframe title=\"Ciao Manu !\" src=\"https:\/\/player.vimeo.com\/video\/400339633?dnt=1&amp;app_id=122963\" width=\"640\" height=\"360\" frameborder=\"0\" allow=\"autoplay; fullscreen; picture-in-picture; clipboard-write\"><\/iframe><\/div>\n<\/div><\/figure>\n\n\n\n<h2 class=\"wp-block-heading\"><\/h2>\n\n\n\n<div class=\"wp-block-image\"><figure class=\"aligncenter size-large\"><img loading=\"lazy\" decoding=\"async\" width=\"500\" height=\"500\" src=\"https:\/\/collectifmdm-idf.org\/wp-content\/uploads\/2020\/03\/grand-souvenir-de-Manu-Dibango-en-1989.-c-patrice-Dalmagnegrand-souvenir-de-Manu-Dibango-en-1989.-c-patrice-Dalmagne.jpg\" alt=\"\" class=\"wp-image-865\" srcset=\"https:\/\/collectifmdm-idf.org\/annuaire5\/wp-content\/uploads\/2020\/03\/grand-souvenir-de-Manu-Dibango-en-1989.-c-patrice-Dalmagnegrand-souvenir-de-Manu-Dibango-en-1989.-c-patrice-Dalmagne.jpg 500w, https:\/\/collectifmdm-idf.org\/annuaire5\/wp-content\/uploads\/2020\/03\/grand-souvenir-de-Manu-Dibango-en-1989.-c-patrice-Dalmagnegrand-souvenir-de-Manu-Dibango-en-1989.-c-patrice-Dalmagne-300x300.jpg 300w, https:\/\/collectifmdm-idf.org\/annuaire5\/wp-content\/uploads\/2020\/03\/grand-souvenir-de-Manu-Dibango-en-1989.-c-patrice-Dalmagnegrand-souvenir-de-Manu-Dibango-en-1989.-c-patrice-Dalmagne-150x150.jpg 150w, https:\/\/collectifmdm-idf.org\/annuaire5\/wp-content\/uploads\/2020\/03\/grand-souvenir-de-Manu-Dibango-en-1989.-c-patrice-Dalmagnegrand-souvenir-de-Manu-Dibango-en-1989.-c-patrice-Dalmagne-270x270.jpg 270w, https:\/\/collectifmdm-idf.org\/annuaire5\/wp-content\/uploads\/2020\/03\/grand-souvenir-de-Manu-Dibango-en-1989.-c-patrice-Dalmagnegrand-souvenir-de-Manu-Dibango-en-1989.-c-patrice-Dalmagne-230x230.jpg 230w\" sizes=\"(max-width: 500px) 100vw, 500px\" \/><figcaption>Manu Dibango en 1989. (c) patrice Dalmagne<\/figcaption><\/figure><\/div>\n\n\n\n<hr class=\"wp-block-separator\"\/>\n\n\n\n<h2 class=\"wp-block-heading\"><\/h2>\n\n\n\n<h2 class=\"has-luminous-vivid-orange-color has-text-color has-text-align-center wp-block-heading\"><strong>&#8212;o&#8212;<\/strong><\/h2>\n\n\n\n<hr class=\"wp-block-separator\"\/>\n","protected":false},"excerpt":{"rendered":"<p>Avec Manu Dibango, c\u2019est d\u2019abord un vieux sage ouvert, serein, humaniste et proche des autres, qui s\u2019en va. C\u2019est aussi un musicien \u00e9clectique, grand connaisseur des musiques africaines, un pan de l\u2019histoire vivante de celles-ci qui dispara\u00eet. En guise d\u2019hommage au chef<\/p>\n<p class=\"link-more\"><a class=\"myButt \" href=\"https:\/\/collectifmdm-idf.org\/annuaire5\/hommage-a-manu-dibango-par-francois-bensignor\/\">EN SAVOIR +<\/a><\/p>\n","protected":false},"author":1,"featured_media":846,"comment_status":"open","ping_status":"open","sticky":false,"template":"","format":"standard","meta":{"_rtcl_gb_attr":"","footnotes":""},"categories":[13,5,15],"tags":[],"class_list":["post-839","post","type-post","status-publish","format-standard","has-post-thumbnail","hentry","category-audiovisuel","category-breves","category-evenement"],"_links":{"self":[{"href":"https:\/\/collectifmdm-idf.org\/annuaire5\/wp-json\/wp\/v2\/posts\/839","targetHints":{"allow":["GET"]}}],"collection":[{"href":"https:\/\/collectifmdm-idf.org\/annuaire5\/wp-json\/wp\/v2\/posts"}],"about":[{"href":"https:\/\/collectifmdm-idf.org\/annuaire5\/wp-json\/wp\/v2\/types\/post"}],"author":[{"embeddable":true,"href":"https:\/\/collectifmdm-idf.org\/annuaire5\/wp-json\/wp\/v2\/users\/1"}],"replies":[{"embeddable":true,"href":"https:\/\/collectifmdm-idf.org\/annuaire5\/wp-json\/wp\/v2\/comments?post=839"}],"version-history":[{"count":0,"href":"https:\/\/collectifmdm-idf.org\/annuaire5\/wp-json\/wp\/v2\/posts\/839\/revisions"}],"wp:featuredmedia":[{"embeddable":true,"href":"https:\/\/collectifmdm-idf.org\/annuaire5\/wp-json\/wp\/v2\/media\/846"}],"wp:attachment":[{"href":"https:\/\/collectifmdm-idf.org\/annuaire5\/wp-json\/wp\/v2\/media?parent=839"}],"wp:term":[{"taxonomy":"category","embeddable":true,"href":"https:\/\/collectifmdm-idf.org\/annuaire5\/wp-json\/wp\/v2\/categories?post=839"},{"taxonomy":"post_tag","embeddable":true,"href":"https:\/\/collectifmdm-idf.org\/annuaire5\/wp-json\/wp\/v2\/tags?post=839"}],"curies":[{"name":"wp","href":"https:\/\/api.w.org\/{rel}","templated":true}]}}