{"id":834,"date":"2020-03-20T19:33:31","date_gmt":"2020-03-20T18:33:31","guid":{"rendered":"http:\/\/collectifmdm-idf.org\/?p=834"},"modified":"2020-03-20T19:53:32","modified_gmt":"2020-03-20T18:53:32","slug":"diversite-culturelle-et-solidarite-des-mesures-urgentes-a-mettre-en-oeuvre","status":"publish","type":"post","link":"https:\/\/collectifmdm-idf.org\/annuaire5\/diversite-culturelle-et-solidarite-des-mesures-urgentes-a-mettre-en-oeuvre\/","title":{"rendered":"Diversit\u00e9 culturelle et solidarit\u00e9 : des mesures urgentes \u00e0 mettre en \u0153uvre !"},"content":{"rendered":"\n<h2 class=\"wp-block-heading\"><\/h2>\n\n\n\n<h3 class=\"wp-block-heading\">COMMUNIQU\u00c9 &#8211; 20 mars 2020<\/h3>\n\n\n\n<p class=\"has-medium-font-size\"><strong>Depuis  plus de 15 jours, les annulations de spectacles et de festivals se sont  multipli\u00e9es, les cours et formations ont \u00e9t\u00e9 suspendus, les actions  artistiques et culturelles en milieu scolaire, hospitalier, social, etc.  ont \u00e9t\u00e9 d\u00e9programm\u00e9es.<\/strong>  <\/p>\n\n\n\n<p class=\"has-medium-font-size\">Les derni\u00e8res d\u00e9cisions prises par le  gouvernement pour lutter contre  la propagation du Covid-19 ont encore  amplifi\u00e9 les difficult\u00e9s des  structures artistiques et culturelles, d\u00e9j\u00e0  en proie \u00e0 une grande  fragilit\u00e9. L&#8217;ensemble de ces mesures est  n\u00e9cessaire, mais leur impact  est d\u00e9vastateur sur ces structures fragiles  et leurs \u00e9quipes  artistiques permanentes et intermittentes. <\/p>\n\n\n\n<p class=\"has-medium-font-size\">Les  premi\u00e8res mesures  annonc\u00e9es par le minist\u00e8re de la Culture dans son  communiqu\u00e9 du 18 mars  ne sont pas pour nous rassurer : elles ne  mentionnent m\u00eame pas ces  structures qui constituent pourtant l&#8217;essentiel  de la diversit\u00e9 du  spectacle vivant, et elles annoncent des montants  largement  sous-dimensionn\u00e9s au regard des premi\u00e8res remont\u00e9es du  terrain. <\/p>\n\n\n\n<p class=\"has-medium-font-size\">Nous  demandons que soient prises des <strong>mesures urgentes<\/strong> \u00e0 la hauteur de la situation pour les milliers d&#8217;acteur\u00b7rice\u00b7s que nous repr\u00e9sentons : <strong>L&#8217;am\u00e9nagement  le plus simplement et rapidement possible du syst\u00e8me d&#8217;indemnisation  ch\u00f4mage de l&#8217;intermittence et du r\u00e9gime des artistes auteur\u00b7e\u00b7s afin de  s\u00e9curiser ceux.celles qui en b\u00e9n\u00e9ficient.<\/strong>  <\/p>\n\n\n\n<p class=\"has-medium-font-size\">Le  gouvernement, dans son communiqu\u00e9 du 19 mars, a entendu les  demandes de  &#8220;neutralisation&#8221; de la p\u00e9riode d&#8217;interdiction de r\u00e9union et  de  confinement pour tou\u00b7te\u00b7s les intermittent\u00b7e\u00b7s en cours  d&#8217;indemnisation,  il faudra veiller \u00e0 la mise en pratique de cette  d\u00e9cision et \u00e0 sa  gestion par P\u00f4le Emploi. Les salari\u00e9\u00b7e\u00b7s pay\u00e9\u00b7e\u00b7s  doivent ainsi pouvoir  se constituer des droits sur la p\u00e9riode. Une  attention particuli\u00e8re  devra \u00e9galement \u00eatre apport\u00e9e aux situations des  salari\u00e9\u00b7e\u00b7s qui sur la  p\u00e9riode de mars \u00e0 juin 2020 \u00e9taient en droit  d&#8217;obtenir l&#8217;indemnisation  ch\u00f4mage des annexes 8 et 10 pour la premi\u00e8re  fois. <\/p>\n\n\n\n<p class=\"has-medium-font-size\">Par ailleurs, au-del\u00e0  de la p\u00e9riode de \u00ab neutralisation \u00bb, la  reprise d&#8217;activit\u00e9 ne pourra  pas \u00eatre imm\u00e9diate et l&#8217;impact sur les  intermittent\u00b7e\u00b7s d\u00e9passera  largement la date d&#8217;arr\u00eat du confinement. Il   faut mettre en place des d\u00e9cisions du m\u00eame ordre pour les auteur\u00b7e\u00b7s  qui vont eux aussi subir les cons\u00e9quences des annulations et de l&#8217;impossibilit\u00e9 d&#8217;\u00e9tablir des contrats durant la phase d&#8217;inactivit\u00e9  exig\u00e9e par les mesures de pr\u00e9caution. <\/p>\n\n\n\n<p class=\"has-medium-font-size\"><strong>La  cr\u00e9ation d&#8217;un fonds d&#8217;intervention pour sauvegarder dans la dur\u00e9e le  tissu d&#8217;initiatives citoyennes, \u00e0 buts autres que lucratifs, qui  d\u00e9veloppent des activit\u00e9s artistiques et culturelles et des emplois sur  l&#8217;ensemble des territoires, en proximit\u00e9 de nos concitoyen\u00b7ne\u00b7s.<\/strong> <\/p>\n\n\n\n<p class=\"has-medium-font-size\"> Ce  sont de petites entreprises, associations, coop\u00e9ratives, d&#8217;utilit\u00e9  sociale, le plus souvent de moins de 10 salari\u00e9\u00b7e\u00b7s permanent\u00b7e\u00b7s. Si  rien n&#8217;est fait au-del\u00e0 des urgences imm\u00e9diates, elles ne pourront se remettre de cette crise. <\/p>\n\n\n\n<p class=\"has-medium-font-size\">Pour  cela, nous demandons des aides directes  aux entreprises et \u00e0 l&#8217;emploi.  Il faudra que ces structures puissent  honorer les engagements pris avec  leurs auteur\u00b7e\u00b7s, leurs salari\u00e9\u00b7e\u00b7s  et leurs \u00e9quipes intermittentes pour les contrats de cessions des  spectacles et les autres activit\u00e9s  annul\u00e9es ou report\u00e9es. Les entreprises les plus fragiles doivent pouvoir \u00eatre aid\u00e9es en tenant compte du co\u00fbt global de ces activit\u00e9s annul\u00e9es, amortissements de   cr\u00e9ation et frais engag\u00e9s, pour tous les spectacles, expositions, \u00e9missions, actions artistiques et culturelles, etc., annul\u00e9s, quels   qu&#8217;en soient le lieu et les modalit\u00e9s (lieux artistiques d\u00e9di\u00e9s et non d\u00e9di\u00e9s, autoproductions, \u00e9tablissements scolaires, prisons, EHPAD, biblioth\u00e8ques, structures sociales, etc.). <\/p>\n\n\n\n<p class=\"has-medium-font-size\">Les  dispositifs d&#8217;appui du  minist\u00e8re de la Culture et des collectivit\u00e9s  publiques doivent \u00eatre  abond\u00e9s, le traitement des demandes et les  proc\u00e9dures de versement des subventions doivent \u00eatre acc\u00e9l\u00e9r\u00e9s afin de permettre aux structures de  se maintenir durant cette p\u00e9riode. <\/p>\n\n\n\n<p class=\"has-medium-font-size\">Nous  demandons qu&#8217;un dispositif de r\u00e9f\u00e9rents de proximit\u00e9 soit mis en place  pour accompagner les  structures, particuli\u00e8rement les tr\u00e8s petites  entreprises, qui vont  manquer des comp\u00e9tences administratives adapt\u00e9es \u00e0  la complexit\u00e9 de  leur situation : m\u00e9canismes de facilitation de  tr\u00e9sorerie, mise en  \u0153uvre des mesures d&#8217;appui (t\u00e9l\u00e9travail, arr\u00eat de  travail, activit\u00e9  partielle, cessation de paiement, etc.). <\/p>\n\n\n\n<p class=\"has-medium-font-size\"><strong>Nous  en appelons au gouvernement, au minist\u00e8re de la Culture en particulier,  et \u00e0 l&#8217;ensemble des collectivit\u00e9s territoriales et de leurs groupements  : nous souhaitons \u00e9tablir un dialogue constructif et actif dans  l&#8217;\u00e9laboration des solutions.<\/strong> <\/p>\n\n\n\n<p class=\"has-text-align-left has-medium-font-size\"><strong>Nous  en appelons aussi \u00e0 la solidarit\u00e9 interne au secteur, que les  structures les plus importantes participent \u00e0 prot\u00e9ger les plus  fragiles. <\/strong><\/p>\n\n\n\n<p class=\"has-text-align-left has-medium-font-size\"><strong>Nous  en appelons \u00e0 toutes et tous pour participer \u00e0 sauver la diversit\u00e9  artistique et culturelle constitu\u00e9e par ces milliers d&#8217;initiatives qui  font en grande partie la richesse et le dynamisme de la vie artistique et culturelle de notre pays. <\/strong><\/p>\n\n\n\n<p>Les signataires :<\/p>\n\n\n\n<ul class=\"wp-block-list\"><li>ACTES IF &#8211; R\u00e9seau solidaire de lieux culturels franciliens<\/li><li>CITI &#8211; Centre International pour les Th\u00e9\u00e2tres Itin\u00e9rants<\/li><li>FAMDT &#8211; F\u00e9d\u00e9ration des acteurs et Actrices de Musiques et Danses Traditionnelles <\/li><li>FEDELIMA &#8211; F\u00e9d\u00e9ration de lieux de musiques actuelles <\/li><li>FERAROCK &#8211; F\u00e9d\u00e9ration des Radios Associatives Musiques actuelles<\/li><li>FELIN &#8211; F\u00e9d\u00e9ration Nationale des Labels Ind\u00e9pendants <\/li><li>FFMJC &#8211; F\u00e9d\u00e9ration Fran\u00e7aise des Maisons des Jeunes et de la Culture FNAR &#8211; F\u00e9d\u00e9ration nationale des arts de la rue<\/li><li>FRACA-MA &#8211; P\u00f4le R\u00e9gion Centre-Val de Loire Musiques Actuelles<\/li><li>FRAAP &#8211; F\u00e9d\u00e9ration des R\u00e9seaux et Associations d\u2019Artistes Plasticiens <\/li><li>GRAND BUREAU &#8211; R\u00e9seau musiques actuelles Auvergne-Rh\u00f4ne-Alpes<\/li><li>OCTOPUS &#8211; F\u00e9d\u00e9ration des Musiques Actuelles en Occitanie <\/li><li>OPALE &#8211; Organisation pour Projets ALternatifs d&#8217;Entreprise <\/li><li>PAM &#8211; P\u00f4le de coop\u00e9ration des Acteurs de la fili\u00e8re Musicale <\/li><li>PRMA REUNION &#8211; P\u00f4le R\u00e9gional des Musiques Actuelles de La R\u00e9union<\/li><li>RNCAP &#8211; R\u00e9seau national du Conte et des Arts de la Parole <\/li><li>RIF &#8211; R\u00e9seau des Musiques Actuelles en Ile-de-France<\/li><li>RIM &#8211; R\u00e9seau des ind\u00e9pendants de la musique <\/li><li>RMAN &#8211; R\u00e9seau des Musiques Actuelles en Normandie <\/li><li>SMA &#8211; Syndicat des Musiques Actuelles <\/li><li>SCC &#8211; Syndicat des Compagnies et Cirque de Cr\u00e9ation  <\/li><li>SYNAVI &#8211; Syndicat national des arts vivants<\/li><li>THEMAA &#8211; Association Nationale des Th\u00e9\u00e2tres de Marionnettes et des Arts associ\u00e9s  <\/li><li>UFISC &#8211; Union F\u00e9d\u00e9rale d&#8217;Intervention des Structures Culturelles <\/li><li>ZONE FRANCHE &#8211; R\u00e9seau des musiques du monde <\/li><\/ul>\n\n\n\n<p class=\"has-text-align-center\">Cette liste sera mise \u00e0 jour r\u00e9guli\u00e8rement<\/p>\n\n\n\n<p class=\"has-text-align-right\">Communiqu\u00e9 | Vendredi 20 mars 2020<\/p>\n\n\n\n<p class=\"has-text-align-center\"><strong><a rel=\"noreferrer noopener\" target=\"_blank\" href=\"https:\/\/famdt.us16.list-manage.com\/track\/click?u=d5c9cf78262e265d64c1b6cb8&amp;id=bbd5069d89&amp;e=006e5ab23a\">T\u00c9L\u00c9CHARGER LE COMMUNIQU\u00c9<\/a>  <\/strong><\/p>\n\n\n\n<h2 class=\"wp-block-heading\"><\/h2>\n\n\n\n<p class=\"has-medium-font-size\">Des  ressources et informations \u00e9manant de la cellule de crise &#8220;Ressources  et accompagnements&#8221; sont disponibles sur le site de l&#8217;UFISC. Cette page  sera r\u00e9guli\u00e8rement mise \u00e0 jour &gt;&gt;<a href=\"http:\/\/ufisc.org\/item\/357-infos-covid-19.html\" target=\"_blank\" rel=\"noreferrer noopener\" aria-label=\" http:\/\/ufisc.org\/item\/357-infos-covid-19.html (s\u2019ouvre dans un nouvel onglet)\"> http:\/\/ufisc.org\/item\/357-infos-covid-19.html<\/a><\/p>\n\n\n\n<h2 class=\"wp-block-heading\"><\/h2>\n\n\n\n<p class=\"has-medium-font-size\">Rappel : le <strong><a href=\"https:\/\/collectifmdm-idf.org\/a-propos-de\/\">Collectif MDM IDF<\/a> <\/strong>est membre de la <strong><a rel=\"noreferrer noopener\" href=\"http:\/\/www.famdt.com\/\" target=\"_blank\">FAMDT<\/a><\/strong>, elle-m\u00eame membre de l\u2019<strong><a rel=\"noreferrer noopener\" href=\"http:\/\/ufisc.org\/\" target=\"_blank\">UFISC<\/a><\/strong>. <\/p>\n\n\n\n<h2 class=\"wp-block-heading\"><\/h2>\n\n\n\n<hr class=\"wp-block-separator\"\/>\n\n\n\n<h2 class=\"has-luminous-vivid-orange-color has-text-color has-text-align-center wp-block-heading\">&#8212;o&#8212;<\/h2>\n\n\n\n<hr class=\"wp-block-separator\"\/>\n","protected":false},"excerpt":{"rendered":"<p>COMMUNIQU\u00c9 &#8211; 20 mars 2020 Depuis plus de 15 jours, les annulations de spectacles et de festivals se sont multipli\u00e9es, les cours et formations ont \u00e9t\u00e9 suspendus, les actions artistiques et culturelles en milieu scolaire, hospitalier, social, etc. ont \u00e9t\u00e9 d\u00e9programm\u00e9es. Les<\/p>\n<p class=\"link-more\"><a class=\"myButt \" href=\"https:\/\/collectifmdm-idf.org\/annuaire5\/diversite-culturelle-et-solidarite-des-mesures-urgentes-a-mettre-en-oeuvre\/\">EN SAVOIR +<\/a><\/p>\n","protected":false},"author":1,"featured_media":830,"comment_status":"open","ping_status":"open","sticky":false,"template":"","format":"standard","meta":{"_rtcl_gb_attr":"","footnotes":""},"categories":[5],"tags":[],"class_list":["post-834","post","type-post","status-publish","format-standard","has-post-thumbnail","hentry","category-breves"],"_links":{"self":[{"href":"https:\/\/collectifmdm-idf.org\/annuaire5\/wp-json\/wp\/v2\/posts\/834","targetHints":{"allow":["GET"]}}],"collection":[{"href":"https:\/\/collectifmdm-idf.org\/annuaire5\/wp-json\/wp\/v2\/posts"}],"about":[{"href":"https:\/\/collectifmdm-idf.org\/annuaire5\/wp-json\/wp\/v2\/types\/post"}],"author":[{"embeddable":true,"href":"https:\/\/collectifmdm-idf.org\/annuaire5\/wp-json\/wp\/v2\/users\/1"}],"replies":[{"embeddable":true,"href":"https:\/\/collectifmdm-idf.org\/annuaire5\/wp-json\/wp\/v2\/comments?post=834"}],"version-history":[{"count":0,"href":"https:\/\/collectifmdm-idf.org\/annuaire5\/wp-json\/wp\/v2\/posts\/834\/revisions"}],"wp:featuredmedia":[{"embeddable":true,"href":"https:\/\/collectifmdm-idf.org\/annuaire5\/wp-json\/wp\/v2\/media\/830"}],"wp:attachment":[{"href":"https:\/\/collectifmdm-idf.org\/annuaire5\/wp-json\/wp\/v2\/media?parent=834"}],"wp:term":[{"taxonomy":"category","embeddable":true,"href":"https:\/\/collectifmdm-idf.org\/annuaire5\/wp-json\/wp\/v2\/categories?post=834"},{"taxonomy":"post_tag","embeddable":true,"href":"https:\/\/collectifmdm-idf.org\/annuaire5\/wp-json\/wp\/v2\/tags?post=834"}],"curies":[{"name":"wp","href":"https:\/\/api.w.org\/{rel}","templated":true}]}}