{"id":829,"date":"2020-03-19T18:00:08","date_gmt":"2020-03-19T17:00:08","guid":{"rendered":"http:\/\/collectifmdm-idf.org\/?p=829"},"modified":"2020-03-20T19:07:57","modified_gmt":"2020-03-20T18:07:57","slug":"cooperation-art-et-culture-contre-le-covid-19","status":"publish","type":"post","link":"https:\/\/collectifmdm-idf.org\/annuaire5\/cooperation-art-et-culture-contre-le-covid-19\/","title":{"rendered":"Coop\u00e9ration Art et Culture contre le COVID-19"},"content":{"rendered":"\n<h2 class=\"wp-block-heading\"><\/h2>\n\n\n\n<h4 class=\"wp-block-heading\"><strong>COMMUNIQU\u00c9<\/strong> &#8211; 19 mars 2020 &#8211;                                        <\/h4>\n\n\n\n<p class=\"has-medium-font-size\"> <strong>Mobilisation contre le Covid 19<\/strong> <\/p>\n\n\n\n<p class=\"has-medium-font-size\">Devant  une situation  dont l&#8217;ampleur et la gravit\u00e9 sont in\u00e9dites, les membres  de l&#8217;UFISC  associ\u00e9s \u00e0 plusieurs autres organisations, r\u00e9seaux et  f\u00e9d\u00e9rations se  rassemblent pour faire face de fa\u00e7on solidaire et  concert\u00e9e. <\/p>\n\n\n\n<p class=\"has-medium-font-size\">Depuis la  semaine derni\u00e8re, <strong>nous  nous organisons au sein d&#8217;une cellule de crise \u00ab Ressources et  accompagnements \u00bb pour les structures et \u00e9quipes victimes de cette crise  quand elles devront affronter ses cons\u00e9quences \u00e0 court et moyen terme.<\/strong> <\/p>\n\n\n\n<p class=\"has-medium-font-size\">Alors que la mobilisation de toutes et de tous est cruciale pour endiguer l&#8217;extension de l&#8217;\u00e9pid\u00e9mie du COVID 19, <strong>nous  appelons tous les adh\u00e9rent\u00b7e\u00b7s, structures et \u00e9quipes artistiques et  culturelles, \u00e0 s&#8217;organiser pour lutter contre l&#8217;\u00e9pid\u00e9mie et \u00e0 appliquer  les mesures de pr\u00e9caution d\u00e9finies par les pouvoirs publics.<\/strong>  <\/p>\n\n\n\n<p class=\"has-medium-font-size\">Nous  les invitons \u00e0 tenir compte des principes d&#8217;int\u00e9r\u00eat g\u00e9n\u00e9ral et de   solidarit\u00e9, qui conduisent habituellement leurs actions, pour mettre  en  place les modalit\u00e9s n\u00e9cessaires \u00e0 cette mobilisation, tant aupr\u00e8s  des  personnes fragiles qu&#8217;entre acteur\u00b7trice\u00b7s socio-\u00e9conomiques. <\/p>\n\n\n\n<p class=\"has-medium-font-size\"><strong>Nous  tenons \u00e0 remercier les services et les personnes mobilis\u00e9\u00b7e\u00b7s pour  prendre en charge les cons\u00e9quences sanitaires et sociales de cette  situation et en particulier les services m\u00e9dicaux et m\u00e9dico-sociaux.<\/strong>  <\/p>\n\n\n\n<p class=\"has-medium-font-size\">L&#8217;\u00e9co-syst\u00e8me  de la culture n&#8217;est pas un continent isol\u00e9, il ne peut  fonctionner  qu&#8217;en proximit\u00e9 et synergie avec les autres \u00e9co-syst\u00e8mes.  Nous d\u00e9fendons  continuellement l&#8217;importance des services publics ou  priv\u00e9s d&#8217;int\u00e9r\u00eat  g\u00e9n\u00e9ral, l&#8217;importance des communs, celle de la  coop\u00e9ration entre  acteurs, de la solidarit\u00e9&#8230; autant de missions qui  s&#8217;exercent en dehors  des lois du march\u00e9. La crise que nous vivons ne  peut que nous conforter  dans nos valeurs et nos actions. Nous  savons  que les acteur\u00b7trice\u00b7s du tiers secteur et du champ de  l&#8217;\u00e9conomie  sociale et solidaire seront ceux\u00b7celles qui contribueront le  plus  fortement au red\u00e9marrage de l&#8217;activit\u00e9 quand la crise sera derri\u00e8re   nous, par leurs capacit\u00e9s de r\u00e9silience et d&#8217;invention de processus   collectifs et coop\u00e9ratifs. <\/p>\n\n\n\n<p class=\"has-medium-font-size\"><strong>Nous  en appelons \u00e0 la solidarit\u00e9 interne au secteur, comme \u00e0 la solidarit\u00e9  nationale, pour que se maintienne la diversit\u00e9 artistique et culturelle  constitu\u00e9e par les milliers d&#8217;initiatives que nous repr\u00e9sentons.<\/strong><\/p>\n\n\n\n<p class=\"has-medium-font-size\"><strong>La solidarit\u00e9 est n\u00e9cessaire et le collectif est un atout !<\/strong> <\/p>\n\n\n\n<p class=\"has-text-align-right\">Communiqu\u00e9 du 19 mars  2020 <\/p>\n\n\n\n<h2 class=\"wp-block-heading\"><\/h2>\n\n\n\n<p class=\"has-medium-font-size\">Des  ressources et informations \u00e9manant de la cellule de crise &#8220;Ressources  et accompagnements&#8221; sont disponibles sur le site de l&#8217;UFISC. Cette page  sera r\u00e9guli\u00e8rement mise \u00e0 jour &gt;&gt;<a href=\"http:\/\/ufisc.org\/item\/357-infos-covid-19.html\" target=\"_blank\" rel=\"noreferrer noopener\" aria-label=\" http:\/\/ufisc.org\/item\/357-infos-covid-19.html (s\u2019ouvre dans un nouvel onglet)\"><strong> http:\/\/ufisc.org\/item\/357-infos-covid-19.html<\/strong><\/a><\/p>\n\n\n\n<h2 class=\"wp-block-heading\"><\/h2>\n\n\n\n<p class=\"has-medium-font-size\">Rappel : le <strong><a href=\"https:\/\/collectifmdm-idf.org\/a-propos-de\/\">Collectif MDM IDF<\/a> <\/strong>est membre de la <strong><a rel=\"noreferrer noopener\" target=\"_blank\" href=\"http:\/\/www.famdt.com\/\">FAMDT<\/a><\/strong>, elle-m\u00eame membre de l\u2019<strong><a rel=\"noreferrer noopener\" target=\"_blank\" href=\"http:\/\/ufisc.org\/\">UFISC<\/a><\/strong>. <\/p>\n\n\n\n<hr class=\"wp-block-separator\"\/>\n\n\n\n<h2 class=\"has-luminous-vivid-orange-color has-text-color has-text-align-center wp-block-heading\">&#8212;o&#8212;<\/h2>\n\n\n\n<hr class=\"wp-block-separator\"\/>\n","protected":false},"excerpt":{"rendered":"<p>COMMUNIQU\u00c9 &#8211; 19 mars 2020 &#8211; Mobilisation contre le Covid 19 Devant une situation dont l&#8217;ampleur et la gravit\u00e9 sont in\u00e9dites, les membres de l&#8217;UFISC associ\u00e9s \u00e0 plusieurs autres organisations, r\u00e9seaux et f\u00e9d\u00e9rations se rassemblent pour faire face de fa\u00e7on solidaire et<\/p>\n<p class=\"link-more\"><a class=\"myButt \" href=\"https:\/\/collectifmdm-idf.org\/annuaire5\/cooperation-art-et-culture-contre-le-covid-19\/\">EN SAVOIR +<\/a><\/p>\n","protected":false},"author":1,"featured_media":830,"comment_status":"open","ping_status":"open","sticky":false,"template":"","format":"standard","meta":{"_rtcl_gb_attr":"","footnotes":""},"categories":[5],"tags":[],"class_list":["post-829","post","type-post","status-publish","format-standard","has-post-thumbnail","hentry","category-breves"],"_links":{"self":[{"href":"https:\/\/collectifmdm-idf.org\/annuaire5\/wp-json\/wp\/v2\/posts\/829","targetHints":{"allow":["GET"]}}],"collection":[{"href":"https:\/\/collectifmdm-idf.org\/annuaire5\/wp-json\/wp\/v2\/posts"}],"about":[{"href":"https:\/\/collectifmdm-idf.org\/annuaire5\/wp-json\/wp\/v2\/types\/post"}],"author":[{"embeddable":true,"href":"https:\/\/collectifmdm-idf.org\/annuaire5\/wp-json\/wp\/v2\/users\/1"}],"replies":[{"embeddable":true,"href":"https:\/\/collectifmdm-idf.org\/annuaire5\/wp-json\/wp\/v2\/comments?post=829"}],"version-history":[{"count":0,"href":"https:\/\/collectifmdm-idf.org\/annuaire5\/wp-json\/wp\/v2\/posts\/829\/revisions"}],"wp:featuredmedia":[{"embeddable":true,"href":"https:\/\/collectifmdm-idf.org\/annuaire5\/wp-json\/wp\/v2\/media\/830"}],"wp:attachment":[{"href":"https:\/\/collectifmdm-idf.org\/annuaire5\/wp-json\/wp\/v2\/media?parent=829"}],"wp:term":[{"taxonomy":"category","embeddable":true,"href":"https:\/\/collectifmdm-idf.org\/annuaire5\/wp-json\/wp\/v2\/categories?post=829"},{"taxonomy":"post_tag","embeddable":true,"href":"https:\/\/collectifmdm-idf.org\/annuaire5\/wp-json\/wp\/v2\/tags?post=829"}],"curies":[{"name":"wp","href":"https:\/\/api.w.org\/{rel}","templated":true}]}}