{"id":824,"date":"2020-03-17T17:36:01","date_gmt":"2020-03-17T16:36:01","guid":{"rendered":"http:\/\/collectifmdm-idf.org\/?p=824"},"modified":"2020-03-17T17:36:03","modified_gmt":"2020-03-17T16:36:03","slug":"questions-reponses-sur-le-covid-19","status":"publish","type":"post","link":"https:\/\/collectifmdm-idf.org\/annuaire5\/questions-reponses-sur-le-covid-19\/","title":{"rendered":"Questions\/r\u00e9ponses sur le Covid-19"},"content":{"rendered":"\n<h2 class=\"wp-block-heading\"><\/h2>\n\n\n\n<p class=\"has-medium-font-size\">En ces temps d&#8217;incertitudes et de questionnements, notamment quant aux  cons\u00e9quences des mesures actuelles pour notre secteur,  le <a aria-label=\"SMA - Syndicat des Musiques Actuelles (s\u2019ouvre dans un nouvel onglet)\" rel=\"noreferrer noopener\" target=\"_blank\" href=\"http:\/\/www.sma-syndicat.org\">SMA &#8211; Syndicat des Musiques Actuelles<\/a> a mis en place une <strong><a href=\"http:\/\/www.sma-syndicat.org\/question-reponse-sur-le-covid-19\/\">FAQ d\u00e9di\u00e9e<\/a><\/strong><a href=\"http:\/\/www.sma-syndicat.org\/question-reponse-sur-le-covid-19\/\"> (\u00e0 lire <strong>ICI<\/strong>)<\/a>. <\/p>\n\n\n\n<p class=\"has-medium-font-size\">Celle-ci est mise \u00e0 jour r\u00e9guli\u00e8rement<\/p>\n\n\n\n<h2 class=\"wp-block-heading\"><\/h2>\n\n\n\n<p class=\"has-medium-font-size\">Rappel : Le <strong>Collectif des musiques et danses du monde en \u00cele-de-France<\/strong>  est membre de la <strong><a href=\"http:\/\/www.famdt.com\/\" target=\"_blank\" rel=\"noreferrer noopener\" aria-label=\" (s\u2019ouvre dans un nouvel onglet)\">FAMDT<\/a><\/strong>, elle-m\u00eame membre du <strong><a href=\"http:\/\/www.sma-syndicat.org\" target=\"_blank\" rel=\"noreferrer noopener\" aria-label=\" (s\u2019ouvre dans un nouvel onglet)\">SMA &#8211; Syndicat des Musiques Actuelles<\/a><\/strong> qui publie cette FAQ<\/p>\n\n\n\n<h2 class=\"wp-block-heading\"><\/h2>\n\n\n\n<hr class=\"wp-block-separator\"\/>\n\n\n\n<h2 class=\"has-luminous-vivid-amber-color has-text-color has-text-align-center wp-block-heading\"><strong>&#8212;o&#8212;<\/strong><\/h2>\n\n\n\n<hr class=\"wp-block-separator\"\/>\n","protected":false},"excerpt":{"rendered":"<p>En ces temps d&#8217;incertitudes et de questionnements, notamment quant aux cons\u00e9quences des mesures actuelles pour notre secteur, le SMA &#8211; Syndicat des Musiques Actuelles a mis en place une FAQ d\u00e9di\u00e9e (\u00e0 lire ICI). Celle-ci est mise \u00e0 jour r\u00e9guli\u00e8rement Rappel :<\/p>\n<p class=\"link-more\"><a class=\"myButt \" href=\"https:\/\/collectifmdm-idf.org\/annuaire5\/questions-reponses-sur-le-covid-19\/\">EN SAVOIR +<\/a><\/p>\n","protected":false},"author":1,"featured_media":825,"comment_status":"open","ping_status":"open","sticky":false,"template":"","format":"standard","meta":{"_rtcl_gb_attr":"","footnotes":""},"categories":[5],"tags":[],"class_list":["post-824","post","type-post","status-publish","format-standard","has-post-thumbnail","hentry","category-breves"],"_links":{"self":[{"href":"https:\/\/collectifmdm-idf.org\/annuaire5\/wp-json\/wp\/v2\/posts\/824","targetHints":{"allow":["GET"]}}],"collection":[{"href":"https:\/\/collectifmdm-idf.org\/annuaire5\/wp-json\/wp\/v2\/posts"}],"about":[{"href":"https:\/\/collectifmdm-idf.org\/annuaire5\/wp-json\/wp\/v2\/types\/post"}],"author":[{"embeddable":true,"href":"https:\/\/collectifmdm-idf.org\/annuaire5\/wp-json\/wp\/v2\/users\/1"}],"replies":[{"embeddable":true,"href":"https:\/\/collectifmdm-idf.org\/annuaire5\/wp-json\/wp\/v2\/comments?post=824"}],"version-history":[{"count":0,"href":"https:\/\/collectifmdm-idf.org\/annuaire5\/wp-json\/wp\/v2\/posts\/824\/revisions"}],"wp:featuredmedia":[{"embeddable":true,"href":"https:\/\/collectifmdm-idf.org\/annuaire5\/wp-json\/wp\/v2\/media\/825"}],"wp:attachment":[{"href":"https:\/\/collectifmdm-idf.org\/annuaire5\/wp-json\/wp\/v2\/media?parent=824"}],"wp:term":[{"taxonomy":"category","embeddable":true,"href":"https:\/\/collectifmdm-idf.org\/annuaire5\/wp-json\/wp\/v2\/categories?post=824"},{"taxonomy":"post_tag","embeddable":true,"href":"https:\/\/collectifmdm-idf.org\/annuaire5\/wp-json\/wp\/v2\/tags?post=824"}],"curies":[{"name":"wp","href":"https:\/\/api.w.org\/{rel}","templated":true}]}}