{"id":802,"date":"2020-03-02T23:54:31","date_gmt":"2020-03-02T22:54:31","guid":{"rendered":"http:\/\/collectifmdm-idf.org\/?p=802"},"modified":"2020-03-03T11:13:14","modified_gmt":"2020-03-03T10:13:14","slug":"propositions-du-sma-et-de-lufisc-pour-les-candidats-candidates-aux-elections-municipales-2020","status":"publish","type":"post","link":"https:\/\/collectifmdm-idf.org\/annuaire5\/propositions-du-sma-et-de-lufisc-pour-les-candidats-candidates-aux-elections-municipales-2020\/","title":{"rendered":"Propositions du SMA et de l&#8217;UFISC pour les candidats\/candidates aux \u00e9lections municipales 2020"},"content":{"rendered":"\n<h1 class=\"wp-block-heading\"><\/h1>\n\n\n\n<p class=\"has-medium-font-size\">Dans le contexte pr\u00e9\u00e9lectoral actuel, le <strong>SMA<\/strong> \u2013 syndicat des musiques actuelles \u2013 souhaite  interpeller les candidats aux \u00e9lections municipales.<\/p>\n\n\n\n<h2 class=\"wp-block-heading\"><\/h2>\n\n\n\n<figure class=\"wp-block-image size-large\"><a href=\"http:\/\/www.sma-syndicat.org\/communique-elections-municipales-2020-les-5-propositions-du-sma-a-lattention-des-candidats\/\" target=\"_blank\" rel=\"noreferrer noopener\"><img fetchpriority=\"high\" decoding=\"async\" width=\"727\" height=\"500\" src=\"https:\/\/collectifmdm-idf.org\/wp-content\/uploads\/2020\/03\/sma-2020.png\" alt=\"\" class=\"wp-image-809\" srcset=\"https:\/\/collectifmdm-idf.org\/annuaire5\/wp-content\/uploads\/2020\/03\/sma-2020.png 727w, https:\/\/collectifmdm-idf.org\/annuaire5\/wp-content\/uploads\/2020\/03\/sma-2020-300x206.png 300w\" sizes=\"(max-width: 727px) 100vw, 727px\" \/><\/a><\/figure>\n\n\n\n<p><a href=\"http:\/\/www.sma-syndicat.org\/communique-elections-municipales-2020-les-5-propositions-du-sma-a-lattention-des-candidats\/\" target=\"_blank\" rel=\"noreferrer noopener\" aria-label=\"http:\/\/www.sma-syndicat.org\/communique-elections-municipales-2020-les-5-propositions-du-sma-a-lattention-des-candidats\/ (s\u2019ouvre dans un nouvel onglet)\">http:\/\/www.sma-syndicat.org\/communique-elections-municipales-2020-les-5-propositions-du-sma-a-lattention-des-candidats\/<\/a><\/p>\n\n\n\n<hr class=\"wp-block-separator is-style-default\"\/>\n\n\n\n<h2 class=\"wp-block-heading\"><\/h2>\n\n\n\n<p class=\"has-medium-font-size\">L&#8217;<strong>UFISC<\/strong> propose aux candidat-e-s et \u00e0 tou-te-s celles et ceux engag\u00e9-e-s pour leurs territoires, les arts et la culture, 3 engagements d\u00e9clin\u00e9s en 20 propositions.<\/p>\n\n\n\n<h2 class=\"wp-block-heading\"><\/h2>\n\n\n\n<figure class=\"wp-block-image size-large\"><a href=\"http:\/\/www.ufisc.org\/politiques-publiques\/70-actualites-politiques-publiques\/353-municipales-2020-propositions.html\" target=\"_blank\" rel=\"noreferrer noopener\"><img decoding=\"async\" width=\"820\" height=\"312\" src=\"https:\/\/collectifmdm-idf.org\/wp-content\/uploads\/2020\/03\/ufisc.png\" alt=\"\" class=\"wp-image-808\" srcset=\"https:\/\/collectifmdm-idf.org\/annuaire5\/wp-content\/uploads\/2020\/03\/ufisc.png 820w, https:\/\/collectifmdm-idf.org\/annuaire5\/wp-content\/uploads\/2020\/03\/ufisc-300x114.png 300w, https:\/\/collectifmdm-idf.org\/annuaire5\/wp-content\/uploads\/2020\/03\/ufisc-768x292.png 768w\" sizes=\"(max-width: 820px) 100vw, 820px\" \/><\/a><\/figure>\n\n\n\n<p class=\"has-normal-font-size\"><a href=\"http:\/\/www.ufisc.org\/politiques-publiques\/70-actualites-politiques-publiques\/353-municipales-2020-propositions.html\" target=\"_blank\" rel=\"noreferrer noopener\" aria-label=\" (s\u2019ouvre dans un nouvel onglet)\">http:\/\/www.ufisc.org\/politiques-publiques\/70-actualites-politiques-publiques\/353-municipales-2020-propositions.html<\/a><\/p>\n\n\n\n<hr class=\"wp-block-separator is-style-default\"\/>\n\n\n\n<h2 class=\"wp-block-heading\"><\/h2>\n\n\n\n<p class=\"has-text-align-center has-medium-font-size\">UNE PLATEFORME POUR MOBILISER RESSOURCES ET EXP\u00c9RIENCES ASSOCIATIVES POUR INTERVENIR DANS LA VIE DE LA CIT\u00c9\u2026  DANS LA VIE DE SA CIT\u00c9\u00a0!<\/p>\n\n\n\n<p class=\"has-medium-font-size\">Cette plateforme du <strong>Collectif des associations Citoyennes<\/strong> est une premi\u00e8re r\u00e9ponse \u00e0 la question\u00a0: <strong><em>\u00e0  la veille des municipales 2020, quelles ressources sont \u00e0 la disposition  des associations citoyennes pour leurs actions politiques locales\u00a0?<\/em><\/strong><\/p>\n\n\n\n<p class=\"has-text-align-center has-medium-font-size\"><a href=\"http:\/\/cedsdac.associations-citoyennes.net\/?Municipales2020\" target=\"_blank\" rel=\"noreferrer noopener\" aria-label=\"Plateforme de Ressources \u00e0 consulter ici  (s\u2019ouvre dans un nouvel onglet)\">Plateforme de Ressources \u00e0 consulter ici <\/a><\/p>\n\n\n\n<p><\/p>\n\n\n\n<h2 class=\"wp-block-heading\"><\/h2>\n\n\n\n<hr class=\"wp-block-separator is-style-default\"\/>\n\n\n\n<h2 class=\"wp-block-heading\"><\/h2>\n\n\n\n<p class=\"has-medium-font-size\">Rappel : le <strong><a href=\"https:\/\/collectifmdm-idf.org\/a-propos-de\/\">Collectif MDM IDF<\/a> <\/strong>est membre de la <strong><a rel=\"noreferrer noopener\" aria-label=\" (s\u2019ouvre dans un nouvel onglet)\" href=\"http:\/\/www.famdt.com\/\" target=\"_blank\">FAMDT<\/a><\/strong>, elle-m\u00eame membre du <strong><a rel=\"noreferrer noopener\" aria-label=\" (s\u2019ouvre dans un nouvel onglet)\" href=\"http:\/\/www.sma-syndicat.org\" target=\"_blank\">SMA<\/a><\/strong>, de l&#8217;<strong><a rel=\"noreferrer noopener\" aria-label=\" (s\u2019ouvre dans un nouvel onglet)\" href=\"http:\/\/ufisc.org\/\" target=\"_blank\">UFISC<\/a><\/strong> et du  <strong><a href=\"http:\/\/cedsdac.associations-citoyennes.net\" target=\"_blank\" rel=\"noreferrer noopener\" aria-label=\" (s\u2019ouvre dans un nouvel onglet)\">Collectif des associations Citoyennes<\/a><\/strong>.<\/p>\n\n\n\n<h2 class=\"wp-block-heading\"><\/h2>\n\n\n\n<hr class=\"wp-block-separator is-style-default\"\/>\n\n\n\n<h2 class=\"wp-block-heading\"><\/h2>\n\n\n\n<p class=\"has-text-color has-text-align-center has-medium-font-size has-luminous-vivid-orange-color\"><strong>&#8212;o&#8212;<\/strong><\/p>\n\n\n\n<h2 class=\"wp-block-heading\"><\/h2>\n","protected":false},"excerpt":{"rendered":"<p>Dans le contexte pr\u00e9\u00e9lectoral actuel, le SMA \u2013 syndicat des musiques actuelles \u2013 souhaite interpeller les candidats aux \u00e9lections municipales. http:\/\/www.sma-syndicat.org\/communique-elections-municipales-2020-les-5-propositions-du-sma-a-lattention-des-candidats\/ L&#8217;UFISC propose aux candidat-e-s et \u00e0 tou-te-s celles et ceux engag\u00e9-e-s pour leurs territoires, les arts et la culture, 3 engagements<\/p>\n<p class=\"link-more\"><a class=\"myButt \" href=\"https:\/\/collectifmdm-idf.org\/annuaire5\/propositions-du-sma-et-de-lufisc-pour-les-candidats-candidates-aux-elections-municipales-2020\/\">EN SAVOIR +<\/a><\/p>\n","protected":false},"author":1,"featured_media":805,"comment_status":"open","ping_status":"open","sticky":false,"template":"","format":"standard","meta":{"_rtcl_gb_attr":"","footnotes":""},"categories":[5],"tags":[],"class_list":["post-802","post","type-post","status-publish","format-standard","has-post-thumbnail","hentry","category-breves"],"_links":{"self":[{"href":"https:\/\/collectifmdm-idf.org\/annuaire5\/wp-json\/wp\/v2\/posts\/802","targetHints":{"allow":["GET"]}}],"collection":[{"href":"https:\/\/collectifmdm-idf.org\/annuaire5\/wp-json\/wp\/v2\/posts"}],"about":[{"href":"https:\/\/collectifmdm-idf.org\/annuaire5\/wp-json\/wp\/v2\/types\/post"}],"author":[{"embeddable":true,"href":"https:\/\/collectifmdm-idf.org\/annuaire5\/wp-json\/wp\/v2\/users\/1"}],"replies":[{"embeddable":true,"href":"https:\/\/collectifmdm-idf.org\/annuaire5\/wp-json\/wp\/v2\/comments?post=802"}],"version-history":[{"count":0,"href":"https:\/\/collectifmdm-idf.org\/annuaire5\/wp-json\/wp\/v2\/posts\/802\/revisions"}],"wp:featuredmedia":[{"embeddable":true,"href":"https:\/\/collectifmdm-idf.org\/annuaire5\/wp-json\/wp\/v2\/media\/805"}],"wp:attachment":[{"href":"https:\/\/collectifmdm-idf.org\/annuaire5\/wp-json\/wp\/v2\/media?parent=802"}],"wp:term":[{"taxonomy":"category","embeddable":true,"href":"https:\/\/collectifmdm-idf.org\/annuaire5\/wp-json\/wp\/v2\/categories?post=802"},{"taxonomy":"post_tag","embeddable":true,"href":"https:\/\/collectifmdm-idf.org\/annuaire5\/wp-json\/wp\/v2\/tags?post=802"}],"curies":[{"name":"wp","href":"https:\/\/api.w.org\/{rel}","templated":true}]}}