{"id":779,"date":"2018-11-22T17:27:38","date_gmt":"2018-11-22T16:27:38","guid":{"rendered":"http:\/\/collectifmdm-idf.org\/?p=779"},"modified":"2020-02-22T22:56:04","modified_gmt":"2020-02-22T21:56:04","slug":"hommage-a-hilaire-penda-jeudi-29-novembre-2018-a-montreuil","status":"publish","type":"post","link":"https:\/\/collectifmdm-idf.org\/annuaire5\/hommage-a-hilaire-penda-jeudi-29-novembre-2018-a-montreuil\/","title":{"rendered":"Hommage \u00e0 Hilaire PENDA &#8211; jeudi 29 novembre 2018 \u00e0 Montreuil"},"content":{"rendered":"\n<h2 class=\"wp-block-heading\"><\/h2>\n\n\n\n<div class=\"wp-block-image\"><figure class=\"aligncenter size-large\"><img fetchpriority=\"high\" decoding=\"async\" width=\"356\" height=\"500\" src=\"https:\/\/collectifmdm-idf.org\/wp-content\/uploads\/2020\/02\/Hommage-a-Hilaire_FINAL.jpg\" alt=\"\" class=\"wp-image-781\" srcset=\"https:\/\/collectifmdm-idf.org\/annuaire5\/wp-content\/uploads\/2020\/02\/Hommage-a-Hilaire_FINAL.jpg 356w, https:\/\/collectifmdm-idf.org\/annuaire5\/wp-content\/uploads\/2020\/02\/Hommage-a-Hilaire_FINAL-214x300.jpg 214w\" sizes=\"(max-width: 356px) 100vw, 356px\" \/><\/figure><\/div>\n\n\n\n<p class=\"has-medium-font-size\">Une soir\u00e9e en hommage \u00e0 notre ami et membre du Collectif MDM IDF <strong>Hilaire PENDA<\/strong> aura lieu le <strong>jeudi 29 novembre 2018 \u00e0 19h00<\/strong>, au <strong>th\u00e9\u00e2tre Berthelot<\/strong> \u00e0 Montreuil, avec le soutien de la mairie de Montreuil au <strong>th\u00e9\u00e2tre Berthelot<\/strong>.  <\/p>\n\n\n\n<p class=\"has-medium-font-size\">Une trentaine d\u2019artistes participeront \u00e0 cette soir\u00e9e.<\/p>\n\n\n\n<hr class=\"wp-block-separator\"\/>\n\n\n\n<p class=\"has-medium-font-size\">Jeudi 29 novembre 2018 \u00e0 19h00<\/p>\n\n\n\n<p class=\"has-medium-font-size\">Entr\u00e9e libre sous r\u00e9serve des places disponibles.<\/p>\n\n\n\n<p class=\"has-medium-font-size\"><a rel=\"noreferrer noopener\" href=\"http:\/\/www.montreuil.fr\/culture\/theatre\/theatre-berthelot\/\" target=\"_blank\">TH\u00c9\u00c2TRE BERTHELOT<\/a><br>6 Rue Marcelin Berthelot, 93100 Montreuil<\/p>\n\n\n\n<h2 class=\"wp-block-heading\"><\/h2>\n\n\n\n<p class=\"has-medium-font-size\">Une cagnotte est mise \u00e0 votre disposition afin de soutenir la famille d\u2019Hilaire PENDA.<br><strong>Cliquez ci-dessous pour participer en ligne :<\/strong><br><a href=\"https:\/\/www.leetchi.com\/c\/collecter-pour-hilaire-penda\">https:\/\/www.leetchi.com\/c\/collecter-pour-hilaire-penda<\/a><\/p>\n\n\n\n<hr class=\"wp-block-separator\"\/>\n\n\n\n<p class=\"has-text-color has-text-align-center has-medium-font-size has-luminous-vivid-orange-color\"><strong>&#8212;o&#8212;<\/strong><\/p>\n\n\n\n<hr class=\"wp-block-separator\"\/>\n","protected":false},"excerpt":{"rendered":"<p>Une soir\u00e9e en hommage \u00e0 notre ami et membre du Collectif MDM IDF Hilaire PENDA aura lieu le jeudi 29 novembre 2018 \u00e0 19h00, au th\u00e9\u00e2tre Berthelot \u00e0 Montreuil, avec le soutien de la mairie de Montreuil au th\u00e9\u00e2tre Berthelot. Une trentaine<\/p>\n<p class=\"link-more\"><a class=\"myButt \" href=\"https:\/\/collectifmdm-idf.org\/annuaire5\/hommage-a-hilaire-penda-jeudi-29-novembre-2018-a-montreuil\/\">EN SAVOIR +<\/a><\/p>\n","protected":false},"author":1,"featured_media":0,"comment_status":"open","ping_status":"open","sticky":false,"template":"","format":"standard","meta":{"_rtcl_gb_attr":"","footnotes":""},"categories":[7,15],"tags":[],"class_list":["post-779","post","type-post","status-publish","format-standard","hentry","category-concert","category-evenement"],"_links":{"self":[{"href":"https:\/\/collectifmdm-idf.org\/annuaire5\/wp-json\/wp\/v2\/posts\/779","targetHints":{"allow":["GET"]}}],"collection":[{"href":"https:\/\/collectifmdm-idf.org\/annuaire5\/wp-json\/wp\/v2\/posts"}],"about":[{"href":"https:\/\/collectifmdm-idf.org\/annuaire5\/wp-json\/wp\/v2\/types\/post"}],"author":[{"embeddable":true,"href":"https:\/\/collectifmdm-idf.org\/annuaire5\/wp-json\/wp\/v2\/users\/1"}],"replies":[{"embeddable":true,"href":"https:\/\/collectifmdm-idf.org\/annuaire5\/wp-json\/wp\/v2\/comments?post=779"}],"version-history":[{"count":0,"href":"https:\/\/collectifmdm-idf.org\/annuaire5\/wp-json\/wp\/v2\/posts\/779\/revisions"}],"wp:attachment":[{"href":"https:\/\/collectifmdm-idf.org\/annuaire5\/wp-json\/wp\/v2\/media?parent=779"}],"wp:term":[{"taxonomy":"category","embeddable":true,"href":"https:\/\/collectifmdm-idf.org\/annuaire5\/wp-json\/wp\/v2\/categories?post=779"},{"taxonomy":"post_tag","embeddable":true,"href":"https:\/\/collectifmdm-idf.org\/annuaire5\/wp-json\/wp\/v2\/tags?post=779"}],"curies":[{"name":"wp","href":"https:\/\/api.w.org\/{rel}","templated":true}]}}