{"id":776,"date":"2019-09-09T17:10:58","date_gmt":"2019-09-09T15:10:58","guid":{"rendered":"http:\/\/collectifmdm-idf.org\/?p=776"},"modified":"2020-02-22T20:59:39","modified_gmt":"2020-02-22T19:59:39","slug":"bientot-un-square-au-nom-dhilaire-penda-a-montreuil-93","status":"publish","type":"post","link":"https:\/\/collectifmdm-idf.org\/annuaire5\/bientot-un-square-au-nom-dhilaire-penda-a-montreuil-93\/","title":{"rendered":"Bient\u00f4t un square au nom d&#8217;Hilaire Penda \u00e0 Montreuil (93)"},"content":{"rendered":"\n<p class=\"has-medium-font-size\">&#8220;Pour rendre hommage \u00e0 la figure montreuilloise musicale,  <strong>Hilaire Penda<\/strong>, l\u2019actuel square de l\u2019Amiti\u00e9, situ\u00e9 \u00e0 l\u2019angle des rues de  Paris et de la R\u00e9volution \u00e0 Montreuil, sera renomm\u00e9 \u00ab <strong>Square Hilaire  Hega Penda <\/strong>\u00bb  le <strong>samedi 14 septembre 2019<\/strong>.<\/p>\n\n\n\n<p class=\"has-medium-font-size\">Disparu le 5 novembre 2018,<strong> Hilaire Penda<\/strong>, bassiste virtuose,  auteur-compositeur, cr\u00e9ateur populaire et fondateur de l\u2019association et  du <strong>Festival Rares Talents<\/strong>, \u00e9tait \u00e9galement l\u2019initiateur du <strong>Centre des  Cultures d\u2019Afrique<\/strong>.<br>En 35 ans de carri\u00e8re, il est devenu une figure  incontournable de la sc\u00e8ne musicale afro-parisienne dont il a \u00e9t\u00e9 le  chef d\u2019orchestre pendant 10 ans avec ses <strong>Warmup Show<\/strong>.<\/p>\n\n\n\n<p class=\"has-medium-font-size\">Originaire du vivier de bassiste qu\u2019est le Cameroun, il s\u2019est \ninstall\u00e9 dans les ann\u00e9es 2000 \u00e0 Montreuil o\u00f9, multipliant les sessions \nimprovis\u00e9es, il disait avoir l\u2019impression de retrouver un bout de son \nAfrique.&nbsp;<\/p>\n\n\n\n<p class=\"has-medium-font-size\">N\u00e9 le 13 janvier 1961 \u00e0 Douala au Cameroun, le nom <strong>Hega<\/strong>, en langue  bassa, signifie \u00e0 la fois cr\u00e9er, mesurer, contr\u00f4ler, tandis que le  patronyme <strong>Penda<\/strong> veut dire discussion, dialogue. <strong>Hilaire Hega Penda<\/strong> \u00e9tait  un homme au c\u0153ur bon qui incarnait avec sa personnalit\u00e9 charismatique,  la force de son nom. Rep\u00e9r\u00e9 en France d\u00e8s son arriv\u00e9e en 1983, il est  rapidement sollicit\u00e9 par les plus grands : Mory Kant\u00e9, Salif Ke\u00efta,  Brian Ferry, Squeeze ou encore Bootsy Collins, Ang\u00e9lique Kidjo, John  Scofield, etc.. <\/p>\n\n\n\n<p class=\"has-medium-font-size\">Hilaire Penda s\u2019est r\u00e9v\u00e9l\u00e9 au fil des ann\u00e9es comme un  homme d\u2019\u00e9changes et un extraordinaire passeur de culture. Il s\u2019employait  inlassablement \u00e0 tisser des ponts entre les artistes africains et  europ\u00e9ens, en suscitant des rencontres musicales entre les diff\u00e9rentes  g\u00e9n\u00e9rations d\u2019artistes \u00e9mergents et de musiciens confirm\u00e9s. Un d\u00e9nicheur  de talents, rare et ardent d\u00e9fenseur des cultures d\u2019Afrique qu\u2019il  aimait perp\u00e9tuellement r\u00e9inventer en m\u00e9tissant les traditions musicales.<\/p>\n\n\n\n<p class=\"has-medium-font-size\">Pour cette occasion la <strong>Ville de Montreuil<\/strong> et <strong>l\u2019association Les Rares Talents<\/strong> organiseront<strong> un grand pique-nique musical aux couleurs du monde<\/strong>,  accompagn\u00e9 par<strong> Kristo Numpuby<\/strong> en trio, un collectif d\u2019artistes  montreuillois pour une <strong>fresque<\/strong> murale en live, une <strong>expo photo<\/strong> dans  l\u2019herbe.. et d\u2019autres surprises ?  <\/p>\n\n\n\n<p class=\"has-medium-font-size\">Un \u00e9v\u00e9nement ouvert \u00e0 tous pour cette journ\u00e9e festive ! !!&#8221;<\/p>\n\n\n\n<p class=\"has-text-align-right\">Source : <a href=\"http:\/\/rarestalents.com\/inauguration-du-square-hilaire-hega-penda-a-montreuil\/\" target=\"_blank\" rel=\"noreferrer noopener\" aria-label=\"rarestalents.com (s\u2019ouvre dans un nouvel onglet)\">rarestalents.com<\/a><\/p>\n\n\n\n<h2 class=\"wp-block-heading\"><\/h2>\n\n\n\n<p class=\"has-text-color has-text-align-center has-medium-font-size has-luminous-vivid-orange-color\"><strong>&#8212;o&#8212;<\/strong><\/p>\n\n\n\n<hr class=\"wp-block-separator\"\/>\n","protected":false},"excerpt":{"rendered":"<p>&#8220;Pour rendre hommage \u00e0 la figure montreuilloise musicale, Hilaire Penda, l\u2019actuel square de l\u2019Amiti\u00e9, situ\u00e9 \u00e0 l\u2019angle des rues de Paris et de la R\u00e9volution \u00e0 Montreuil, sera renomm\u00e9 \u00ab Square Hilaire Hega Penda \u00bb le samedi 14 septembre 2019. Disparu le<\/p>\n<p class=\"link-more\"><a class=\"myButt \" href=\"https:\/\/collectifmdm-idf.org\/annuaire5\/bientot-un-square-au-nom-dhilaire-penda-a-montreuil-93\/\">EN SAVOIR +<\/a><\/p>\n","protected":false},"author":1,"featured_media":778,"comment_status":"open","ping_status":"open","sticky":false,"template":"","format":"standard","meta":{"_rtcl_gb_attr":"","footnotes":""},"categories":[7,15,16],"tags":[],"class_list":["post-776","post","type-post","status-publish","format-standard","has-post-thumbnail","hentry","category-concert","category-evenement","category-exposition"],"_links":{"self":[{"href":"https:\/\/collectifmdm-idf.org\/annuaire5\/wp-json\/wp\/v2\/posts\/776","targetHints":{"allow":["GET"]}}],"collection":[{"href":"https:\/\/collectifmdm-idf.org\/annuaire5\/wp-json\/wp\/v2\/posts"}],"about":[{"href":"https:\/\/collectifmdm-idf.org\/annuaire5\/wp-json\/wp\/v2\/types\/post"}],"author":[{"embeddable":true,"href":"https:\/\/collectifmdm-idf.org\/annuaire5\/wp-json\/wp\/v2\/users\/1"}],"replies":[{"embeddable":true,"href":"https:\/\/collectifmdm-idf.org\/annuaire5\/wp-json\/wp\/v2\/comments?post=776"}],"version-history":[{"count":0,"href":"https:\/\/collectifmdm-idf.org\/annuaire5\/wp-json\/wp\/v2\/posts\/776\/revisions"}],"wp:featuredmedia":[{"embeddable":true,"href":"https:\/\/collectifmdm-idf.org\/annuaire5\/wp-json\/wp\/v2\/media\/778"}],"wp:attachment":[{"href":"https:\/\/collectifmdm-idf.org\/annuaire5\/wp-json\/wp\/v2\/media?parent=776"}],"wp:term":[{"taxonomy":"category","embeddable":true,"href":"https:\/\/collectifmdm-idf.org\/annuaire5\/wp-json\/wp\/v2\/categories?post=776"},{"taxonomy":"post_tag","embeddable":true,"href":"https:\/\/collectifmdm-idf.org\/annuaire5\/wp-json\/wp\/v2\/tags?post=776"}],"curies":[{"name":"wp","href":"https:\/\/api.w.org\/{rel}","templated":true}]}}