{"id":755,"date":"2020-02-22T14:26:08","date_gmt":"2020-02-22T13:26:08","guid":{"rendered":"http:\/\/collectifmdm-idf.org\/?p=755"},"modified":"2020-03-25T18:39:57","modified_gmt":"2020-03-25T17:39:57","slug":"9e-edition-du-festival-rares-talents-du-2-au-5-avril-2020-a-montreuil-93","status":"publish","type":"post","link":"https:\/\/collectifmdm-idf.org\/annuaire5\/9e-edition-du-festival-rares-talents-du-2-au-5-avril-2020-a-montreuil-93\/","title":{"rendered":"9e \u00e9dition du Festival Rares Talents &#8211; du 2 au 5 Avril 2020 \u00e0 Montreuil (93) &#8211; ANNUL\u00c9 #Coronavirus"},"content":{"rendered":"\n<h2 class=\"wp-block-heading\"><\/h2>\n\n\n\n<p class=\"has-medium-font-size\">L\u2019<strong>\u00e9dition #9 du festival Rares Talents<\/strong> aurait du voir le jour sous le signe de la r\u00e9silience apr\u00e8s la perte de son fondateur et figure embl\u00e9matique <strong>Hilaire PENDA<\/strong>.<\/p>\n\n\n\n<p class=\"has-medium-font-size\">Il aura fallu tout un collectif d\u2019artistes et de professionnels de la culture pour prolonger la vision d\u2019Hilaire et son engagement \u00e0 offrir  une sc\u00e8ne, une audience et un beau festival \u00e0 des artistes confirm\u00e9s ou  en d\u00e9veloppement.<br><\/p>\n\n\n\n<p><\/p>\n\n\n\n<p><\/p>\n\n\n\n<p class=\"has-medium-font-size\">Depuis sa conception cet \u00e9v\u00e9nement privil\u00e9gie l\u2019originalit\u00e9 de la cr\u00e9ation musicale et la richesse des rencontres entre les diff\u00e9rentes cultures qui composent \u00e0 pr\u00e9sent le terreau de notre environnement quotidien tout en se d\u00e9marquant des courants uniformes et format\u00e9s.<\/p>\n\n\n\n<p class=\"has-medium-font-size\">Cette ann\u00e9e, <strong>du 2 au 5 Avril 2020<\/strong>, nous vous proposons <strong>deux concerts chaque soir<\/strong>, une unit\u00e9 de lieu au <strong>Th\u00e9\u00e2tre  Municipal Berthelot Jean-Guerrin \u00e0 Montreuil<\/strong> et une programmation  audacieuse :<\/p>\n\n\n\n<p class=\"has-medium-font-size\">&#8211; le jeudi <strong>Natascha ROGERS<\/strong> puis le groupe <strong>SELKIES<\/strong> nous d\u00e9voilent avec force et sensibilit\u00e9 leurs chants leurs rythmes et leurs harmonies entrem\u00eal\u00e9es,<\/p>\n\n\n\n<p><\/p>\n\n\n\n<p class=\"has-medium-font-size\">&#8211; le vendredi un plateau aussi rare qu\u2019exceptionnel r\u00e9unit le duo des percussionnistes <strong>Prabhu et St\u00e9phane EDOUARD<\/strong> et le quartet de <strong>Magic MALIK &amp; Minino GARAY<\/strong>,<\/p>\n\n\n\n<p><\/p>\n\n\n\n<p class=\"has-medium-font-size\">&#8211; le samedi <strong>KRISTEL<\/strong> avec son \u00ab power trio \u00bb et la flamboyante <strong>Dobet GNAHOR\u00c9<\/strong> affirment haut et fort l\u2019\u00e9nergie et la diversit\u00e9 des musiques malgaches et ivoiriennes,<\/p>\n\n\n\n<p><\/p>\n\n\n\n<p class=\"has-medium-font-size\">&#8211; le festival s\u2019ach\u00e8ve le dimanche par des cr\u00e9ations avec  le duo de <strong>Val\u00e9rie BELINGA &amp; Christophe MINCK<\/strong> qui transcendent les traditions du Cameroun vers l\u2019expression artistique d\u2019une Afrique moderne et m\u00e9tiss\u00e9e et le <strong>trio TAFEL<\/strong>.<\/p>\n\n\n\n<p class=\"has-medium-font-size\">Le <strong>festival Rares Talents<\/strong> garde sa touche pluridisciplinaire.<br>Une porte ouverte sur la danse africaine de <strong>Ti\u00e9bl\u00e9 DIARRA<\/strong>  qui donne un <strong>stage<\/strong> le samedi 4 Avril en fin de matin\u00e9e et tout au long  de la semaine le foyer du th\u00e9\u00e2tre accueille une <strong>exposition<\/strong> des peintures  d\u2019<strong>Olga YAMEOGO<\/strong>, une artiste burkinab\u00e9 qui exprime avec intensit\u00e9 l\u2019identit\u00e9 et la migration.<\/p>\n\n\n\n<p class=\"has-medium-font-size\">Enfin pour le plaisir de nos papilles les <strong>merveilles culinaires de Fatou<\/strong> nous accompagnent chaque soir du festival !<\/p>\n\n\n\n<p class=\"has-medium-font-size\"><strong>Bienvenu.e.s dans le Monde des Rares Talents !<\/strong><br><\/p>\n\n\n\n<h2 class=\"wp-block-heading\"><\/h2>\n\n\n\n<p class=\"has-text-align-center has-large-font-size\"><strong><a href=\"http:\/\/rarestalents.com\/festival-rares-talents-2020\/\" target=\"_blank\" rel=\"noreferrer noopener\" aria-label=\"www.rarestalents.com (s\u2019ouvre dans un nouvel onglet)\">www.rarestalents.com<\/a><\/strong><\/p>\n\n\n\n<h2 class=\"wp-block-heading\"><\/h2>\n\n\n\n<div class=\"wp-block-image\"><figure class=\"aligncenter size-large\"><img fetchpriority=\"high\" decoding=\"async\" width=\"728\" height=\"1024\" src=\"https:\/\/collectifmdm-idf.org\/wp-content\/uploads\/2020\/02\/RT-FEST-2020_AFFICHE_web_special-corona-728x1024.jpg\" alt=\"\" class=\"wp-image-861\" srcset=\"https:\/\/collectifmdm-idf.org\/annuaire5\/wp-content\/uploads\/2020\/02\/RT-FEST-2020_AFFICHE_web_special-corona-728x1024.jpg 728w, https:\/\/collectifmdm-idf.org\/annuaire5\/wp-content\/uploads\/2020\/02\/RT-FEST-2020_AFFICHE_web_special-corona-213x300.jpg 213w, https:\/\/collectifmdm-idf.org\/annuaire5\/wp-content\/uploads\/2020\/02\/RT-FEST-2020_AFFICHE_web_special-corona-768x1080.jpg 768w, https:\/\/collectifmdm-idf.org\/annuaire5\/wp-content\/uploads\/2020\/02\/RT-FEST-2020_AFFICHE_web_special-corona-1092x1536.jpg 1092w, https:\/\/collectifmdm-idf.org\/annuaire5\/wp-content\/uploads\/2020\/02\/RT-FEST-2020_AFFICHE_web_special-corona.jpg 1200w\" sizes=\"(max-width: 728px) 100vw, 728px\" \/><\/figure><\/div>\n\n\n\n<h2 class=\"wp-block-heading\"><\/h2>\n\n\n\n<h2 class=\"wp-block-heading\"><\/h2>\n\n\n\n<hr class=\"wp-block-separator\"\/>\n\n\n\n<p class=\"has-text-color has-text-align-center has-medium-font-size has-luminous-vivid-orange-color\"><strong>&#8212;o&#8212;<\/strong><\/p>\n\n\n\n<hr class=\"wp-block-separator\"\/>\n","protected":false},"excerpt":{"rendered":"<p>L\u2019\u00e9dition #9 du festival Rares Talents aurait du voir le jour sous le signe de la r\u00e9silience apr\u00e8s la perte de son fondateur et figure embl\u00e9matique Hilaire PENDA. Il aura fallu tout un collectif d\u2019artistes et de professionnels de la culture pour<\/p>\n<p class=\"link-more\"><a class=\"myButt \" href=\"https:\/\/collectifmdm-idf.org\/annuaire5\/9e-edition-du-festival-rares-talents-du-2-au-5-avril-2020-a-montreuil-93\/\">EN SAVOIR +<\/a><\/p>\n","protected":false},"author":1,"featured_media":852,"comment_status":"open","ping_status":"open","sticky":false,"template":"","format":"standard","meta":{"_rtcl_gb_attr":"","footnotes":""},"categories":[7,16,6,22],"tags":[],"class_list":["post-755","post","type-post","status-publish","format-standard","has-post-thumbnail","hentry","category-concert","category-exposition","category-festival","category-stage"],"_links":{"self":[{"href":"https:\/\/collectifmdm-idf.org\/annuaire5\/wp-json\/wp\/v2\/posts\/755","targetHints":{"allow":["GET"]}}],"collection":[{"href":"https:\/\/collectifmdm-idf.org\/annuaire5\/wp-json\/wp\/v2\/posts"}],"about":[{"href":"https:\/\/collectifmdm-idf.org\/annuaire5\/wp-json\/wp\/v2\/types\/post"}],"author":[{"embeddable":true,"href":"https:\/\/collectifmdm-idf.org\/annuaire5\/wp-json\/wp\/v2\/users\/1"}],"replies":[{"embeddable":true,"href":"https:\/\/collectifmdm-idf.org\/annuaire5\/wp-json\/wp\/v2\/comments?post=755"}],"version-history":[{"count":0,"href":"https:\/\/collectifmdm-idf.org\/annuaire5\/wp-json\/wp\/v2\/posts\/755\/revisions"}],"wp:featuredmedia":[{"embeddable":true,"href":"https:\/\/collectifmdm-idf.org\/annuaire5\/wp-json\/wp\/v2\/media\/852"}],"wp:attachment":[{"href":"https:\/\/collectifmdm-idf.org\/annuaire5\/wp-json\/wp\/v2\/media?parent=755"}],"wp:term":[{"taxonomy":"category","embeddable":true,"href":"https:\/\/collectifmdm-idf.org\/annuaire5\/wp-json\/wp\/v2\/categories?post=755"},{"taxonomy":"post_tag","embeddable":true,"href":"https:\/\/collectifmdm-idf.org\/annuaire5\/wp-json\/wp\/v2\/tags?post=755"}],"curies":[{"name":"wp","href":"https:\/\/api.w.org\/{rel}","templated":true}]}}