{"id":702,"date":"2019-10-31T16:40:51","date_gmt":"2019-10-31T15:40:51","guid":{"rendered":"http:\/\/collectifmdm-idf.org\/?p=702"},"modified":"2020-02-10T16:59:45","modified_gmt":"2020-02-10T15:59:45","slug":"%f0%9f%93%a3-communique-du-rif-%f0%9f%93%a3-quel-avenir-pour-la-vie-musicale-francilienne","status":"publish","type":"post","link":"https:\/\/collectifmdm-idf.org\/annuaire5\/%f0%9f%93%a3-communique-du-rif-%f0%9f%93%a3-quel-avenir-pour-la-vie-musicale-francilienne\/","title":{"rendered":"\ud83d\udce3 [COMMUNIQU\u00c9 DU RIF] \ud83d\udce3 Quel avenir pour la vie musicale francilienne ?"},"content":{"rendered":"\n<h3 class=\"wp-block-heading\">Quel avenir pour la vie musicale francilienne ? <\/h3>\n\n\n\n<p class=\"has-medium-font-size\"> Les adh\u00e9rents du RIF alertent et ouvrent le d\u00e9bat.<\/p>\n\n\n\n<p class=\"has-medium-font-size\">Le mercredi 16 octobre dernier le <strong>RIF, R\u00e9seau des musiques actuelles en \u00cele-de-France<\/strong> proposait lors du festival <a rel=\"noreferrer noopener\" aria-label=\" (s\u2019ouvre dans un nouvel onglet)\" href=\"https:\/\/www.facebook.com\/mamaevent.paris\/\" target=\"_blank\">MaMA Festival &amp; Convention<\/a>  2019, une table ronde intitul\u00e9e &#8220;Quels leviers pour un d\u00e9veloppement  plus \u00e9quilibr\u00e9 et solidaire des initiatives musicales en \u00cele-de-France  ?&#8221; et organis\u00e9e en partenariat avec la <a href=\"https:\/\/www.facebook.com\/nectart.revue\/\">Revue Nectart<\/a>.<\/p>\n\n\n\n<p class=\"has-medium-font-size\">Il s\u2019agissait \u00e0 cette occasion d\u2019ouvrir un d\u00e9bat urgent et n\u00e9cessaire  pour l\u2019avenir des initiatives musicales en \u00cele-de-France, comme nous le  rappelle la triste actualit\u00e9 de l\u2019expulsion toujours en cours de <a href=\"https:\/\/www.facebook.com\/mains.doeuvres\/\" target=\"_blank\" rel=\"noreferrer noopener\" aria-label=\" (s\u2019ouvre dans un nouvel onglet)\"><strong>Mains d&#8217;\u0152uvres<\/strong><\/a>. Le RIF s\u2019est exprim\u00e9 r\u00e9cemment aux c\u00f4t\u00e9s du <a href=\"https:\/\/www.facebook.com\/MAAD93\/\">MAAD 93<\/a> pour d\u00e9noncer cette situation et demander la r\u00e9ouverture du lieu au plus vite.<\/p>\n\n\n\n<p class=\"has-medium-font-size\">Mains d\u2019\u0152uvres n\u2019est pourtant et malheureusement pas un cas isol\u00e9 en  \u00cele-de-France. Depuis quelques ann\u00e9es, de nombreuses initiatives  musicales sont ainsi remises en question, perdent la mise \u00e0 disposition  de leurs locaux ou tout ou partie de leurs financements et sont ainsi  fortement fragilis\u00e9es voire disparaissent purement et simplement. <a href=\"https:\/\/www.facebook.com\/studioDLF\/\" target=\"_blank\" rel=\"noreferrer noopener\" aria-label=\" (s\u2019ouvre dans un nouvel onglet)\">DLF Studio<\/a> \u00e0 Draveil (91), le <a href=\"https:\/\/www.facebook.com\/cac.georges.brassens\/\" target=\"_blank\" rel=\"noreferrer noopener\" aria-label=\" (s\u2019ouvre dans un nouvel onglet)\">Cac Georges Brassens<\/a>  \u00e0 Mantes-la-Jolie (78), les Zuluberlus \u00e0 Colombes (92), n\u2019en sont que  quelques exemples. Si les situations sont particuli\u00e8res et les contextes  locaux diff\u00e9rents, il n\u2019en demeure pas moins qu\u2019un mouvement de fond  semble \u00e0 l\u2019\u0153uvre.<\/p>\n\n\n\n<p class=\"has-medium-font-size\">Comme l\u2019ont exprim\u00e9 plusieurs participant.e.s \u00e0  cette table ronde, ce climat g\u00e9n\u00e8re une grande inqui\u00e9tude sur l\u2019avenir  de la vie musicale dans nos banlieues franciliennes, villes franges,  zones p\u00e9ri-urbaines et rurales, qui bient\u00f4t ne s\u2019\u00e9veilleront plus que  pour de rares journ\u00e9es d\u2019\u00e9v\u00e9nements festifs dans l\u2019ann\u00e9e, dans des  logiques largement consum\u00e9ristes. L\u2019enjeu peut \u00eatre synth\u00e9tis\u00e9 par la  formule utilis\u00e9e par Jean-Yves Pineau, animateur de cette rencontre :  \u00ab<em> territoire habitable et habit\u00e9 versus territoire support\/d\u00e9cors, au  service d\u2019une mise en march\u00e9 du monde<\/em>\u00bb.<\/p>\n\n\n\n<p class=\"has-medium-font-size\"> Si pendant environ deux \nd\u00e9cennies (90, 2000), gr\u00e2ce notamment \u00e0 une prise en compte progressive \ndes musiques actuelles par les politiques publiques locales, le maillage\n territorial d\u2019initiatives musicales s\u2019est densifi\u00e9 en \u00cele-de-France, \nforce est de constater que le mouvement s\u2019inverse d\u00e9sormais. Et les \npremi\u00e8res touch\u00e9es sont le plus souvent des structures n\u00e9es de \nl\u2019initiative citoyenne et implant\u00e9es de longue date sur leur territoire.\n Elles y ont longtemps constitu\u00e9 des espaces de proximit\u00e9 d\u2019engagement, \nde participation d\u00e9mocratique, de cr\u00e9ativit\u00e9 individuelle et collective,\n mais font parfois face \u00e0 une d\u00e9fiance politique de plus en plus marqu\u00e9e\n au niveau local.<\/p>\n\n\n\n<p class=\"has-medium-font-size\"> En d\u00e9pit de la place centrale qu\u2019occupent les \nmusiques populaires dans la vie de nos concitoyen.ne.s, il en r\u00e9sulte \naujourd\u2019hui une difficult\u00e9 sans pr\u00e9c\u00e9dent pour les francilien.ne.s et \nparticuli\u00e8rement les musicien.ne.s \u00e0 exprimer leur passion dans l&#8217;espace\n public, \u00e0 disposer, \u00e0 proximit\u00e9, de lieux adapt\u00e9s pour cr\u00e9er, se \nd\u00e9velopper, aller \u00e0 la rencontre d&#8217;autres disciplines et pratiques \nartistiques&#8230;<\/p>\n\n\n\n<p class=\"has-medium-font-size\"> Les \u00e9changes lors de la rencontre et notamment  l\u2019\u00e9clairage introductif d\u2019Emmanuel N\u00e9grier (chercheur en sciences  politiques \u2013 CNRS\/CEPEL) r\u00e9v\u00e8lent une situation complexe aux causes  multiples et corr\u00e9l\u00e9es mais soulignent que le champ musical n&#8217;\u00e9chappe  pas \u00e0 quelques tendances fortes :<br> &#8211; l&#8217;action publique se r\u00e9duisant de plus en plus \u00e0 favoriser la marchandisation des objets, des besoins, des d\u00e9sirs ;<br>  &#8211; les effets dramatiques de la concentration \u00e9conomique et  institutionnelle et du recours aux capitaux priv\u00e9s dans la poursuite de  l\u2019int\u00e9r\u00eat g\u00e9n\u00e9ral (sujet d&#8217;ailleurs largement trait\u00e9 dans la conf\u00e9rence  organis\u00e9e par le <a href=\"https:\/\/www.facebook.com\/SyndicatMusiquesActuelles\/\" target=\"_blank\" rel=\"noreferrer noopener\" aria-label=\" (s\u2019ouvre dans un nouvel onglet)\">SMA &#8211; Syndicat des Musiques Actuelles<\/a> le lendemain autour de la situation des festivals ind\u00e9pendants) ;<br>  &#8211; l\u2019instrumentalisation de politiques culturelles dans des strat\u00e9gies  de marketing territorial aux d\u00e9pends du tissu socio-artistique local ;<br> &#8211; l&#8217;exacerbation des concurrences territoriales \u00e0 travers notamment le ph\u00e9nom\u00e8ne m\u00e9tropolitain.<\/p>\n\n\n\n<p class=\"has-medium-font-size\">\n Sur cette base, nous entendons poursuivre ce travail d\u2019analyse, de mise\n en d\u00e9bat, de conscientisation du milieu des musicien.ne.s et m\u00e9lomanes \npassionn\u00e9.e.s pour faire \u00e9merger des leviers et contrer cette tendance \nlourde, in\u00e9dite et mortif\u00e8re. Nos \u00e9changes sur cette table ronde ont \npermis d&#8217;identifier quelques premi\u00e8res pistes : l&#8217;urgence \u00e0 susciter et \nredynamiser la place de l\u2019initiative citoyenne et associative dans la \nvie culturelle locale revendiqu\u00e9e par B\u00e9n\u00e9dicte Froidure (directrice de <a href=\"https:\/\/www.facebook.com\/FileSept\/?__tn__=KH-R&amp;eid=ARCXehmur_zKpmvB_O-U6z5YquaXzJgiPHrg53Farpj0-c5VvuAvzzb5vW9YAU0gi5iBYqr-fQ7gWL8s&amp;fref=mentions&amp;__xts__%5B0%5D=68.ARDkYusXiadOQrgI4Sbpo250X-rj0rf3IQOvuUmH00ONen-aX-ySdvNUXl9KKeyWNfcEj2RcNuTVvpzPg21nUTBJyt3kw-Q7DTVE9g5kqwV-RgALUcSRiUIHFhIzC0nwOJCJkqCir8F7RaJcVfFpQjgc8X055Im039xRz6mTDlVjKKB_aH318f22ZCEjdM2uM1DEfMXBdDIh485lR_h3nyxKaCgr49mHBT-kVqVn4UwOfe7oe5MYnbFf3hREBP_f5qE59Txvr4j_1YhjXXyPtmDE4-7nL6ZgNTyEscG_93X09TcUUKhIrArXl3Uc4jfPWDskFE6X9PRzSOvK27RN0yjLaiK1_ZgS9axWdU2xwZycWIkE5Zdl0NuhufA_VIlIOR7r-YJzFemnACtDBDalI5l3wki-nsa3acfJM8317y5KUC3JsmpDnDJKpMyUH49d0aftsM091La5JTR4ztqiGso8yp3TsgyeWmMcaShZ-hNrziuPx8SeAQMknuDL\">File7<\/a>\n et co-secr\u00e9taire du RIF), le renforcement des logiques de coop\u00e9rations \nlocales \u00e9voqu\u00e9 par Arnaud P\u00e9ricard (Maire de Saint-Germain-en-Laye), la \nn\u00e9cessit\u00e9 de recentrer l&#8217;attention des politiques publiques sur \u00ab la \nproduction sociale de la musique \u00bb au-del\u00e0 de \u00ab carri\u00e8res m\u00e9diatis\u00e9es \u00bb \nmise en \u00e9vidence par les artistes pr\u00e9sent.e.s \u2013 <a href=\"https:\/\/www.facebook.com\/TheKarolineRose\/?__tn__=KH-R&amp;eid=ARBO8nncd7dz-kH7VZtfj7svyYp4klIo_YfC18kuaj09hRMKWMsmq27pAvK3pb6z0BoLxAnKdwPqxmE0&amp;fref=mentions&amp;__xts__%5B0%5D=68.ARDkYusXiadOQrgI4Sbpo250X-rj0rf3IQOvuUmH00ONen-aX-ySdvNUXl9KKeyWNfcEj2RcNuTVvpzPg21nUTBJyt3kw-Q7DTVE9g5kqwV-RgALUcSRiUIHFhIzC0nwOJCJkqCir8F7RaJcVfFpQjgc8X055Im039xRz6mTDlVjKKB_aH318f22ZCEjdM2uM1DEfMXBdDIh485lR_h3nyxKaCgr49mHBT-kVqVn4UwOfe7oe5MYnbFf3hREBP_f5qE59Txvr4j_1YhjXXyPtmDE4-7nL6ZgNTyEscG_93X09TcUUKhIrArXl3Uc4jfPWDskFE6X9PRzSOvK27RN0yjLaiK1_ZgS9axWdU2xwZycWIkE5Zdl0NuhufA_VIlIOR7r-YJzFemnACtDBDalI5l3wki-nsa3acfJM8317y5KUC3JsmpDnDJKpMyUH49d0aftsM091La5JTR4ztqiGso8yp3TsgyeWmMcaShZ-hNrziuPx8SeAQMknuDL\">Karoline Rose<\/a> et Mustapha Amokrane.<\/p>\n\n\n\n<p class=\"has-medium-font-size\">Les s\u00e9quences \u00e9lectorales \u00e0 venir, municipales en 2020 puis  d\u00e9partementales et r\u00e9gionales en 2021, en seront des jalons importants.  Nous souhaitons mener ce travail en concertation \u00e9troite avec toutes les  bonnes volont\u00e9s, act.eur.rice.s professionnel.le.s, musicien.ne.s,  \u00e9lu.e.s et technicien.ne.s des collectivit\u00e9s publiques du territoire,  qui ambitionnent un d\u00e9veloppement territorial plus \u00e9quilibr\u00e9 et plus  solidaire, favorable aux droits culturels des personnes et \u00e0 la  diversit\u00e9.<\/p>\n\n\n\n<p class=\"has-medium-font-size\"> \u2192 R\u00e9\u00e9couter la conf\u00e9rence du <strong>RIF<\/strong> : &#8220;<strong>Quels leviers pour  un d\u00e9veloppement plus \u00e9quilibr\u00e9 et solidaire des initiatives musicales  en \u00cele-de-France<\/strong>&#8221; :<\/p>\n\n\n\n<p class=\"has-text-align-center has-medium-font-size\"> <\/p>\n\n\n\n<h2 class=\"wp-block-heading\"><\/h2>\n\n\n\n<p class=\"has-medium-font-size\"> \u2192 R\u00e9\u00e9couter la conf\u00e9rence du <a rel=\"noreferrer noopener\" aria-label=\" (s\u2019ouvre dans un nouvel onglet)\" href=\"https:\/\/www.facebook.com\/SyndicatMusiquesActuelles\/\" target=\"_blank\">SMA &#8211; Syndicat des Musiques Actuelles<\/a> &#8220;<strong>Festivals ind\u00e9pendants, comment \u00e9viter l&#8217;impasse ?<\/strong>&#8221; : <\/p>\n\n\n\n<p class=\"has-text-align-center has-medium-font-size\"><\/p>\n\n\n\n<h2 class=\"wp-block-heading\"><\/h2>\n\n\n\n<p class=\"has-medium-font-size\"><strong>Contact<\/strong> : Florian Auvinet \/ <a href=\"mailto:florian@lerif.org\">florian@lerif.org<\/a><\/p>\n\n\n\n<h2 class=\"wp-block-heading\"><\/h2>\n\n\n\n<p class=\"has-text-color has-text-align-center has-medium-font-size has-luminous-vivid-orange-color\"><strong>&#8212;o&#8212;<\/strong><\/p>\n\n\n\n<hr class=\"wp-block-separator\"\/>\n","protected":false},"excerpt":{"rendered":"<p>Quel avenir pour la vie musicale francilienne ? Les adh\u00e9rents du RIF alertent et ouvrent le d\u00e9bat. Le mercredi 16 octobre dernier le RIF, R\u00e9seau des musiques actuelles en \u00cele-de-France proposait lors du festival MaMA Festival &amp; Convention 2019, une table ronde<\/p>\n<p class=\"link-more\"><a class=\"myButt \" href=\"https:\/\/collectifmdm-idf.org\/annuaire5\/%f0%9f%93%a3-communique-du-rif-%f0%9f%93%a3-quel-avenir-pour-la-vie-musicale-francilienne\/\">EN SAVOIR +<\/a><\/p>\n","protected":false},"author":1,"featured_media":0,"comment_status":"open","ping_status":"open","sticky":false,"template":"","format":"standard","meta":{"_rtcl_gb_attr":"","footnotes":""},"categories":[5],"tags":[],"class_list":["post-702","post","type-post","status-publish","format-standard","hentry","category-breves"],"_links":{"self":[{"href":"https:\/\/collectifmdm-idf.org\/annuaire5\/wp-json\/wp\/v2\/posts\/702","targetHints":{"allow":["GET"]}}],"collection":[{"href":"https:\/\/collectifmdm-idf.org\/annuaire5\/wp-json\/wp\/v2\/posts"}],"about":[{"href":"https:\/\/collectifmdm-idf.org\/annuaire5\/wp-json\/wp\/v2\/types\/post"}],"author":[{"embeddable":true,"href":"https:\/\/collectifmdm-idf.org\/annuaire5\/wp-json\/wp\/v2\/users\/1"}],"replies":[{"embeddable":true,"href":"https:\/\/collectifmdm-idf.org\/annuaire5\/wp-json\/wp\/v2\/comments?post=702"}],"version-history":[{"count":0,"href":"https:\/\/collectifmdm-idf.org\/annuaire5\/wp-json\/wp\/v2\/posts\/702\/revisions"}],"wp:attachment":[{"href":"https:\/\/collectifmdm-idf.org\/annuaire5\/wp-json\/wp\/v2\/media?parent=702"}],"wp:term":[{"taxonomy":"category","embeddable":true,"href":"https:\/\/collectifmdm-idf.org\/annuaire5\/wp-json\/wp\/v2\/categories?post=702"},{"taxonomy":"post_tag","embeddable":true,"href":"https:\/\/collectifmdm-idf.org\/annuaire5\/wp-json\/wp\/v2\/tags?post=702"}],"curies":[{"name":"wp","href":"https:\/\/api.w.org\/{rel}","templated":true}]}}