{"id":695,"date":"2019-11-13T15:36:41","date_gmt":"2019-11-13T14:36:41","guid":{"rendered":"http:\/\/collectifmdm-idf.org\/?p=695"},"modified":"2020-02-10T15:53:57","modified_gmt":"2020-02-10T14:53:57","slug":"labecedaire-afrique-de-francois-bensignor-trois-decennies-en-chroniques-musicales","status":"publish","type":"post","link":"https:\/\/collectifmdm-idf.org\/annuaire5\/labecedaire-afrique-de-francois-bensignor-trois-decennies-en-chroniques-musicales\/","title":{"rendered":"L\u2019Ab\u00e9c\u00e9daire Afrique de Fran\u00e7ois Bensignor &#8211; Trois d\u00e9cennies en chroniques musicales"},"content":{"rendered":"\n<h2 class=\"wp-block-heading\"><\/h2>\n\n\n\n<p class=\"has-medium-font-size\">Membre fondateur et ancien pr\u00e9sident du <strong>Collectif MDM IDF<\/strong>, <strong>Fran\u00e7ois<\/strong> <strong>Bensignor<\/strong> est journaliste et chroniqueur musique pour la revue  <strong>Hommes &amp; Migrations<\/strong> depuis les ann\u00e9es 80. <\/p>\n\n\n\n<p class=\"has-medium-font-size\">A l&#8217;occasion de  l&#8217;exposition <strong>Paris-Londres Music Migrations 1962-1989<\/strong> (<a href=\"https:\/\/www.facebook.com\/events\/2559324234134926\/?acontext=%7B%22source%22%3A3%2C%22source_newsfeed_story_type%22%3A%22regular%22%2C%22action_history%22%3A%22%5B%7B%5C%22surface%5C%22%3A%5C%22newsfeed%5C%22%2C%5C%22mechanism%5C%22%3A%5C%22feed_story%5C%22%2C%5C%22extra_data%5C%22%3A%5B%5D%7D%5D%22%2C%22has_source%22%3Atrue%7D&amp;source=3&amp;source_newsfeed_story_type=regular&amp;action_history=%5B%7B%22surface%22%3A%22newsfeed%22%2C%22mechanism%22%3A%22feed_story%22%2C%22extra_data%22%3A%5B%5D%7D%5D&amp;has_source=1&amp;__tn__=K-R&amp;eid=ARBgx3ITlj1LoU_wj-HvfbmjyJh8jsD4uKEN4hU3v_ToYJD1Bavr1yFsNhsf5NQ9b7AGCQyOh301OSMI&amp;fref=mentions&amp;__xts__%5B0%5D=68.ARApbuiro1UmECdFS1hbJqS5OxcHqGcuEoRbIpoWbPOkBEIOrhw250I6Ecb7aXIU7HzUaN0Fb0dK94H6Xe2NvqJazgUOtl-0oEgVRT2K7hzkO-Ju4_nBa6ZSKA_rd5kP3vlCUMhdUOYmzjCpLVfD-Jkq8MjC6c9FXDxZ19qfJ0j7dW4ptgxz41DNJQ410ljFi7MVGokj5SGm-pGfjJkgolBSNjNskOLZJ5fbYk3bnrB1oS8OJtI3_9V53JgBwN71uPQP6-zhgTfl5RwnUQ9VcVQRHx1CtDfB3QzBeA1huiPNA5bbf9bpL3WTOVJi_vsuOfodZXDPGkNWMkRWgN_bQ2wJOPW7\">https:\/\/www.facebook.com\/events\/2559324234134926\/<\/a>), il revient sur 30 ans de musique africaine sous la forme d&#8217;un <strong>Ab\u00e9c\u00e9daire.<\/strong><\/p>\n\n\n\n<p class=\"has-medium-font-size\"><a href=\"http:\/\/bit.ly\/Ab\u00e9c\u00e9daireAfriqueParFran\u00e7oisBensignor\">http:\/\/bit.ly\/Ab\u00e9c\u00e9daireAfriqueParFran\u00e7oisBensignor<\/a><\/p>\n\n\n\n<h2 class=\"wp-block-heading\"><\/h2>\n\n\n\n<hr class=\"wp-block-separator\"\/>\n\n\n\n<p class=\"has-text-align-center\"><strong>&#8212;o&#8212;<\/strong><\/p>\n\n\n\n<hr class=\"wp-block-separator\"\/>\n","protected":false},"excerpt":{"rendered":"<p>Membre fondateur et ancien pr\u00e9sident du Collectif MDM IDF, Fran\u00e7ois Bensignor est journaliste et chroniqueur musique pour la revue Hommes &amp; Migrations depuis les ann\u00e9es 80. A l&#8217;occasion de l&#8217;exposition Paris-Londres Music Migrations 1962-1989 (https:\/\/www.facebook.com\/events\/2559324234134926\/), il revient sur 30 ans de musique<\/p>\n<p class=\"link-more\"><a class=\"myButt \" href=\"https:\/\/collectifmdm-idf.org\/annuaire5\/labecedaire-afrique-de-francois-bensignor-trois-decennies-en-chroniques-musicales\/\">EN SAVOIR +<\/a><\/p>\n","protected":false},"author":1,"featured_media":699,"comment_status":"open","ping_status":"open","sticky":false,"template":"","format":"standard","meta":{"_rtcl_gb_attr":"","footnotes":""},"categories":[18],"tags":[],"class_list":["post-695","post","type-post","status-publish","format-standard","has-post-thumbnail","hentry","category-livre"],"_links":{"self":[{"href":"https:\/\/collectifmdm-idf.org\/annuaire5\/wp-json\/wp\/v2\/posts\/695","targetHints":{"allow":["GET"]}}],"collection":[{"href":"https:\/\/collectifmdm-idf.org\/annuaire5\/wp-json\/wp\/v2\/posts"}],"about":[{"href":"https:\/\/collectifmdm-idf.org\/annuaire5\/wp-json\/wp\/v2\/types\/post"}],"author":[{"embeddable":true,"href":"https:\/\/collectifmdm-idf.org\/annuaire5\/wp-json\/wp\/v2\/users\/1"}],"replies":[{"embeddable":true,"href":"https:\/\/collectifmdm-idf.org\/annuaire5\/wp-json\/wp\/v2\/comments?post=695"}],"version-history":[{"count":0,"href":"https:\/\/collectifmdm-idf.org\/annuaire5\/wp-json\/wp\/v2\/posts\/695\/revisions"}],"wp:featuredmedia":[{"embeddable":true,"href":"https:\/\/collectifmdm-idf.org\/annuaire5\/wp-json\/wp\/v2\/media\/699"}],"wp:attachment":[{"href":"https:\/\/collectifmdm-idf.org\/annuaire5\/wp-json\/wp\/v2\/media?parent=695"}],"wp:term":[{"taxonomy":"category","embeddable":true,"href":"https:\/\/collectifmdm-idf.org\/annuaire5\/wp-json\/wp\/v2\/categories?post=695"},{"taxonomy":"post_tag","embeddable":true,"href":"https:\/\/collectifmdm-idf.org\/annuaire5\/wp-json\/wp\/v2\/tags?post=695"}],"curies":[{"name":"wp","href":"https:\/\/api.w.org\/{rel}","templated":true}]}}