{"id":663,"date":"2020-02-02T12:32:29","date_gmt":"2020-02-02T11:32:29","guid":{"rendered":"http:\/\/collectifmdm-idf.org\/?p=663"},"modified":"2020-03-25T18:34:28","modified_gmt":"2020-03-25T17:34:28","slug":"babel-minots-est-de-retour-du-12-au-22-mars-2020-a-marseille-13","status":"publish","type":"post","link":"https:\/\/collectifmdm-idf.org\/annuaire5\/babel-minots-est-de-retour-du-12-au-22-mars-2020-a-marseille-13\/","title":{"rendered":"Babel Minots est de retour &#8211; du 12 au 22 mars 2020 &#8211; \u00e0 Marseille (13) &#8211; ANNUL\u00c9 \u00e0 partir du 16.03 #Coronavirus"},"content":{"rendered":"\n<h2 class=\"wp-block-heading\"><\/h2>\n\n\n\n<figure class=\"wp-block-image size-large\"><img fetchpriority=\"high\" decoding=\"async\" width=\"960\" height=\"921\" src=\"https:\/\/collectifmdm-idf.org\/wp-content\/uploads\/2020\/02\/babel-corona.jpg\" alt=\"\" class=\"wp-image-858\" srcset=\"https:\/\/collectifmdm-idf.org\/annuaire5\/wp-content\/uploads\/2020\/02\/babel-corona.jpg 960w, https:\/\/collectifmdm-idf.org\/annuaire5\/wp-content\/uploads\/2020\/02\/babel-corona-300x288.jpg 300w, https:\/\/collectifmdm-idf.org\/annuaire5\/wp-content\/uploads\/2020\/02\/babel-corona-768x737.jpg 768w\" sizes=\"(max-width: 960px) 100vw, 960px\" \/><\/figure>\n\n\n\n<h2 class=\"wp-block-heading\"><\/h2>\n\n\n\n<p class=\"has-medium-font-size\"><strong>Babel Minots,<\/strong> le festival autour des musiques pour le jeune public se d\u00e9roulera du 11 au 22 mars 2020 \u00e0 Marseille ! <\/p>\n\n\n\n<p class=\"has-medium-font-size\"> Un grand merci \u00e0 Patrick Gherdoussi et Mouss Mouss Chaoui pour la cr\u00e9ation visuelle et les photos ! <\/p>\n\n\n\n<h2 class=\"wp-block-heading\"><\/h2>\n\n\n\n<p class=\"has-medium-font-size\"><strong>Du  11 au 22 mars 2020<\/strong> \u00e0 Marseille, la<strong> 6\u00e8me \u00e9dition de BABEL MINOTS<\/strong> consolide sa  place d\u2019\u00e9v\u00e9nement national majeur autour des <strong>musiques et des spectacles  d\u00e9di\u00e9s au jeune public<\/strong>. En proposant un fabuleux <strong>festival<\/strong> et des  <strong>rencontres<\/strong> <strong>professionnelles<\/strong> foisonnantes, BABEL MINOTS poursuit sa  croissance et fait son entr\u00e9e dans la cour des grands. <\/p>\n\n\n\n<p class=\"has-medium-font-size\">Avec  <strong>19 compagnies<\/strong>, <strong>32 repr\u00e9sentations<\/strong>, <strong>14 lieux de la ville<\/strong> et<strong> 200 acteurs  de la fili\u00e8re jeune public<\/strong> rassembl\u00e9s lors de <strong>3 journ\u00e9es  professionnelles<\/strong>, l\u2019\u00e9v\u00e9nement franchit un cap et r\u00e9affirme son  engagement fort pour la d\u00e9mocratisation de la culture \u00e0 destination des  plus jeunes. <\/p>\n\n\n\n<p class=\"has-medium-font-size\">Avec\n des spectacles sous toutes les formes possibles et pour tous les \u00e2ges, \nBABEL MINOTS rayonne partout dans la ville (et au-del\u00e0), confirmant \nainsi son statut de haut-parleur unique des musiques pour le jeune \npublic. En 2020, BABEL MINOTS vise toujours plus haut&nbsp;!<\/p>\n\n\n\n<p class=\"has-medium-font-size\">Con\u00e7u  en 2015 par le <strong>Nomad\u2019 Caf\u00e9<\/strong> et le <strong>Festival Villes des Musiques du Monde<\/strong>,  l\u2019\u00e9v\u00e9nement d\u00e9veloppe une formule originale combinant&nbsp; des spectacles  pour les scolaires et le grand public, des rencontres professionnelles  coordonn\u00e9es par le PIM et le Nomad&#8217; Caf\u00e9, et des actions \u00e9ducatives et  culturelles (<strong>la Cit\u00e9 des Minots<\/strong> et <strong>la Fabrique \u00e0 Chansons<\/strong>) en faveur de  la transmission de la culture aupr\u00e8s de 420 \u00e9coliers marseillais. <\/p>\n\n\n\n<p class=\"has-medium-font-size\">Soutenue\n par la SACEM, la Ville de Marseille, la DRAC Provence-Alpes-C\u00f4te d\u2019Azur\n et les JM France, l\u2019\u00e9v\u00e9nement s\u2019est impos\u00e9 au niveau national comme un \nrendez-vous phare de la diversit\u00e9 musicale et confortant son ambition de\n voir grandir les jeunes publics au contact des pratiques artistiques. \nAu juste tempo.<\/p>\n\n\n\n<p class=\"has-medium-font-size\">Du 11 au 22 mars \u00e0 Marseille, le 6\u00e8me BABEL MINOTS propage ses contes et ses musiques partout dans la ville. Soyez \u00e0 l\u2019\u00e9coute\u2026<\/p>\n\n\n\n<h2 class=\"wp-block-heading\"><\/h2>\n\n\n\n<p class=\"has-medium-font-size\"><a href=\"https:\/\/www.babelminots.com\/\">https:\/\/www.babelminots.com\/<\/a><\/p>\n\n\n\n<p class=\"has-medium-font-size\"> <a rel=\"noreferrer noopener\" href=\"https:\/\/www.instagram.com\/babelminots\/?fbclid=IwAR2tWX_QjdAoB8JjM2BaPRRYi08vhmYaIWeFuUTpq8VHkBhc80bUnTANFKU\" target=\"_blank\">https:\/\/www.instagram.com\/babelminots\/<\/a><\/p>\n\n\n\n<h2 class=\"wp-block-heading\"><\/h2>\n\n\n\n<figure class=\"wp-block-image size-large\"><img decoding=\"async\" width=\"720\" height=\"1002\" src=\"https:\/\/collectifmdm-idf.org\/wp-content\/uploads\/2020\/02\/affiche_babelminots2020.jpeg\" alt=\"\" class=\"wp-image-666\" srcset=\"https:\/\/collectifmdm-idf.org\/annuaire5\/wp-content\/uploads\/2020\/02\/affiche_babelminots2020.jpeg 720w, https:\/\/collectifmdm-idf.org\/annuaire5\/wp-content\/uploads\/2020\/02\/affiche_babelminots2020-216x300.jpeg 216w\" sizes=\"(max-width: 720px) 100vw, 720px\" \/><\/figure>\n\n\n\n<h2 class=\"wp-block-heading\"><\/h2>\n\n\n\n<hr class=\"wp-block-separator\"\/>\n\n\n\n<p class=\"has-text-color has-text-align-center has-medium-font-size has-luminous-vivid-orange-color\"><strong>&#8212;o&#8212;<\/strong><\/p>\n\n\n\n<hr class=\"wp-block-separator\"\/>\n","protected":false},"excerpt":{"rendered":"<p>Babel Minots, le festival autour des musiques pour le jeune public se d\u00e9roulera du 11 au 22 mars 2020 \u00e0 Marseille ! Un grand merci \u00e0 Patrick Gherdoussi et Mouss Mouss Chaoui pour la cr\u00e9ation visuelle et les photos ! Du 11<\/p>\n<p class=\"link-more\"><a class=\"myButt \" href=\"https:\/\/collectifmdm-idf.org\/annuaire5\/babel-minots-est-de-retour-du-12-au-22-mars-2020-a-marseille-13\/\">EN SAVOIR +<\/a><\/p>\n","protected":false},"author":1,"featured_media":771,"comment_status":"open","ping_status":"open","sticky":false,"template":"","format":"standard","meta":{"_rtcl_gb_attr":"","footnotes":""},"categories":[7,15],"tags":[],"class_list":["post-663","post","type-post","status-publish","format-standard","has-post-thumbnail","hentry","category-concert","category-evenement"],"_links":{"self":[{"href":"https:\/\/collectifmdm-idf.org\/annuaire5\/wp-json\/wp\/v2\/posts\/663","targetHints":{"allow":["GET"]}}],"collection":[{"href":"https:\/\/collectifmdm-idf.org\/annuaire5\/wp-json\/wp\/v2\/posts"}],"about":[{"href":"https:\/\/collectifmdm-idf.org\/annuaire5\/wp-json\/wp\/v2\/types\/post"}],"author":[{"embeddable":true,"href":"https:\/\/collectifmdm-idf.org\/annuaire5\/wp-json\/wp\/v2\/users\/1"}],"replies":[{"embeddable":true,"href":"https:\/\/collectifmdm-idf.org\/annuaire5\/wp-json\/wp\/v2\/comments?post=663"}],"version-history":[{"count":0,"href":"https:\/\/collectifmdm-idf.org\/annuaire5\/wp-json\/wp\/v2\/posts\/663\/revisions"}],"wp:featuredmedia":[{"embeddable":true,"href":"https:\/\/collectifmdm-idf.org\/annuaire5\/wp-json\/wp\/v2\/media\/771"}],"wp:attachment":[{"href":"https:\/\/collectifmdm-idf.org\/annuaire5\/wp-json\/wp\/v2\/media?parent=663"}],"wp:term":[{"taxonomy":"category","embeddable":true,"href":"https:\/\/collectifmdm-idf.org\/annuaire5\/wp-json\/wp\/v2\/categories?post=663"},{"taxonomy":"post_tag","embeddable":true,"href":"https:\/\/collectifmdm-idf.org\/annuaire5\/wp-json\/wp\/v2\/tags?post=663"}],"curies":[{"name":"wp","href":"https:\/\/api.w.org\/{rel}","templated":true}]}}