{"id":6627,"date":"2023-01-18T11:02:16","date_gmt":"2023-01-18T10:02:16","guid":{"rendered":"https:\/\/collectifmdm-idf.org\/?p=6627"},"modified":"2024-02-20T13:03:07","modified_gmt":"2024-02-20T12:03:07","slug":"musiques-du-monde-au-canal-sissi-imaziten-le-1er-fevrier","status":"publish","type":"post","link":"https:\/\/collectifmdm-idf.org\/annuaire5\/musiques-du-monde-au-canal-sissi-imaziten-le-1er-fevrier\/","title":{"rendered":"Musiques du monde au canal : Sissi Imaziten le 1er f\u00e9vrier !"},"content":{"rendered":"\t\t<div data-elementor-type=\"wp-post\" data-elementor-id=\"6627\" class=\"elementor elementor-6627\">\n\t\t\t\t\t\t<section class=\"elementor-section elementor-top-section elementor-element elementor-element-dab4bfd elementor-section-boxed elementor-section-height-default elementor-section-height-default\" data-id=\"dab4bfd\" data-element_type=\"section\">\n\t\t\t\t\t\t<div class=\"elementor-container elementor-column-gap-default\">\n\t\t\t\t\t<div class=\"elementor-column elementor-col-100 elementor-top-column elementor-element elementor-element-95d0abb\" data-id=\"95d0abb\" data-element_type=\"column\">\n\t\t\t<div class=\"elementor-widget-wrap elementor-element-populated\">\n\t\t\t\t\t\t<div class=\"elementor-element elementor-element-d3312ae elementor-widget elementor-widget-image\" data-id=\"d3312ae\" data-element_type=\"widget\" data-widget_type=\"image.default\">\n\t\t\t\t<div class=\"elementor-widget-container\">\n\t\t\t\t\t\t\t\t\t\t\t\t\t<img fetchpriority=\"high\" decoding=\"async\" width=\"1200\" height=\"360\" src=\"https:\/\/collectifmdm-idf.org\/annuaire5\/wp-content\/uploads\/2023\/01\/Plan-de-travail-1.jpg\" class=\"attachment-full size-full wp-image-6628\" alt=\"\" srcset=\"https:\/\/collectifmdm-idf.org\/annuaire5\/wp-content\/uploads\/2023\/01\/Plan-de-travail-1.jpg 1200w, https:\/\/collectifmdm-idf.org\/annuaire5\/wp-content\/uploads\/2023\/01\/Plan-de-travail-1-300x90.jpg 300w, https:\/\/collectifmdm-idf.org\/annuaire5\/wp-content\/uploads\/2023\/01\/Plan-de-travail-1-1024x307.jpg 1024w, https:\/\/collectifmdm-idf.org\/annuaire5\/wp-content\/uploads\/2023\/01\/Plan-de-travail-1-768x230.jpg 768w\" sizes=\"(max-width: 1200px) 100vw, 1200px\" title=\"\" \/>\t\t\t\t\t\t\t\t\t\t\t\t\t<\/div>\n\t\t\t\t<\/div>\n\t\t\t\t\t<\/div>\n\t\t<\/div>\n\t\t\t\t\t<\/div>\n\t\t<\/section>\n\t\t\t\t<section class=\"elementor-section elementor-top-section elementor-element elementor-element-a87ddb3 elementor-section-boxed elementor-section-height-default elementor-section-height-default\" data-id=\"a87ddb3\" data-element_type=\"section\">\n\t\t\t\t\t\t<div class=\"elementor-container elementor-column-gap-default\">\n\t\t\t\t\t<div class=\"elementor-column elementor-col-100 elementor-top-column elementor-element elementor-element-4a9e15c\" data-id=\"4a9e15c\" data-element_type=\"column\">\n\t\t\t<div class=\"elementor-widget-wrap elementor-element-populated\">\n\t\t\t\t\t\t<div class=\"elementor-element elementor-element-01b6351 elementor-widget elementor-widget-heading\" data-id=\"01b6351\" data-element_type=\"widget\" data-widget_type=\"heading.default\">\n\t\t\t\t<div class=\"elementor-widget-container\">\n\t\t\t<h2 class=\"elementor-heading-title elementor-size-default\">Musiques du monde au Canal : Sissi Imaziten en concert le 1er f\u00e9vrier !<\/h2>\t\t<\/div>\n\t\t\t\t<\/div>\n\t\t\t\t\t<\/div>\n\t\t<\/div>\n\t\t\t\t\t<\/div>\n\t\t<\/section>\n\t\t\t\t<section class=\"elementor-section elementor-top-section elementor-element elementor-element-cf69302 elementor-section-boxed elementor-section-height-default elementor-section-height-default\" data-id=\"cf69302\" data-element_type=\"section\">\n\t\t\t\t\t\t<div class=\"elementor-container elementor-column-gap-default\">\n\t\t\t\t\t<div class=\"elementor-column elementor-col-100 elementor-top-column elementor-element elementor-element-91e6511\" data-id=\"91e6511\" data-element_type=\"column\">\n\t\t\t<div class=\"elementor-widget-wrap elementor-element-populated\">\n\t\t\t\t\t\t<div class=\"elementor-element elementor-element-861a758 elementor-widget elementor-widget-text-editor\" data-id=\"861a758\" data-element_type=\"widget\" data-widget_type=\"text-editor.default\">\n\t\t\t\t<div class=\"elementor-widget-container\">\n\t\t\t\t\t\t\t<p style=\"text-align: center;\"><strong><span style=\"color: #000000;\">Mercredi 1\u1d49\u02b3 f\u00e9vrier 2023 &#8211; 20h<br \/><\/span><\/strong><span style=\"color: #000000;\">En partenariat avec le <strong><a href=\"https:\/\/www.crl10.net\/\" target=\"_blank\" rel=\"noopener\">CRL10<\/a><\/strong><\/span><\/p><p style=\"text-align: center;\"><strong><em><span style=\"color: #000000;\">Dans le cadre des Musiques du monde au canal, Sissi Imaziten est heureuse de vous pr\u00e9senter sa musique inspir\u00e9e de son enfance.<\/span><\/em><\/strong><\/p>\t\t\t\t\t\t<\/div>\n\t\t\t\t<\/div>\n\t\t\t\t\t<\/div>\n\t\t<\/div>\n\t\t\t\t\t<\/div>\n\t\t<\/section>\n\t\t\t\t<section class=\"elementor-section elementor-top-section elementor-element elementor-element-0ee8b16 elementor-section-boxed elementor-section-height-default elementor-section-height-default\" data-id=\"0ee8b16\" data-element_type=\"section\">\n\t\t\t\t\t\t<div class=\"elementor-container elementor-column-gap-default\">\n\t\t\t\t\t<div class=\"elementor-column elementor-col-50 elementor-top-column elementor-element elementor-element-624d58f\" data-id=\"624d58f\" data-element_type=\"column\">\n\t\t\t<div class=\"elementor-widget-wrap elementor-element-populated\">\n\t\t\t\t\t\t<div class=\"elementor-element elementor-element-46465c3 elementor-align-center elementor-widget elementor-widget-button\" data-id=\"46465c3\" data-element_type=\"widget\" data-widget_type=\"button.default\">\n\t\t\t\t<div class=\"elementor-widget-container\">\n\t\t\t\t\t\t\t<div class=\"elementor-button-wrapper\">\n\t\t\t\t\t<a class=\"elementor-button elementor-button-link elementor-size-sm\" href=\"https:\/\/www.crl10.net\/blog\/sissi-imaziten-%C3%A0-la-sc%C3%A8ne-du-canal\" target=\"_blank\">\n\t\t\t\t\t\t<span class=\"elementor-button-content-wrapper\">\n\t\t\t\t\t\t\t\t\t<span class=\"elementor-button-text\">BILLETTERIE<\/span>\n\t\t\t\t\t<\/span>\n\t\t\t\t\t<\/a>\n\t\t\t\t<\/div>\n\t\t\t\t\t\t<\/div>\n\t\t\t\t<\/div>\n\t\t\t\t\t<\/div>\n\t\t<\/div>\n\t\t\t\t<div class=\"elementor-column elementor-col-50 elementor-top-column elementor-element elementor-element-8492bbd\" data-id=\"8492bbd\" data-element_type=\"column\">\n\t\t\t<div class=\"elementor-widget-wrap elementor-element-populated\">\n\t\t\t\t\t\t<div class=\"elementor-element elementor-element-93e58a7 elementor-align-center elementor-widget elementor-widget-button\" data-id=\"93e58a7\" data-element_type=\"widget\" data-widget_type=\"button.default\">\n\t\t\t\t<div class=\"elementor-widget-container\">\n\t\t\t\t\t\t\t<div class=\"elementor-button-wrapper\">\n\t\t\t\t\t<a class=\"elementor-button elementor-button-link elementor-size-sm\" href=\"https:\/\/fb.me\/e\/3XIGaVQWq\" target=\"_blank\">\n\t\t\t\t\t\t<span class=\"elementor-button-content-wrapper\">\n\t\t\t\t\t\t\t\t\t<span class=\"elementor-button-text\">FACEBOOK<\/span>\n\t\t\t\t\t<\/span>\n\t\t\t\t\t<\/a>\n\t\t\t\t<\/div>\n\t\t\t\t\t\t<\/div>\n\t\t\t\t<\/div>\n\t\t\t\t\t<\/div>\n\t\t<\/div>\n\t\t\t\t\t<\/div>\n\t\t<\/section>\n\t\t\t\t<section class=\"elementor-section elementor-top-section elementor-element elementor-element-b0dc940 elementor-section-boxed elementor-section-height-default elementor-section-height-default\" data-id=\"b0dc940\" data-element_type=\"section\">\n\t\t\t\t\t\t<div class=\"elementor-container elementor-column-gap-default\">\n\t\t\t\t\t<div class=\"elementor-column elementor-col-100 elementor-top-column elementor-element elementor-element-4847a89\" data-id=\"4847a89\" data-element_type=\"column\">\n\t\t\t<div class=\"elementor-widget-wrap elementor-element-populated\">\n\t\t\t\t\t\t<div class=\"elementor-element elementor-element-7e646d3 elementor-widget elementor-widget-text-editor\" data-id=\"7e646d3\" data-element_type=\"widget\" data-widget_type=\"text-editor.default\">\n\t\t\t\t<div class=\"elementor-widget-container\">\n\t\t\t\t\t\t\t<p><span style=\"color: #000000;\">Sissi ne s\u2019interdit rien ; elle explore. Habit\u00e9e par les m\u00e9lodies traditionnelles de son enfance, elle est sensible \u00e0 leur force et \u00e0 leur dimension universelle. Sissi Imaziten chante de l\u2019int\u00e9rieur ; elle chante du c\u0153ur ! Quand elle chante, elle entre en communion avec le monde qui l\u2019entoure.<\/span><\/p><p><span style=\"color: #000000;\">Aujourd\u2019hui, elle est heureuse de partager avec vous ces chants qui nous ram\u00e8nent \u00e0 ses racines mais aussi \u00e0 notre part universel ; ce quelque chose qui nous rapproche au-del\u00e0 des mots et des fronti\u00e8res!<\/span><\/p><p><span style=\"color: #000000;\">Sissi a grandi dans une famille d\u2019immigr\u00e9s pour qui la musique \u00e9tait un moyen de garder un lien avec ses racines et ses origines. Elle retrouve dans la musique, un support du dialogue interculturel. Femme de son temps, elle croit aux connections visibles et invisibles reliant les \u00eatres humains. Avec ces chants qui traversent les \u00e2ges, elle esp\u00e8re cr\u00e9er des passerelles entre hier et aujourd\u2019hui, l\u2019ici et l\u2019ailleurs, la tradition et la modernit\u00e9 !<\/span><\/p><p><span style=\"color: #000000;\">Sissi Imaziten s\u2019est inspir\u00e9 de la sagesse et de la po\u00e9sie ancestrales des montagnes de Kabylie pour composer les chants ancestraux de son premier album ANZUR ( P\u00e8lerinage).<\/span><\/p><p><span style=\"color: #000000;\">Elle a grandi dans une famille d\u2019immigr\u00e9s pour qui la musique \u00e9tait un moyen de garder un lien avec ses racines et ses origines. Elle a grandi au son de la fl\u00fbte de roseau de son p\u00e8re et des complaintes que chantait sa m\u00e8re pour surmonter les douleurs de l\u2019exil. Ces complaintes qui vous donnent des frissons, qui vous bouleversent parce que m\u00eame enfant vous sentez qu\u2019il se passe quelque chose au-del\u00e0 des mots.<\/span><\/p><p><strong><span style=\"color: #000000;\">Laissez vous transporter dans cet univers ! Fermez les yeux et \u00e9coutez !<\/span><\/strong><\/p>\t\t\t\t\t\t<\/div>\n\t\t\t\t<\/div>\n\t\t\t\t\t<\/div>\n\t\t<\/div>\n\t\t\t\t\t<\/div>\n\t\t<\/section>\n\t\t\t\t<section class=\"elementor-section elementor-top-section elementor-element elementor-element-c42489b elementor-section-boxed elementor-section-height-default elementor-section-height-default\" data-id=\"c42489b\" data-element_type=\"section\">\n\t\t\t\t\t\t<div class=\"elementor-container elementor-column-gap-default\">\n\t\t\t\t\t<div class=\"elementor-column elementor-col-100 elementor-top-column elementor-element elementor-element-1471636\" data-id=\"1471636\" data-element_type=\"column\">\n\t\t\t<div class=\"elementor-widget-wrap elementor-element-populated\">\n\t\t\t\t\t\t<div class=\"elementor-element elementor-element-bb999c7 elementor-widget elementor-widget-text-editor\" data-id=\"bb999c7\" data-element_type=\"widget\" data-widget_type=\"text-editor.default\">\n\t\t\t\t<div class=\"elementor-widget-container\">\n\t\t\t\t\t\t\t<p><span style=\"text-decoration: underline;\"><strong>INFOS PRATIQUES<\/strong><\/span><\/p><section class=\"field field-name-field-date-affich-e field-type-text field-label-inline clearfix view-mode-full\">. Date : Mercredi 1 f\u00e9vrier 2023<\/section><section class=\"field field-name-field-tarif field-type-text field-label-inline clearfix view-mode-full\"><p class=\"field-label\">. Tarif : 12\u20ac \/ 15\u20ac<br \/>. Pr\u00e9vente : <a href=\"https:\/\/www.helloasso.com\/associations\/crl10\/evenements\/sissi-imaziten\">Achetez vos places sur Helloasso<\/a><br \/>. Lieu : <a href=\"https:\/\/www.crl10.net\/taxonomy\/term\/9\">Jemmapes<\/a><br \/>. Adresse : Espace Jemmapes, 116 quai de Jemmapes, 75010, Paris <br \/>. T\u00e9l\u00e9phone : 01 48 03 33 22<\/p><\/section>\t\t\t\t\t\t<\/div>\n\t\t\t\t<\/div>\n\t\t\t\t\t<\/div>\n\t\t<\/div>\n\t\t\t\t\t<\/div>\n\t\t<\/section>\n\t\t\t\t<section class=\"elementor-section elementor-top-section elementor-element elementor-element-85b0033 elementor-section-boxed elementor-section-height-default elementor-section-height-default\" data-id=\"85b0033\" data-element_type=\"section\">\n\t\t\t\t\t\t<div class=\"elementor-container elementor-column-gap-default\">\n\t\t\t\t\t<div class=\"elementor-column elementor-col-100 elementor-top-column elementor-element elementor-element-06e7f1b\" data-id=\"06e7f1b\" data-element_type=\"column\">\n\t\t\t<div class=\"elementor-widget-wrap elementor-element-populated\">\n\t\t\t\t\t\t<div class=\"elementor-element elementor-element-e809522 elementor-widget-divider--view-line elementor-widget elementor-widget-divider\" data-id=\"e809522\" data-element_type=\"widget\" data-widget_type=\"divider.default\">\n\t\t\t\t<div class=\"elementor-widget-container\">\n\t\t\t\t\t<div class=\"elementor-divider\">\n\t\t\t<span class=\"elementor-divider-separator\">\n\t\t\t\t\t\t<\/span>\n\t\t<\/div>\n\t\t\t\t<\/div>\n\t\t\t\t<\/div>\n\t\t\t\t\t<\/div>\n\t\t<\/div>\n\t\t\t\t\t<\/div>\n\t\t<\/section>\n\t\t\t\t<section class=\"elementor-section elementor-top-section elementor-element elementor-element-0f681b1 elementor-section-boxed elementor-section-height-default elementor-section-height-default\" data-id=\"0f681b1\" data-element_type=\"section\">\n\t\t\t\t\t\t<div class=\"elementor-container elementor-column-gap-default\">\n\t\t\t\t\t<div class=\"elementor-column elementor-col-100 elementor-top-column elementor-element elementor-element-cc80c7a\" data-id=\"cc80c7a\" data-element_type=\"column\">\n\t\t\t<div class=\"elementor-widget-wrap elementor-element-populated\">\n\t\t\t\t\t\t<div class=\"elementor-element elementor-element-051a79f elementor-widget elementor-widget-wp-widget-recent-posts\" data-id=\"051a79f\" data-element_type=\"widget\" data-widget_type=\"wp-widget-recent-posts.default\">\n\t\t\t\t<div class=\"elementor-widget-container\">\n\t\t\t\n\t\t\n\t\t<h5>Articles r\u00e9cents<\/h5>\n\t\t<ul>\n\t\t\t\t\t\t\t\t\t\t\t<li>\n\t\t\t\t\t<a href=\"https:\/\/collectifmdm-idf.org\/annuaire5\/laureats_prix-des-musiques-dici_2024\/\">Les Laur\u00e9at\u00b7e\u00b7s 2024 du Prix des Musiques d&#8217;ICI<\/a>\n\t\t\t\t\t\t\t\t\t<\/li>\n\t\t\t\t\t\t\t\t\t\t\t<li>\n\t\t\t\t\t<a href=\"https:\/\/collectifmdm-idf.org\/annuaire5\/songs-from-home\/\">Songs from Home : Voices of Zazaki, Palestine, and Occitania | Mar. 10 d\u00e9c. \u00e0 la P\u00e9niche Anako<\/a>\n\t\t\t\t\t\t\t\t\t<\/li>\n\t\t\t\t\t\t\t\t\t\t\t<li>\n\t\t\t\t\t<a href=\"https:\/\/collectifmdm-idf.org\/annuaire5\/journees-de-laemdt-21-22-et-23-oct\/\">Journ\u00e9es de l&#8217;AEMDT &#8211; 21, 22 et 23 oct.<\/a>\n\t\t\t\t\t\t\t\t\t<\/li>\n\t\t\t\t\t\t\t\t\t\t\t<li>\n\t\t\t\t\t<a href=\"https:\/\/collectifmdm-idf.org\/annuaire5\/3eme-edition-des-scenes-du-monde-au-canal\/\">3\u00e8me \u00e9dition des Sc\u00e8nes du monde au Canal<\/a>\n\t\t\t\t\t\t\t\t\t<\/li>\n\t\t\t\t\t\t\t\t\t\t\t<li>\n\t\t\t\t\t<a href=\"https:\/\/collectifmdm-idf.org\/annuaire5\/escales-inter-festivals-les-projets-selectionnes\/\">Escales inter festivals &#8211; Les projets s\u00e9lectionn\u00e9s<\/a>\n\t\t\t\t\t\t\t\t\t<\/li>\n\t\t\t\t\t<\/ul>\n\n\t\t\t\t<\/div>\n\t\t\t\t<\/div>\n\t\t\t\t\t<\/div>\n\t\t<\/div>\n\t\t\t\t\t<\/div>\n\t\t<\/section>\n\t\t\t\t<\/div>\n\t\t","protected":false},"excerpt":{"rendered":"<p>Musiques du monde au Canal : Sissi Imaziten en concert le 1er f\u00e9vrier ! Mercredi 1\u1d49\u02b3 f\u00e9vrier 2023 &#8211; 20hEn partenariat avec le CRL10 Dans le cadre des Musiques du monde au canal, Sissi Imaziten est heureuse de vous pr\u00e9senter sa musique<\/p>\n<p class=\"link-more\"><a class=\"myButt \" href=\"https:\/\/collectifmdm-idf.org\/annuaire5\/musiques-du-monde-au-canal-sissi-imaziten-le-1er-fevrier\/\">EN SAVOIR +<\/a><\/p>\n","protected":false},"author":1,"featured_media":0,"comment_status":"open","ping_status":"open","sticky":false,"template":"elementor_header_footer","format":"standard","meta":{"_rtcl_gb_attr":"","footnotes":""},"categories":[7,85,104],"tags":[107,100,106],"class_list":["post-6627","post","type-post","status-publish","format-standard","hentry","category-concert","category-maghreb-musique-cet3","category-musiques-du-monde-au-canal","tag-collectif-mdm","tag-concert","tag-crl10"],"_links":{"self":[{"href":"https:\/\/collectifmdm-idf.org\/annuaire5\/wp-json\/wp\/v2\/posts\/6627","targetHints":{"allow":["GET"]}}],"collection":[{"href":"https:\/\/collectifmdm-idf.org\/annuaire5\/wp-json\/wp\/v2\/posts"}],"about":[{"href":"https:\/\/collectifmdm-idf.org\/annuaire5\/wp-json\/wp\/v2\/types\/post"}],"author":[{"embeddable":true,"href":"https:\/\/collectifmdm-idf.org\/annuaire5\/wp-json\/wp\/v2\/users\/1"}],"replies":[{"embeddable":true,"href":"https:\/\/collectifmdm-idf.org\/annuaire5\/wp-json\/wp\/v2\/comments?post=6627"}],"version-history":[{"count":4,"href":"https:\/\/collectifmdm-idf.org\/annuaire5\/wp-json\/wp\/v2\/posts\/6627\/revisions"}],"predecessor-version":[{"id":13844,"href":"https:\/\/collectifmdm-idf.org\/annuaire5\/wp-json\/wp\/v2\/posts\/6627\/revisions\/13844"}],"wp:attachment":[{"href":"https:\/\/collectifmdm-idf.org\/annuaire5\/wp-json\/wp\/v2\/media?parent=6627"}],"wp:term":[{"taxonomy":"category","embeddable":true,"href":"https:\/\/collectifmdm-idf.org\/annuaire5\/wp-json\/wp\/v2\/categories?post=6627"},{"taxonomy":"post_tag","embeddable":true,"href":"https:\/\/collectifmdm-idf.org\/annuaire5\/wp-json\/wp\/v2\/tags?post=6627"}],"curies":[{"name":"wp","href":"https:\/\/api.w.org\/{rel}","templated":true}]}}