{"id":659,"date":"2019-04-18T12:05:00","date_gmt":"2019-04-18T10:05:00","guid":{"rendered":"http:\/\/collectifmdm-idf.org\/?p=659"},"modified":"2020-02-10T23:48:34","modified_gmt":"2020-02-10T22:48:34","slug":"lancement-du-3-eme-prix-des-musiques-dici-diaspora-music-awards-2019","status":"publish","type":"post","link":"https:\/\/collectifmdm-idf.org\/annuaire5\/lancement-du-3-eme-prix-des-musiques-dici-diaspora-music-awards-2019\/","title":{"rendered":"LANCEMENT du 3 \u00e8me Prix des Musiques d\u2019ICI \u2013 Diaspora Music Awards 2019"},"content":{"rendered":"\n<p class=\"has-medium-font-size\">Voici venu le temps du lancement de la <strong>3\u00e8me \u00e9dition du Prix des Musiques d\u2019ICI \u2013 Diaspora Music Awards<\/strong>,\n un  prix novateur et n\u00e9cessaire qui donne la voix aux talents issus de \n cultures venues d\u2019ailleurs et qui ont fait racine ici en France et  \nmontre la richesse des musiques jou\u00e9es en France, dans la diversit\u00e9 de  \nleurs origines.<\/p>\n\n\n\n<p class=\"has-medium-font-size\">Initi\u00e9 en \n2017 dans le cadre des 20 ans du festival Villes des Musiques du Monde, \nce prix vise \u00e0 donner toute leur place aux musiques de nos mondes qui se\n cr\u00e9ent et se jouent \u00ab d\u2019ici&nbsp;\u00bb&nbsp;sur notre sol, aux quatre coins du pays, \naux artistes issus des diasporas, de cultures diverses qu\u2019ils \nrevendiquent et r\u00e9inventent.<\/p>\n\n\n\n<p class=\"has-medium-font-size\">Auparavant limit\u00e9 \u00e0 6 r\u00e9gions, <strong>l\u2019appel \u00e0 candidature s\u2019ouvre d\u00e9sormais aux 13 r\u00e9gions de France !<\/strong><\/p>\n\n\n\n<p class=\"has-medium-font-size\">Nouveau  dispositif de rep\u00e9rage et d\u2019accompagnement d\u2019artistes,<strong> Le Prix des  Musiques d\u2019ICI<\/strong>\n s\u2019est fix\u00e9 pour objectif&nbsp;de mettre en valeur le dynamisme  de r\u00e9seaux \nculturels qui \u00e9chappent aux radars des circuits habituels.  En soutenant\n l\u2019\u00e9mergence d\u2019artistes afin de lutter contre certaines  formes \nd\u2019exclusion, il propose une action concr\u00e8te qui montre la  richesse des \nmusiques jou\u00e9es en France, dans la diversit\u00e9 de leurs  origines.<\/p>\n\n\n\n<p class=\"has-medium-font-size\"><strong><em>Crit\u00e8res de s\u00e9lection<\/em><\/strong><\/p>\n\n\n\n<p class=\"has-medium-font-size\">-\u00catre originaire, pour au moins un membre du groupe, d\u2019une diaspora  d\u2019Afrique\/Moyen-Orient, Europe, Am\u00e9riques\/Cara\u00efbes,  Asie\/Oc\u00e9anie et  install\u00e9 en France, <\/p>\n\n\n\n<p class=\"has-medium-font-size\">-\u00catre  majoritairement implant\u00e9 dans une des r\u00e9gions de France participantes au  dispositif,<\/p>\n\n\n\n<p class=\"has-medium-font-size\">-L\u2019int\u00e9r\u00eat du r\u00e9cit social et culturel du projet, concomitant  \u00e0 l\u2019approche artistique,<\/p>\n\n\n\n<p class=\"has-medium-font-size\">-Avoir un  r\u00e9pertoire live majoritairement constitu\u00e9 de compositions originales  (<strong>minimum 70% compositions originales<\/strong> et 30% reprises), et d\u2019une dur\u00e9e de  30 \u00e0 45 minutes minimum,<\/p>\n\n\n\n<p class=\"has-medium-font-size\">-B\u00e9n\u00e9ficier d\u2019un \u00e9l\u00e9ment d\u2019encadrement (manager, label, \u00e9diteur, tourneur\u2026) ou d\u2019un repr\u00e9sentant d\u00e9sign\u00e9,<\/p>\n\n\n\n<p class=\"has-medium-font-size\">-Ne pas \navoir sign\u00e9 dans une grande maison de disques ou ne pas avoir fait \npartie d\u2019un gros catalogue de tourn\u00e9e dans les 5 derni\u00e8res ann\u00e9es,<\/p>\n\n\n\n<p class=\"has-medium-font-size\">-Pouvoir d\u00e9gager des p\u00e9riodes de disponibilit\u00e9 \u00e0 partir d\u2019octobre 2019 jusqu\u2019\u00e0 d\u00e9cembre 2020,<\/p>\n\n\n\n<p class=\"has-medium-font-size\">-Soumettre trois titres enregistr\u00e9s, une bio, une photo, une fiche technique, et r\u00e9pondre \u00e0 un questionnaire simple.<\/p>\n\n\n\n<p class=\"has-medium-font-size\">Cette initiative trouve aujourd\u2019hui ses marques. <\/p>\n\n\n\n<p class=\"has-medium-font-size\">A ce jour, 8 laur\u00e9ats ont \u00e9t\u00e9 soutenus&nbsp;: <br>En 2017-2018, <strong>Serkan Uyar<\/strong> (Normandie), <strong>Magou Samb<\/strong> (IDF), <strong>Paul Wamo<\/strong>  (PACA), <strong>Nirmaan <\/strong>(Bretagne), <strong>Le Projet Schin\u00e9ar<\/strong> (Auvergne-Rh\u00f4ne-Alpes)  puis, en 2018-2019, <strong>Germaine Kobo &amp; Bella Lawson<\/strong> (PACA),<strong> N3rdistan  Duo<\/strong> (Occitanie) et <strong>Edgar Sekloka <\/strong>(IDF).<\/p>\n\n\n\n<p class=\"has-medium-font-size\">Le bilan de \nces premi\u00e8res \u00e9ditions est plus qu\u2019encourageant&nbsp;: le relais du \ndispositif par de nombreux m\u00e9dias, la collaboration avec une quarantaine\n de partenaires \u00ab&nbsp;capteurs&nbsp;\u00bb et \u00ab&nbsp;passeurs&nbsp;\u00bb en r\u00e9gion pour la d\u00e9tection, \nl\u2019accompagnement, la diffusion et la promotion, a donn\u00e9 une v\u00e9ritable \nl\u00e9gitimit\u00e9 au projet et un ancrage remarqu\u00e9 dans le paysage musical.<\/p>\n\n\n\n<p class=\"has-medium-font-size\">Le prix \ncontribue aujourd\u2019hui \u00e0 la diffusion des laur\u00e9ats et permet la mise en \nplace des r\u00e9sidences de cr\u00e9ation et de r\u00e9p\u00e9tition dans des lieux \npartenaires. Ces actions contribuent au d\u00e9veloppement artistique et \nprofessionnel des \u00e9quipes s\u00e9lectionn\u00e9es, dont la visibilit\u00e9 est \namplifi\u00e9e par le biais d\u2019un site officiel et la cr\u00e9ation de pages \nd\u00e9di\u00e9es sur les r\u00e9seaux sociaux.<\/p>\n\n\n\n<p class=\"has-medium-font-size\">Site : <a href=\"http:\/\/prixdesmusiquesdici.com\/site\/\" target=\"_blank\" rel=\"noreferrer noopener\" aria-label=\" (s\u2019ouvre dans un nouvel onglet)\">http:\/\/prixdesmusiquesdici.com\/site\/<\/a><\/p>\n\n\n\n<p class=\"has-medium-font-size\">Page Facebook : <a href=\"https:\/\/www.facebook.com\/prixdesmusiquesdici\/?ref=br_rs\" target=\"_blank\" rel=\"noreferrer noopener\" aria-label=\" (s\u2019ouvre dans un nouvel onglet)\">https:\/\/www.facebook.com\/prixdesmusiquesdici\/<\/a><\/p>\n\n\n\n<p><strong>Site de candidature<\/strong> : <a href=\"http:\/\/prixdesmusiquesdici.com\/inscription\/\" target=\"_blank\" rel=\"noreferrer noopener\" aria-label=\" (s\u2019ouvre dans un nouvel onglet)\">http:\/\/prixdesmusiquesdici.com\/inscription\/<\/a><\/p>\n\n\n\n<h2 class=\"wp-block-heading\"><\/h2>\n\n\n\n<hr class=\"wp-block-separator\"\/>\n\n\n\n<p class=\"has-text-color has-text-align-center has-medium-font-size has-luminous-vivid-orange-color\"><strong>&#8212;o&#8212;<\/strong><\/p>\n\n\n\n<hr class=\"wp-block-separator\"\/>\n","protected":false},"excerpt":{"rendered":"<p>Voici venu le temps du lancement de la 3\u00e8me \u00e9dition du Prix des Musiques d\u2019ICI \u2013 Diaspora Music Awards, un prix novateur et n\u00e9cessaire qui donne la voix aux talents issus de cultures venues d\u2019ailleurs et qui ont fait racine ici en<\/p>\n<p class=\"link-more\"><a class=\"myButt \" href=\"https:\/\/collectifmdm-idf.org\/annuaire5\/lancement-du-3-eme-prix-des-musiques-dici-diaspora-music-awards-2019\/\">EN SAVOIR +<\/a><\/p>\n","protected":false},"author":1,"featured_media":725,"comment_status":"open","ping_status":"open","sticky":false,"template":"","format":"standard","meta":{"_rtcl_gb_attr":"","footnotes":""},"categories":[12],"tags":[],"class_list":["post-659","post","type-post","status-publish","format-standard","has-post-thumbnail","hentry","category-concours"],"_links":{"self":[{"href":"https:\/\/collectifmdm-idf.org\/annuaire5\/wp-json\/wp\/v2\/posts\/659","targetHints":{"allow":["GET"]}}],"collection":[{"href":"https:\/\/collectifmdm-idf.org\/annuaire5\/wp-json\/wp\/v2\/posts"}],"about":[{"href":"https:\/\/collectifmdm-idf.org\/annuaire5\/wp-json\/wp\/v2\/types\/post"}],"author":[{"embeddable":true,"href":"https:\/\/collectifmdm-idf.org\/annuaire5\/wp-json\/wp\/v2\/users\/1"}],"replies":[{"embeddable":true,"href":"https:\/\/collectifmdm-idf.org\/annuaire5\/wp-json\/wp\/v2\/comments?post=659"}],"version-history":[{"count":0,"href":"https:\/\/collectifmdm-idf.org\/annuaire5\/wp-json\/wp\/v2\/posts\/659\/revisions"}],"wp:featuredmedia":[{"embeddable":true,"href":"https:\/\/collectifmdm-idf.org\/annuaire5\/wp-json\/wp\/v2\/media\/725"}],"wp:attachment":[{"href":"https:\/\/collectifmdm-idf.org\/annuaire5\/wp-json\/wp\/v2\/media?parent=659"}],"wp:term":[{"taxonomy":"category","embeddable":true,"href":"https:\/\/collectifmdm-idf.org\/annuaire5\/wp-json\/wp\/v2\/categories?post=659"},{"taxonomy":"post_tag","embeddable":true,"href":"https:\/\/collectifmdm-idf.org\/annuaire5\/wp-json\/wp\/v2\/tags?post=659"}],"curies":[{"name":"wp","href":"https:\/\/api.w.org\/{rel}","templated":true}]}}