{"id":6498,"date":"2023-01-06T18:17:47","date_gmt":"2023-01-06T17:17:47","guid":{"rendered":"https:\/\/collectifmdm-idf.org\/?p=6498"},"modified":"2023-01-24T12:45:42","modified_gmt":"2023-01-24T11:45:42","slug":"mar-31-jan-rencontres-et-debat-autour-des-musiques-dici","status":"publish","type":"post","link":"https:\/\/collectifmdm-idf.org\/annuaire5\/mar-31-jan-rencontres-et-debat-autour-des-musiques-dici\/","title":{"rendered":"Mar. 31 jan. : ap\u00e9ro et rencontre de lancement de saison !"},"content":{"rendered":"\t\t<div data-elementor-type=\"wp-post\" data-elementor-id=\"6498\" class=\"elementor elementor-6498\">\n\t\t\t\t\t\t<section class=\"elementor-section elementor-top-section elementor-element elementor-element-48e0dec elementor-section-boxed elementor-section-height-default elementor-section-height-default\" data-id=\"48e0dec\" data-element_type=\"section\">\n\t\t\t\t\t\t<div class=\"elementor-container elementor-column-gap-default\">\n\t\t\t\t\t<div class=\"elementor-column elementor-col-100 elementor-top-column elementor-element elementor-element-8cb7bf4\" data-id=\"8cb7bf4\" data-element_type=\"column\">\n\t\t\t<div class=\"elementor-widget-wrap elementor-element-populated\">\n\t\t\t\t\t\t<div class=\"elementor-element elementor-element-1073232 elementor-widget elementor-widget-image\" data-id=\"1073232\" data-element_type=\"widget\" data-widget_type=\"image.default\">\n\t\t\t\t<div class=\"elementor-widget-container\">\n\t\t\t\t\t\t\t\t\t\t\t\t\t<img fetchpriority=\"high\" decoding=\"async\" width=\"640\" height=\"192\" src=\"https:\/\/collectifmdm-idf.org\/annuaire5\/wp-content\/uploads\/2023\/01\/cover_mdm_aufildesvoix-1024x307.jpg\" class=\"attachment-large size-large wp-image-6565\" alt=\"\" srcset=\"https:\/\/collectifmdm-idf.org\/annuaire5\/wp-content\/uploads\/2023\/01\/cover_mdm_aufildesvoix-1024x307.jpg 1024w, https:\/\/collectifmdm-idf.org\/annuaire5\/wp-content\/uploads\/2023\/01\/cover_mdm_aufildesvoix-300x90.jpg 300w, https:\/\/collectifmdm-idf.org\/annuaire5\/wp-content\/uploads\/2023\/01\/cover_mdm_aufildesvoix-768x230.jpg 768w, https:\/\/collectifmdm-idf.org\/annuaire5\/wp-content\/uploads\/2023\/01\/cover_mdm_aufildesvoix.jpg 1200w\" sizes=\"(max-width: 640px) 100vw, 640px\" title=\"\" \/>\t\t\t\t\t\t\t\t\t\t\t\t\t<\/div>\n\t\t\t\t<\/div>\n\t\t\t\t\t<\/div>\n\t\t<\/div>\n\t\t\t\t\t<\/div>\n\t\t<\/section>\n\t\t\t\t<section class=\"elementor-section elementor-top-section elementor-element elementor-element-b391b8d elementor-section-boxed elementor-section-height-default elementor-section-height-default\" data-id=\"b391b8d\" data-element_type=\"section\">\n\t\t\t\t\t\t<div class=\"elementor-container elementor-column-gap-default\">\n\t\t\t\t\t<div class=\"elementor-column elementor-col-100 elementor-top-column elementor-element elementor-element-6e0f179\" data-id=\"6e0f179\" data-element_type=\"column\">\n\t\t\t<div class=\"elementor-widget-wrap elementor-element-populated\">\n\t\t\t\t\t\t<div class=\"elementor-element elementor-element-69d63d6 elementor-widget elementor-widget-text-editor\" data-id=\"69d63d6\" data-element_type=\"widget\" data-widget_type=\"text-editor.default\">\n\t\t\t\t<div class=\"elementor-widget-container\">\n\t\t\t\t\t\t\t<p><span style=\"color: #e9591c;\"><strong>RENCONTRE REPORT\u00c9E EN RAISON DES MOUVEMENTS SOCIAUX ANNONC\u00c9S DU 31 JANVIER<\/strong><\/span><\/p><p><strong><span style=\"color: #000000;\">MARDI 31 JANVIER <\/span><\/strong><\/p><p><strong><span style=\"color: #000000;\">Paris 18<sup>\u00e8me<\/sup> &#8211; \u00c0 partir de 16h<\/span><\/strong><\/p><p><strong><span style=\"color: #e85922;\">AP\u00c9RO DE LANCEMENT DE SAISON<\/span><\/strong><\/p><p><strong><span style=\"color: #000000;\">Rencontre, Pr\u00e9sentation de la saison du Collectif, D\u00e9bat, Ap\u00e9ro, Concert<\/span><\/strong><\/p><p><strong><span style=\"color: #000000;\">Les rendez-vous du Collectif en 2023<\/span><\/strong><\/p><ul><li><strong><span style=\"color: #000000;\">Collectif en tourn\u00e9e #4\u00a0: Pr\u00e9sentation de l\u2019annuaire\u00a0et de sa strat\u00e9gie de diffusion<\/span><\/strong><\/li><li><strong><span style=\"color: #000000;\">Temps de formation\u00a0: compta, com, structuration juridique<\/span><\/strong><\/li><li><strong><span style=\"color: #000000;\">Sc\u00e8nes du monde au canal #1\u00a0: pr\u00e9sentation <\/span><\/strong><\/li><li><strong><span style=\"color: #000000;\">Le Prix des musiques d\u2019ICI\u00a0: un temps fort \u00e0 venir au Pan Piper<\/span><\/strong><\/li><li><strong><span style=\"color: #000000;\">Danses d\u2019ICI\u00a0: parlons-en\u00a0!<\/span><\/strong><\/li><\/ul><p><span style=\"color: #000000;\">De pand\u00e9mie en inflation, il devient un peu difficile d\u2019imaginer une sortie du tunnel\u2026 A travers bien des p\u00e9rip\u00e9ties, le collectif des musiques et danses du monde en Ile-de-France tente de r\u00e9pondre aux urgences tout en gardant la perspective de construire un p\u00f4le r\u00e9gional de r\u00e9flexion et d\u2019action collective rassemblant les acteurs divers de ce que nous tentons de d\u00e9finir\u00a0: musiques et danses du monde, traditionnelles, d\u2019ici\u2026 Cette premi\u00e8re rencontre, qui croise \u00ab\u00a0Au fil des voix\u00a0\u00bb, se veut comme la premi\u00e8re d\u2019un cycle qui devrait nous permettre d\u2019actualiser notre \u00e9tat des lieux et des perspectives d\u2019actions collectives \u00e0 construire dans la p\u00e9riode qui vient\u2026 Comme nous avions lanc\u00e9 la d\u00e9marche \u00ab\u00a0faire orchestre pour faire soci\u00e9t\u00e9\u00a0\u00bb,<strong> il s\u2019agit de reprendre de fil de la r\u00e9flexion autour du th\u00e8me\u00a0: \u00ab\u00a0la musique, le chant, la danse pour faire soci\u00e9t\u00e9\u00a0\u00bb<\/strong> et de voir dans quelles mesures il est possible de<strong> construire un \u00ab\u00a0syst\u00e8me r\u00e9gional\u00a0\u00bb de nos musiques et de nos danses, susceptible de f\u00e9d\u00e9rer l\u2019ensemble des acteurs (quelque soit leur dimension et leur m\u00e9tier) qui partagent une vision commune <\/strong>de la place de nos activit\u00e9s dans la vie quotidienne, personnelle et collective, sur le vaste et particulier territoire de notre r\u00e9gion.<\/span><\/p><p><span style=\"color: #000000;\">Cette premi\u00e8re rencontre devrait donc nous permettre de <strong>faire le point sur les actions men\u00e9es depuis trois ans<\/strong> (l\u2019\u00e9volution de notre vie associative, le Collectif en tourn\u00e9e, la construction d\u2019un \u00ab\u00a0observatoire r\u00e9gional\u00a0\u00bb, la participation \u00e0 la construction du \u00ab\u00a0prix des musiques d\u2019ici\u00a0\u00bb, etc.) et de <strong>r\u00e9fl\u00e9chir \u00e0 ce que pourrait \u00eatre un \u00ab\u00a0syst\u00e8me\u00a0\u00bb r\u00e9gional des musiques et danses du monde en Ile-de-France<\/strong>. Pourraient suivre trois rencontres sur la question des acteurs \u00e0 mettre en synergie, sur la question de l\u2019articulation de nos activit\u00e9s avec la question du spectacle et sur la question de l\u2019\u00e9ducation artistique et culturelle.<\/span><\/p><p><span style=\"color: #000000;\"><strong>Vaste chantier \u00e0 conduire avec la volont\u00e9 de construire en marchant<\/strong>\u00a0: \u00e9laborer des textes et des points d\u2019\u00e9tape pour<strong> <u>b\u00e2tir collectivement<\/u> <\/strong>une vision d\u2019ensemble et une strat\u00e9gie commune.<\/span><\/p><p><strong><span style=\"color: #000000;\"><em>Venez nombreux\u00a0!<\/em><\/span><\/strong><\/p><p><span style=\"color: #e85922;\"><strong>O\u00d9 &amp; QUAND ?<br \/><\/strong><\/span><span style=\"color: #000000;\"><span style=\"text-decoration: underline;\"><strong>Mardi 31 janvier \u00e0 partir de\u00a016h<\/strong><\/span><br \/><\/span><span style=\"color: #000000;\">\u2022 16h : Accueil<br \/><\/span><span style=\"color: #000000;\">\u2022 16h30 \/ 18h30 : Rencontre<br \/>\u2022 Lieu<\/span> : <span style=\"color: #e85922;\"><strong>salle de r\u00e9union du FGO Barbara<br \/><\/strong><\/span><span style=\"color: #000000;\">\u2022 Rencontre suivie d\u2019un verre offert au 360 Paris Music Factory<\/span>,<strong><span style=\"color: #e85922;\"> avant le concert de Helena Recalde \u00e0 20h30<\/span><\/strong>.<br \/><span style=\"color: #000000;\">\u2022 <\/span><span style=\"color: #000000;\">Dans la cadre du partenariat avec Au fil des voix, les participants \u00e0 la rencontre pourront b\u00e9n\u00e9ficier d\u2019un tarif sp\u00e9cial : 15\u20ac au lieu de 19\u20ac, dans la limite des places disponibles.<\/span><\/p>\t\t\t\t\t\t<\/div>\n\t\t\t\t<\/div>\n\t\t\t\t\t<\/div>\n\t\t<\/div>\n\t\t\t\t\t<\/div>\n\t\t<\/section>\n\t\t\t\t<section class=\"elementor-section elementor-top-section elementor-element elementor-element-2dc31bc elementor-section-boxed elementor-section-height-default elementor-section-height-default\" data-id=\"2dc31bc\" data-element_type=\"section\">\n\t\t\t\t\t\t<div class=\"elementor-container elementor-column-gap-default\">\n\t\t\t\t\t<div class=\"elementor-column elementor-col-50 elementor-top-column elementor-element elementor-element-2f7b9b1\" data-id=\"2f7b9b1\" data-element_type=\"column\">\n\t\t\t<div class=\"elementor-widget-wrap elementor-element-populated\">\n\t\t\t\t\t\t<div class=\"elementor-element elementor-element-09fe88f elementor-widget elementor-widget-text-editor\" data-id=\"09fe88f\" data-element_type=\"widget\" data-widget_type=\"text-editor.default\">\n\t\t\t\t<div class=\"elementor-widget-container\">\n\t\t\t\t\t\t\t<p><span style=\"color: #000000; font-family: Roboto, sans-serif; font-size: 16px; font-style: normal; font-variant-ligatures: normal; font-variant-caps: normal; font-weight: 400;\">Sur inscription en remplissant le formulaire suivant :<\/span><\/p>\t\t\t\t\t\t<\/div>\n\t\t\t\t<\/div>\n\t\t\t\t<div class=\"elementor-element elementor-element-357b9e2 elementor-widget elementor-widget-spacer\" data-id=\"357b9e2\" data-element_type=\"widget\" data-widget_type=\"spacer.default\">\n\t\t\t\t<div class=\"elementor-widget-container\">\n\t\t\t\t\t<div class=\"elementor-spacer\">\n\t\t\t<div class=\"elementor-spacer-inner\"><\/div>\n\t\t<\/div>\n\t\t\t\t<\/div>\n\t\t\t\t<\/div>\n\t\t\t\t\t<\/div>\n\t\t<\/div>\n\t\t\t\t<div class=\"elementor-column elementor-col-50 elementor-top-column elementor-element elementor-element-cddbbd9\" data-id=\"cddbbd9\" data-element_type=\"column\">\n\t\t\t<div class=\"elementor-widget-wrap elementor-element-populated\">\n\t\t\t\t\t\t<div class=\"elementor-element elementor-element-d2c3860 elementor-align-left elementor-widget elementor-widget-button\" data-id=\"d2c3860\" data-element_type=\"widget\" data-widget_type=\"button.default\">\n\t\t\t\t<div class=\"elementor-widget-container\">\n\t\t\t\t\t\t\t<div class=\"elementor-button-wrapper\">\n\t\t\t\t\t<a class=\"elementor-button elementor-button-link elementor-size-sm\" href=\"https:\/\/docs.google.com\/forms\/d\/e\/1FAIpQLScUruYBy6i2f7hRyu3OCOUD5ASZLy7Qki65nxyulQjy9zCSOA\/viewform\" target=\"_blank\">\n\t\t\t\t\t\t<span class=\"elementor-button-content-wrapper\">\n\t\t\t\t\t\t\t\t\t<span class=\"elementor-button-text\">INSCRIPTION<\/span>\n\t\t\t\t\t<\/span>\n\t\t\t\t\t<\/a>\n\t\t\t\t<\/div>\n\t\t\t\t\t\t<\/div>\n\t\t\t\t<\/div>\n\t\t\t\t\t<\/div>\n\t\t<\/div>\n\t\t\t\t\t<\/div>\n\t\t<\/section>\n\t\t\t\t<section class=\"elementor-section elementor-top-section elementor-element elementor-element-fcbeefa elementor-section-boxed elementor-section-height-default elementor-section-height-default\" data-id=\"fcbeefa\" data-element_type=\"section\">\n\t\t\t\t\t\t<div class=\"elementor-container elementor-column-gap-default\">\n\t\t\t\t\t<div class=\"elementor-column elementor-col-50 elementor-top-column elementor-element elementor-element-35bf2e4\" data-id=\"35bf2e4\" data-element_type=\"column\">\n\t\t\t<div class=\"elementor-widget-wrap elementor-element-populated\">\n\t\t\t\t\t\t<div class=\"elementor-element elementor-element-baa16a8 elementor-widget elementor-widget-text-editor\" data-id=\"baa16a8\" data-element_type=\"widget\" data-widget_type=\"text-editor.default\">\n\t\t\t\t<div class=\"elementor-widget-container\">\n\t\t\t\t\t\t\t<p><span style=\"color: #000000; font-family: Roboto, sans-serif; font-size: 16px; font-style: normal; font-variant-ligatures: normal; font-variant-caps: normal; font-weight: 400;\">Pour en savoir plus sur le concert d&#8217;Helena Recalde, cliquez sur le bouton qui suit :<\/span><\/p>\t\t\t\t\t\t<\/div>\n\t\t\t\t<\/div>\n\t\t\t\t\t<\/div>\n\t\t<\/div>\n\t\t\t\t<div class=\"elementor-column elementor-col-50 elementor-top-column elementor-element elementor-element-dc65922\" data-id=\"dc65922\" data-element_type=\"column\">\n\t\t\t<div class=\"elementor-widget-wrap elementor-element-populated\">\n\t\t\t\t\t\t<div class=\"elementor-element elementor-element-2a5f180 elementor-align-left elementor-widget elementor-widget-button\" data-id=\"2a5f180\" data-element_type=\"widget\" data-widget_type=\"button.default\">\n\t\t\t\t<div class=\"elementor-widget-container\">\n\t\t\t\t\t\t\t<div class=\"elementor-button-wrapper\">\n\t\t\t\t\t<a class=\"elementor-button elementor-button-link elementor-size-sm\" href=\"https:\/\/www.aufildesvoix.com\/programmation\/helenarecalde\/\" target=\"_blank\">\n\t\t\t\t\t\t<span class=\"elementor-button-content-wrapper\">\n\t\t\t\t\t\t\t\t\t<span class=\"elementor-button-text\">+ D'INFOS<\/span>\n\t\t\t\t\t<\/span>\n\t\t\t\t\t<\/a>\n\t\t\t\t<\/div>\n\t\t\t\t\t\t<\/div>\n\t\t\t\t<\/div>\n\t\t\t\t\t<\/div>\n\t\t<\/div>\n\t\t\t\t\t<\/div>\n\t\t<\/section>\n\t\t\t\t<section class=\"elementor-section elementor-top-section elementor-element elementor-element-e104f2c elementor-section-boxed elementor-section-height-default elementor-section-height-default\" data-id=\"e104f2c\" data-element_type=\"section\">\n\t\t\t\t\t\t<div class=\"elementor-container elementor-column-gap-default\">\n\t\t\t\t\t<div class=\"elementor-column elementor-col-100 elementor-top-column elementor-element elementor-element-8a7cbea\" data-id=\"8a7cbea\" data-element_type=\"column\">\n\t\t\t<div class=\"elementor-widget-wrap elementor-element-populated\">\n\t\t\t\t\t\t<div class=\"elementor-element elementor-element-bff14d8 elementor-widget elementor-widget-text-editor\" data-id=\"bff14d8\" data-element_type=\"widget\" data-widget_type=\"text-editor.default\">\n\t\t\t\t<div class=\"elementor-widget-container\">\n\t\t\t\t\t\t\t<p><span style=\"color: #e85922;\"><strong>Infos pratiques<\/strong> <\/span><br \/><span style=\"color: #000000;\"><a style=\"color: #000000;\" href=\"https:\/\/le360paris.com\/\" target=\"_blank\" rel=\"noopener\"><strong>Le 360 Paris Music Factory<\/strong><\/a> : <\/span><br \/><span style=\"color: #000000;\">32, rue Myrha \u2013 75018 Paris<\/span><br \/><a href=\"https:\/\/le360paris.com\/\" target=\"_blank\" rel=\"noopener\"><span style=\"color: #000000;\">https:\/\/le360paris.com\/<\/span><\/a><br \/><span style=\"color: #000000;\"><br \/><a style=\"color: #000000;\" href=\"https:\/\/fgo-barbara.fr\/\" target=\"_blank\" rel=\"noopener\"><strong>Le FGO Barbara :<\/strong><\/a> <\/span><br \/><span style=\"color: #000000;\">1 rue Fleury, 75018 Paris <\/span><br \/><a href=\"https:\/\/fgo-barbara.fr\/infos-pratiques\" target=\"_blank\" rel=\"noopener\"><span style=\"color: #000000;\">https:\/\/fgo-barbara.fr\/infos-pratiques<\/span><\/a><\/p>\t\t\t\t\t\t<\/div>\n\t\t\t\t<\/div>\n\t\t\t\t\t<\/div>\n\t\t<\/div>\n\t\t\t\t\t<\/div>\n\t\t<\/section>\n\t\t\t\t<\/div>\n\t\t","protected":false},"excerpt":{"rendered":"<p>RENCONTRE REPORT\u00c9E EN RAISON DES MOUVEMENTS SOCIAUX ANNONC\u00c9S DU 31 JANVIER MARDI 31 JANVIER Paris 18\u00e8me &#8211; \u00c0 partir de 16h AP\u00c9RO DE LANCEMENT DE SAISON Rencontre, Pr\u00e9sentation de la saison du Collectif, D\u00e9bat, Ap\u00e9ro, Concert Les rendez-vous du Collectif en 2023<\/p>\n<p class=\"link-more\"><a class=\"myButt \" href=\"https:\/\/collectifmdm-idf.org\/annuaire5\/mar-31-jan-rencontres-et-debat-autour-des-musiques-dici\/\">EN SAVOIR +<\/a><\/p>\n","protected":false},"author":1,"featured_media":0,"comment_status":"open","ping_status":"open","sticky":false,"template":"","format":"standard","meta":{"_rtcl_gb_attr":"","footnotes":""},"categories":[15,9],"tags":[103],"class_list":["post-6498","post","type-post","status-publish","format-standard","hentry","category-evenement","category-rencontres","tag-musiques-dici"],"_links":{"self":[{"href":"https:\/\/collectifmdm-idf.org\/annuaire5\/wp-json\/wp\/v2\/posts\/6498","targetHints":{"allow":["GET"]}}],"collection":[{"href":"https:\/\/collectifmdm-idf.org\/annuaire5\/wp-json\/wp\/v2\/posts"}],"about":[{"href":"https:\/\/collectifmdm-idf.org\/annuaire5\/wp-json\/wp\/v2\/types\/post"}],"author":[{"embeddable":true,"href":"https:\/\/collectifmdm-idf.org\/annuaire5\/wp-json\/wp\/v2\/users\/1"}],"replies":[{"embeddable":true,"href":"https:\/\/collectifmdm-idf.org\/annuaire5\/wp-json\/wp\/v2\/comments?post=6498"}],"version-history":[{"count":0,"href":"https:\/\/collectifmdm-idf.org\/annuaire5\/wp-json\/wp\/v2\/posts\/6498\/revisions"}],"wp:attachment":[{"href":"https:\/\/collectifmdm-idf.org\/annuaire5\/wp-json\/wp\/v2\/media?parent=6498"}],"wp:term":[{"taxonomy":"category","embeddable":true,"href":"https:\/\/collectifmdm-idf.org\/annuaire5\/wp-json\/wp\/v2\/categories?post=6498"},{"taxonomy":"post_tag","embeddable":true,"href":"https:\/\/collectifmdm-idf.org\/annuaire5\/wp-json\/wp\/v2\/tags?post=6498"}],"curies":[{"name":"wp","href":"https:\/\/api.w.org\/{rel}","templated":true}]}}