{"id":6433,"date":"2022-12-08T15:09:36","date_gmt":"2022-12-08T14:09:36","guid":{"rendered":"https:\/\/collectifmdm-idf.org\/?p=6433"},"modified":"2023-01-30T17:58:21","modified_gmt":"2023-01-30T16:58:21","slug":"collectif-en-tournee4-appel-a-participation","status":"publish","type":"post","link":"https:\/\/collectifmdm-idf.org\/annuaire5\/collectif-en-tournee4-appel-a-participation\/","title":{"rendered":"Collectif en Tourn\u00e9e#4 : appel \u00e0 participation prolong\u00e9 jusqu&#8217;au 9 janvier !"},"content":{"rendered":"\t\t<div data-elementor-type=\"wp-post\" data-elementor-id=\"6433\" class=\"elementor elementor-6433\">\n\t\t\t\t\t\t<section class=\"elementor-section elementor-top-section elementor-element elementor-element-f41462e elementor-section-boxed elementor-section-height-default elementor-section-height-default\" data-id=\"f41462e\" data-element_type=\"section\">\n\t\t\t\t\t\t<div class=\"elementor-container elementor-column-gap-default\">\n\t\t\t\t\t<div class=\"elementor-column elementor-col-100 elementor-top-column elementor-element elementor-element-6836e54\" data-id=\"6836e54\" data-element_type=\"column\">\n\t\t\t<div class=\"elementor-widget-wrap elementor-element-populated\">\n\t\t\t\t\t\t<div class=\"elementor-element elementor-element-d6f9f69 elementor-widget elementor-widget-text-editor\" data-id=\"d6f9f69\" data-element_type=\"widget\" data-widget_type=\"text-editor.default\">\n\t\t\t\t<div class=\"elementor-widget-container\">\n\t\t\t\t\t\t\t<p style=\"text-align: center;\"><span style=\"font-family: Roboto, Helvetica, Arial, sans-serif; font-size: 15px;\"><i>Depuis 2020, notre Collectif a mis en place un outil pr\u00e9cieux : un catalogue de projets franciliens, pour faire vivre la musique avec des artistes de proximit\u00e9.<\/i><\/span><\/p>\t\t\t\t\t\t<\/div>\n\t\t\t\t<\/div>\n\t\t\t\t\t<\/div>\n\t\t<\/div>\n\t\t\t\t\t<\/div>\n\t\t<\/section>\n\t\t\t\t<section class=\"elementor-section elementor-top-section elementor-element elementor-element-c46d0f3 elementor-section-boxed elementor-section-height-default elementor-section-height-default\" data-id=\"c46d0f3\" data-element_type=\"section\">\n\t\t\t\t\t\t<div class=\"elementor-container elementor-column-gap-default\">\n\t\t\t\t\t<div class=\"elementor-column elementor-col-100 elementor-top-column elementor-element elementor-element-1960b3c\" data-id=\"1960b3c\" data-element_type=\"column\">\n\t\t\t<div class=\"elementor-widget-wrap elementor-element-populated\">\n\t\t\t\t\t\t<div class=\"elementor-element elementor-element-ad34fc5 elementor-widget elementor-widget-text-editor\" data-id=\"ad34fc5\" data-element_type=\"widget\" data-widget_type=\"text-editor.default\">\n\t\t\t\t<div class=\"elementor-widget-container\">\n\t\t\t\t\t\t\t<p data-testid=\"OkMVz1SuVh\"><span style=\"font-family:Roboto, Helvetica, Arial, sans-serif;font-size:13px;\">Depuis 2020 ce sont <strong>plus de quatre-vingt concerts et spectacles<\/strong> qui ont pu avoir lieu dans des lieux insolites, en plein air, dans les quartiers, dans des \u00e9v\u00e9nements priv\u00e9s au c\u0153ur des institutions, dans des festivals, dans les jardins d\u2019Ile-de-France, pour aller <strong>toucher toujours plus de public<\/strong>.<\/span><\/p>\n<p data-testid=\"OkMVz1SuVh\"><span style=\"font-family: Roboto, Helvetica, Arial, sans-serif; font-size: 13px;\">Pens\u00e9 au d\u00e9part pour la p\u00e9riode estivale, le catalogue du Collectif en tourn\u00e9e est dor\u00e9navant pl\u00e9biscit\u00e9 <\/span><strong style=\"font-family: Roboto, Helvetica, Arial, sans-serif; font-size: 13px;\">tout au long de l\u2019ann\u00e9e<\/strong><span style=\"font-family: Roboto, Helvetica, Arial, sans-serif; font-size: 13px;\">.<\/span><\/p>\n<p data-testid=\"OkMVz1SuVh\"><span style=\"font-family: Roboto, Helvetica, Arial, sans-serif; font-size: 13px;\">Le concept est clair : proposer <\/span><strong style=\"font-family: Roboto, Helvetica, Arial, sans-serif; font-size: 13px;\">un outil simple <\/strong><span style=\"font-family: Roboto, Helvetica, Arial, sans-serif; font-size: 13px;\">pour rappeler l\u2019effervescence des <\/span><strong style=\"font-family: Roboto, Helvetica, Arial, sans-serif; font-size: 13px;\">projets<\/strong><span style=\"font-family: Roboto, Helvetica, Arial, sans-serif; font-size: 13px;\"> pr\u00e9sents sur <\/span><strong style=\"font-family: Roboto, Helvetica, Arial, sans-serif; font-size: 13px;\">notre territoire<\/strong><span style=\"font-family: Roboto, Helvetica, Arial, sans-serif; font-size: 13px;\">, en local. <\/span><strong style=\"font-family: Roboto, Helvetica, Arial, sans-serif; font-size: 13px;\">Une grille tarifaire standardis\u00e9e<\/strong><span style=\"font-family: Roboto, Helvetica, Arial, sans-serif; font-size: 13px;\"> permet une diffusion <\/span><strong style=\"font-family: Roboto, Helvetica, Arial, sans-serif; font-size: 13px;\">plus simple<\/strong><span style=\"font-family: Roboto, Helvetica, Arial, sans-serif; font-size: 13px;\"> et donc <\/span><strong style=\"font-family: Roboto, Helvetica, Arial, sans-serif; font-size: 13px;\">plus large<\/strong><span style=\"font-family: Roboto, Helvetica, Arial, sans-serif; font-size: 13px;\"> du catalogue. En 2022, <\/span><strong style=\"font-family: Roboto, Helvetica, Arial, sans-serif; font-size: 13px;\">les cachets sont augment\u00e9s de 10%<\/strong><span style=\"font-family: Roboto, Helvetica, Arial, sans-serif; font-size: 13px;\">, et 20% du co\u00fbt total employeur est attribu\u00e9 \u00e0 la production qui embauche les artistes.<\/span><\/p>\n<p data-testid=\"OkMVz1SuVh\"><strong style=\"font-family: Roboto, Helvetica, Arial, sans-serif; font-size: 13px;\">En 2023<\/strong><span style=\"font-family: Roboto, Helvetica, Arial, sans-serif; font-size: 13px;\">, pour aller toucher un public plus large sur l\u2019ensemble du territoire francilien, le Collectif va travailler sur <\/span><strong style=\"font-family: Roboto, Helvetica, Arial, sans-serif; font-size: 13px;\">une diffusion sp\u00e9cifique<\/strong><span style=\"font-family: Roboto, Helvetica, Arial, sans-serif; font-size: 13px;\"> vers les organisateurs occasionnels, en demande d\u2019artistes locaux, en compl\u00e9ment des demandes des programmateurs.<\/span><\/p>\n<p data-testid=\"OkMVz1SuVh\">&nbsp;<span style=\"font-family: Roboto, Helvetica, Arial, sans-serif; font-size: 13px;\">Pour <\/span><strong style=\"font-family: Roboto, Helvetica, Arial, sans-serif; font-size: 13px;\">pr\u00e9server la vitalit\u00e9<\/strong><span style=\"font-family: Roboto, Helvetica, Arial, sans-serif; font-size: 13px;\"> des musiques et danses du monde en Ile-de-France et <\/span><strong style=\"font-family: Roboto, Helvetica, Arial, sans-serif; font-size: 13px;\">faire conna\u00eetre votre projet<\/strong><span style=\"font-family: Roboto, Helvetica, Arial, sans-serif; font-size: 13px;\">, participez !<\/span><\/p>\t\t\t\t\t\t<\/div>\n\t\t\t\t<\/div>\n\t\t\t\t\t<\/div>\n\t\t<\/div>\n\t\t\t\t\t<\/div>\n\t\t<\/section>\n\t\t\t\t<section class=\"elementor-section elementor-top-section elementor-element elementor-element-a6c2c3b elementor-section-boxed elementor-section-height-default elementor-section-height-default\" data-id=\"a6c2c3b\" data-element_type=\"section\">\n\t\t\t\t\t\t<div class=\"elementor-container elementor-column-gap-default\">\n\t\t\t\t\t<div class=\"elementor-column elementor-col-50 elementor-top-column elementor-element elementor-element-89160b3\" data-id=\"89160b3\" data-element_type=\"column\">\n\t\t\t<div class=\"elementor-widget-wrap elementor-element-populated\">\n\t\t\t\t\t\t<div class=\"elementor-element elementor-element-80bb3e4 elementor-widget elementor-widget-heading\" data-id=\"80bb3e4\" data-element_type=\"widget\" data-widget_type=\"heading.default\">\n\t\t\t\t<div class=\"elementor-widget-container\">\n\t\t\t<h1 class=\"elementor-heading-title elementor-size-default\"><br><br><br><br>POUR \u00caTRE PR\u00c9SENT SUR LE CATALOGUE<br><br><br><br><br><\/h1>\t\t<\/div>\n\t\t\t\t<\/div>\n\t\t\t\t\t<\/div>\n\t\t<\/div>\n\t\t\t\t<div class=\"elementor-column elementor-col-50 elementor-top-column elementor-element elementor-element-236a4c1\" data-id=\"236a4c1\" data-element_type=\"column\">\n\t\t\t<div class=\"elementor-widget-wrap elementor-element-populated\">\n\t\t\t\t\t\t<div class=\"elementor-element elementor-element-8ce6b35 elementor-widget elementor-widget-text-editor\" data-id=\"8ce6b35\" data-element_type=\"widget\" data-widget_type=\"text-editor.default\">\n\t\t\t\t<div class=\"elementor-widget-container\">\n\t\t\t\t\t\t\t<p><span style=\"font-family: Roboto, Helvetica, Arial, sans-serif; font-size: 13px;\">\u2022 <\/span><a style=\"color: inherit;\" href=\"https:\/\/bit.ly\/3Y8sCJU\" target=\"_blank\" rel=\"noopener\"><span style=\"background-color: transparent; color: #000000; font-family: Roboto, Helvetica, Arial, sans-serif; font-size: 13px;\"><strong><u>Remplir le formulaire<\/u><\/strong><\/span><\/a><span style=\"font-family: Roboto, Helvetica, Arial, sans-serif; font-size: 13px;\"> pour pr\u00e9senter le projet, les contacts, les photos et liens vid\u00e9o.<\/span><br \/><span style=\"font-family: Roboto, Helvetica, Arial, sans-serif; font-size: 13px;\">\u2022 <\/span><span style=\"background-color: transparent; color: #000000; font-family: Roboto, Helvetica, Arial, sans-serif; font-size: 13px;\"><strong>Lire et adh\u00e9rer<\/strong><\/span> <span style=\"font-family: Roboto, Helvetica, Arial, sans-serif; font-size: 13px;\">\u00e0 la charte du Collectif.<\/span><br \/><span style=\"font-family: Roboto, Helvetica, Arial, sans-serif; font-size: 13px;\">\u2022 <\/span><span style=\"background-color: transparent; color: #000000; font-family: Roboto, Helvetica, Arial, sans-serif; font-size: 13px;\"><strong>\u00catre \u00e0 jour de son adh\u00e9sion<\/strong><\/span><span style=\"font-family: Roboto, Helvetica, Arial, sans-serif; font-size: 13px;\"> au Collectif en 2023.<\/span><br \/><span style=\"font-family: Roboto, Helvetica, Arial, sans-serif; font-size: 13px;\">\u2022 Esth\u00e9tiques retenues : <\/span><span style=\"background-color: transparent; color: #000000; font-family: Roboto, Helvetica, Arial, sans-serif; font-size: 13px;\"><strong>musiques et danses du monde<\/strong><\/span><span style=\"font-family: Roboto, Helvetica, Arial, sans-serif; font-size: 13px;\">.<\/span><br \/><span style=\"font-family: Roboto, Helvetica, Arial, sans-serif; font-size: 13px;\">\u2022 Les artistes doivent \u00eatre <\/span><span style=\"background-color: transparent; color: #000000; font-family: Roboto, Helvetica, Arial, sans-serif; font-size: 13px;\"><strong>r\u00e9sidents en Ile-de-France<\/strong><\/span><span style=\"font-family: Roboto, Helvetica, Arial, sans-serif; font-size: 13px;\">.<\/span><br \/><span style=\"font-family: Roboto, Helvetica, Arial, sans-serif; font-size: 13px;\">\u2022\u00a0<\/span><span style=\"font-style: normal; font-variant-ligatures: normal; font-variant-caps: normal; font-weight: 400; font-family: Roboto, Helvetica, Arial, sans-serif; font-size: 13px;\">Il n\u2019y a<\/span><span style=\"font-size: 16px; font-style: normal; font-variant-ligatures: normal; font-variant-caps: normal; font-weight: 400; font-family: Lato, sans-serif;\">\u00a0<\/span><span style=\"font-style: normal; font-variant-ligatures: normal; font-variant-caps: normal; font-weight: 400; background-color: transparent; font-family: Roboto, Helvetica, Arial, sans-serif; font-size: 13px;\"><strong style=\"font-size: 13px;\">pas de limite d\u2019artistes<\/strong><\/span><span style=\"font-style: normal; font-variant-ligatures: normal; font-variant-caps: normal; font-weight: 400; font-family: Roboto, Helvetica, Arial, sans-serif; font-size: 13px;\">\u00a0dans les formules pr\u00e9sent\u00e9es,\u00a0<\/span><span style=\"font-style: normal; font-variant-ligatures: normal; font-variant-caps: normal; font-weight: 400; background-color: transparent; font-family: Roboto, Helvetica, Arial, sans-serif; font-size: 13px;\"><strong style=\"font-size: 13px;\">mais au-del\u00e0<\/strong><\/span><span style=\"font-style: normal; font-variant-ligatures: normal; font-variant-caps: normal; font-weight: 400; font-family: Roboto, Helvetica, Arial, sans-serif; font-size: 13px;\">\u00a0de 4 artistes, les groupes sont\u00a0<\/span><span style=\"font-style: normal; font-variant-ligatures: normal; font-variant-caps: normal; font-weight: 400; background-color: transparent; font-family: Roboto, Helvetica, Arial, sans-serif; font-size: 13px;\"><strong style=\"font-size: 13px;\">rarement retenus<\/strong><\/span><span style=\"font-style: normal; font-variant-ligatures: normal; font-variant-caps: normal; font-weight: 400; font-family: Roboto, Helvetica, Arial, sans-serif;\"><span style=\"font-size: 13px;\">\u00a0par les organisateurs (sauf fanfare et d\u00e9ambulation).<br \/><\/span><\/span><span style=\"font-family: Roboto, Helvetica, Arial, sans-serif; font-size: 15px;\">\u2022 INITIALEMENT PR\u00c9VUE LE MARDI 03 JANVIER, <strong>LA\u00a0<\/strong><\/span><strong>CL\u00d4TURE<\/strong><span style=\"font-family: Roboto, Helvetica, Arial, sans-serif; font-size: 15px;\"><strong> DE L&#8217;APPEL EST REPOUSS\u00c9E AU<\/strong>\u00a0<\/span><strong style=\"font-family: Roboto, Helvetica, Arial, sans-serif; font-size: 15px;\">LUNDI 09 JANVIER \u00c0 MIDI\u00a0<\/strong><span style=\"font-family: Roboto, Helvetica, Arial, sans-serif; font-size: 15px;\">(R\u00c9PONSE SOUHAIT\u00c9E LE PLUS T\u00d4T POSSIBLE)<\/span><span style=\"font-family: Roboto, Helvetica, Arial, sans-serif; font-size: 13px;\">.<\/span><\/p>\t\t\t\t\t\t<\/div>\n\t\t\t\t<\/div>\n\t\t\t\t\t<\/div>\n\t\t<\/div>\n\t\t\t\t\t<\/div>\n\t\t<\/section>\n\t\t\t\t<section class=\"elementor-section elementor-top-section elementor-element elementor-element-4299b01 elementor-section-boxed elementor-section-height-default elementor-section-height-default\" data-id=\"4299b01\" data-element_type=\"section\">\n\t\t\t\t\t\t<div class=\"elementor-container elementor-column-gap-default\">\n\t\t\t\t\t<div class=\"elementor-column elementor-col-50 elementor-top-column elementor-element elementor-element-b385aa6\" data-id=\"b385aa6\" data-element_type=\"column\">\n\t\t\t<div class=\"elementor-widget-wrap elementor-element-populated\">\n\t\t\t\t\t\t<div class=\"elementor-element elementor-element-635b2b8 elementor-widget elementor-widget-text-editor\" data-id=\"635b2b8\" data-element_type=\"widget\" data-widget_type=\"text-editor.default\">\n\t\t\t\t<div class=\"elementor-widget-container\">\n\t\t\t\t\t\t\t<p class=\"text-build-content\" data-testid=\"1hfpI0b4GW\"><span style=\"font-family: Roboto, Helvetica, Arial, sans-serif; font-size: 13px;\">Dans<\/span><span style=\"color: #6d6d6d; font-family: Roboto, Helvetica, Arial, sans-serif; font-size: 13px;\"> <strong>un souci d\u2019\u00e9quit\u00e9 et d\u2019efficacit\u00e9<\/strong><\/span><span style=\"font-family: Roboto, Helvetica, Arial, sans-serif; font-size: 13px;\"> de diffusion, <\/span><span style=\"color: #6d6d6d; font-family: Roboto, Helvetica, Arial, sans-serif; font-size: 13px;\"><strong>toutes les prestations<\/strong><\/span><span style=\"font-family: Roboto, Helvetica, Arial, sans-serif; font-size: 13px;\"> figurant au catalogue de l\u2019op\u00e9ration CET#4 seront propos\u00e9es <\/span><span style=\"color: #6d6d6d; font-family: Roboto, Helvetica, Arial, sans-serif; font-size: 13px;\"><strong>au tarif suivant<\/strong><\/span><span style=\"font-family: Roboto, Helvetica, Arial, sans-serif; font-size: 13px;\"> (augment\u00e9 de 10% par rapport \u00e0 2022) :<\/span><\/p><p class=\"text-build-content\" data-testid=\"1hfpI0b4GW\"><span style=\"font-family: Roboto, Helvetica, Arial, sans-serif; font-size: 13px;\">\u2022 <\/span><span style=\"color: #6d6d6d; font-family: Roboto, Helvetica, Arial, sans-serif; font-size: 13px;\"><strong>Cachet de 385\u20ac TCC<\/strong><\/span><span style=\"font-family: Roboto, Helvetica, Arial, sans-serif; font-size: 13px;\"> par artiste (co\u00fbt employeur).<\/span><br \/><span style=\"font-family: Roboto, Helvetica, Arial, sans-serif; font-size: 13px;\">\u2022 <\/span><span style=\"color: #6d6d6d; font-family: Roboto, Helvetica, Arial, sans-serif; font-size: 13px;\"><strong>Un pourcentage attribu\u00e9 \u00e0 la production<\/strong> <\/span><span style=\"font-family: Roboto, Helvetica, Arial, sans-serif; font-size: 13px;\">qui r\u00e9mun\u00e8re les artistes.<\/span><\/p><p class=\"text-build-content\" data-testid=\"1hfpI0b4GW\"><span style=\"font-family: Roboto, Helvetica, Arial, sans-serif; font-size: 13px;\">Deux cas de figure :<\/span><\/p><p class=\"text-build-content\" data-testid=\"1hfpI0b4GW\"><span style=\"font-family: Roboto, Helvetica, Arial, sans-serif; font-size: 13px;\">1)<\/span><span style=\"color: #6d6d6d; font-family: Roboto, Helvetica, Arial, sans-serif; font-size: 13px;\"> <strong>Les artistes ont une structure qui peut les engager<\/strong><\/span><span style=\"font-family: Roboto, Helvetica, Arial, sans-serif; font-size: 13px;\"> : 20% de frais de production seront ajout\u00e9s au total TTC des cachets sur la facture du contrat de cession entre la structure et le commanditaire.<\/span><\/p><p class=\"text-build-content\" data-testid=\"1hfpI0b4GW\"><span style=\"font-family: Roboto, Helvetica, Arial, sans-serif; font-size: 13px;\">2) <\/span><span style=\"color: #6d6d6d; font-family: Roboto, Helvetica, Arial, sans-serif; font-size: 13px;\"><strong>Les artistes n\u2019ont pas de structure pour les engager<\/strong><\/span><span style=\"font-family: Roboto, Helvetica, Arial, sans-serif; font-size: 13px;\"> : le Collectif MDM IdF peut assurer l\u2019engagement direct des artistes aux tarifs indiqu\u00e9s ci-dessus.<\/span><\/p><p class=\"text-build-content\" data-testid=\"1hfpI0b4GW\">\u00a0<\/p><p class=\"text-build-content\" data-testid=\"1hfpI0b4GW\"><span style=\"color: #6d6d6d; font-family: Roboto, Helvetica, Arial, sans-serif; font-size: 13px;\"><strong>Les frais de d\u00e9placement ne sont pas compris<\/strong><\/span><span style=\"font-family: Roboto, Helvetica, Arial, sans-serif; font-size: 13px;\"> dans le cachet. La prise en charge \u00e9ventuelle <\/span><span style=\"color: #6d6d6d; font-family: Roboto, Helvetica, Arial, sans-serif; font-size: 13px;\"><strong>d\u00e9pend de chaque organisateur<\/strong>.<\/span><\/p><p class=\"text-build-content\" data-testid=\"1hfpI0b4GW\">\u00a0<\/p>\t\t\t\t\t\t<\/div>\n\t\t\t\t<\/div>\n\t\t\t\t\t<\/div>\n\t\t<\/div>\n\t\t\t\t<div class=\"elementor-column elementor-col-50 elementor-top-column elementor-element elementor-element-af41deb\" data-id=\"af41deb\" data-element_type=\"column\">\n\t\t\t<div class=\"elementor-widget-wrap elementor-element-populated\">\n\t\t\t\t\t\t<div class=\"elementor-element elementor-element-a5713c4 elementor-widget elementor-widget-heading\" data-id=\"a5713c4\" data-element_type=\"widget\" data-widget_type=\"heading.default\">\n\t\t\t\t<div class=\"elementor-widget-container\">\n\t\t\t<h1 class=\"elementor-heading-title elementor-size-default\"><br><br><br><br><br><br><br><br>CONDITIONS FINANCI\u00c8RES<br><br><br><br><br><br><br><br><br><br><\/h1>\t\t<\/div>\n\t\t\t\t<\/div>\n\t\t\t\t\t<\/div>\n\t\t<\/div>\n\t\t\t\t\t<\/div>\n\t\t<\/section>\n\t\t\t\t<section class=\"elementor-section elementor-top-section elementor-element elementor-element-0f2b028 elementor-section-boxed elementor-section-height-default elementor-section-height-default\" data-id=\"0f2b028\" data-element_type=\"section\">\n\t\t\t\t\t\t<div class=\"elementor-container elementor-column-gap-default\">\n\t\t\t\t\t<div class=\"elementor-column elementor-col-50 elementor-top-column elementor-element elementor-element-a821699\" data-id=\"a821699\" data-element_type=\"column\">\n\t\t\t<div class=\"elementor-widget-wrap elementor-element-populated\">\n\t\t\t\t\t\t<div class=\"elementor-element elementor-element-21bd271 elementor-align-center elementor-widget elementor-widget-button\" data-id=\"21bd271\" data-element_type=\"widget\" data-widget_type=\"button.default\">\n\t\t\t\t<div class=\"elementor-widget-container\">\n\t\t\t\t\t\t\t<div class=\"elementor-button-wrapper\">\n\t\t\t\t\t<a class=\"elementor-button elementor-button-link elementor-size-md\" href=\"https:\/\/docs.google.com\/forms\/d\/1pz5dLWsx5WOTWAKgQmoUjn9_Zj8LwULuHZxrY1XWu7M\/edit\" target=\"_blank\">\n\t\t\t\t\t\t<span class=\"elementor-button-content-wrapper\">\n\t\t\t\t\t\t\t\t\t<span class=\"elementor-button-text\">REMPLIR LE FORMULAIRE<\/span>\n\t\t\t\t\t<\/span>\n\t\t\t\t\t<\/a>\n\t\t\t\t<\/div>\n\t\t\t\t\t\t<\/div>\n\t\t\t\t<\/div>\n\t\t\t\t\t<\/div>\n\t\t<\/div>\n\t\t\t\t<div class=\"elementor-column elementor-col-50 elementor-top-column elementor-element elementor-element-0aeca35\" data-id=\"0aeca35\" data-element_type=\"column\">\n\t\t\t<div class=\"elementor-widget-wrap elementor-element-populated\">\n\t\t\t\t\t\t<div class=\"elementor-element elementor-element-45827b8 elementor-align-center elementor-widget elementor-widget-button\" data-id=\"45827b8\" data-element_type=\"widget\" data-widget_type=\"button.default\">\n\t\t\t\t<div class=\"elementor-widget-container\">\n\t\t\t\t\t\t\t<div class=\"elementor-button-wrapper\">\n\t\t\t\t\t<a class=\"elementor-button elementor-button-link elementor-size-md\" href=\"https:\/\/www.helloasso.com\/associations\/collectif-musiques-et-danses-du-monde-en-ile-de-france\/adhesions\/adhesion-2023?_ga=2.57402926.500364619.1670341912-655725918.1654684979\" target=\"_blank\">\n\t\t\t\t\t\t<span class=\"elementor-button-content-wrapper\">\n\t\t\t\t\t\t\t\t\t<span class=\"elementor-button-text\">ADH\u00c9RER<\/span>\n\t\t\t\t\t<\/span>\n\t\t\t\t\t<\/a>\n\t\t\t\t<\/div>\n\t\t\t\t\t\t<\/div>\n\t\t\t\t<\/div>\n\t\t\t\t\t<\/div>\n\t\t<\/div>\n\t\t\t\t\t<\/div>\n\t\t<\/section>\n\t\t\t\t<\/div>\n\t\t","protected":false},"excerpt":{"rendered":"<p>Depuis 2020, notre Collectif a mis en place un outil pr\u00e9cieux : un catalogue de projets franciliens, pour faire vivre la musique avec des artistes de proximit\u00e9. Depuis 2020 ce sont plus de quatre-vingt concerts et spectacles qui ont pu avoir lieu<\/p>\n<p class=\"link-more\"><a class=\"myButt \" href=\"https:\/\/collectifmdm-idf.org\/annuaire5\/collectif-en-tournee4-appel-a-participation\/\">EN SAVOIR +<\/a><\/p>\n","protected":false},"author":1,"featured_media":6434,"comment_status":"open","ping_status":"open","sticky":false,"template":"","format":"standard","meta":{"_rtcl_gb_attr":"","footnotes":""},"categories":[37,7,1,68],"tags":[],"class_list":["post-6433","post","type-post","status-publish","format-standard","has-post-thumbnail","hentry","category-appel-a-candidatures","category-concert","category-non-classe","category-spectacles"],"_links":{"self":[{"href":"https:\/\/collectifmdm-idf.org\/annuaire5\/wp-json\/wp\/v2\/posts\/6433","targetHints":{"allow":["GET"]}}],"collection":[{"href":"https:\/\/collectifmdm-idf.org\/annuaire5\/wp-json\/wp\/v2\/posts"}],"about":[{"href":"https:\/\/collectifmdm-idf.org\/annuaire5\/wp-json\/wp\/v2\/types\/post"}],"author":[{"embeddable":true,"href":"https:\/\/collectifmdm-idf.org\/annuaire5\/wp-json\/wp\/v2\/users\/1"}],"replies":[{"embeddable":true,"href":"https:\/\/collectifmdm-idf.org\/annuaire5\/wp-json\/wp\/v2\/comments?post=6433"}],"version-history":[{"count":0,"href":"https:\/\/collectifmdm-idf.org\/annuaire5\/wp-json\/wp\/v2\/posts\/6433\/revisions"}],"wp:featuredmedia":[{"embeddable":true,"href":"https:\/\/collectifmdm-idf.org\/annuaire5\/wp-json\/wp\/v2\/media\/6434"}],"wp:attachment":[{"href":"https:\/\/collectifmdm-idf.org\/annuaire5\/wp-json\/wp\/v2\/media?parent=6433"}],"wp:term":[{"taxonomy":"category","embeddable":true,"href":"https:\/\/collectifmdm-idf.org\/annuaire5\/wp-json\/wp\/v2\/categories?post=6433"},{"taxonomy":"post_tag","embeddable":true,"href":"https:\/\/collectifmdm-idf.org\/annuaire5\/wp-json\/wp\/v2\/tags?post=6433"}],"curies":[{"name":"wp","href":"https:\/\/api.w.org\/{rel}","templated":true}]}}