{"id":6374,"date":"2022-11-29T17:56:35","date_gmt":"2022-11-29T16:56:35","guid":{"rendered":"https:\/\/collectifmdm-idf.org\/?p=6374"},"modified":"2022-11-29T18:01:13","modified_gmt":"2022-11-29T17:01:13","slug":"les-laureat-e-s-de-la-6e-edition-du-prix-des-musiques-dici","status":"publish","type":"post","link":"https:\/\/collectifmdm-idf.org\/annuaire5\/les-laureat-e-s-de-la-6e-edition-du-prix-des-musiques-dici\/","title":{"rendered":"Les laur\u00e9at.e.s de la 6e \u00e9dition du Prix des Musiques d&#8217;ICI !"},"content":{"rendered":"<p style=\"text-align: center;\"><strong>Le Collectif MDM IdF est partenaire du Prix des Musiques d&#8217;ICI.<\/strong><\/p>\n<p style=\"text-align: center;\"><img decoding=\"async\" class=\"emoji\" draggable=\"false\" src=\"https:\/\/s.w.org\/images\/core\/emoji\/11\/svg\/1f3c6.svg\" alt=\"\ud83c\udfc6\" \/>\u00a0Les laur\u00e9ats de l\u2019\u00e9dition 2022 du Prix des Musiques d\u2019ICI sont\u2026<img decoding=\"async\" class=\"emoji\" draggable=\"false\" src=\"https:\/\/s.w.org\/images\/core\/emoji\/11\/svg\/1f941.svg\" alt=\"\ud83e\udd41\" \/>\u2026<br \/>\n<img decoding=\"async\" class=\"emoji\" draggable=\"false\" src=\"https:\/\/s.w.org\/images\/core\/emoji\/11\/svg\/2b50.svg\" alt=\"\u2b50\ufe0f\" \/><img decoding=\"async\" class=\"emoji\" draggable=\"false\" src=\"https:\/\/s.w.org\/images\/core\/emoji\/11\/svg\/2b50.svg\" alt=\"\u2b50\ufe0f\" \/><img decoding=\"async\" class=\"emoji\" style=\"background-color: #ffffff; background-image: none !important;\" draggable=\"false\" src=\"https:\/\/s.w.org\/images\/core\/emoji\/11\/svg\/2b50.svg\" alt=\"\u2b50\ufe0f\" \/>\u00a0<strong><a href=\"http:\/\/prixdesmusiquesdici.com\/site\/?page_id=1868\" target=\"_blank\" rel=\"noopener\">Oua-Anou Diarra<\/a><\/strong>\u00a0|\u00a0<strong><a href=\"http:\/\/prixdesmusiquesdici.com\/site\/?page_id=1852\" target=\"_blank\" rel=\"noopener\">Pamela Badjogo<\/a><\/strong>\u00a0|\u00a0<strong><a href=\"http:\/\/prixdesmusiquesdici.com\/site\/?page_id=1828\" target=\"_blank\" rel=\"noopener\">Zar Electrik<\/a><\/strong>\u00a0<img decoding=\"async\" class=\"emoji\" draggable=\"false\" src=\"https:\/\/s.w.org\/images\/core\/emoji\/11\/svg\/2b50.svg\" alt=\"\u2b50\ufe0f\" \/><img decoding=\"async\" class=\"emoji\" draggable=\"false\" src=\"https:\/\/s.w.org\/images\/core\/emoji\/11\/svg\/2b50.svg\" alt=\"\u2b50\ufe0f\" \/><img decoding=\"async\" class=\"emoji\" draggable=\"false\" src=\"https:\/\/s.w.org\/images\/core\/emoji\/11\/svg\/2b50.svg\" alt=\"\u2b50\ufe0f\" \/><\/p>\n<p style=\"text-align: center;\">F\u00e9licitations et merci aux laur\u00e9at.e.s, mais aussi \u00e0 nos excellent.e.s finalistes<br \/>\n<img decoding=\"async\" class=\"emoji\" draggable=\"false\" src=\"https:\/\/s.w.org\/images\/core\/emoji\/11\/svg\/1f44f.svg\" alt=\"\ud83d\udc4f\" \/><img decoding=\"async\" class=\"emoji\" draggable=\"false\" src=\"https:\/\/s.w.org\/images\/core\/emoji\/11\/svg\/1f44f.svg\" alt=\"\ud83d\udc4f\" \/><img decoding=\"async\" class=\"emoji\" draggable=\"false\" src=\"https:\/\/s.w.org\/images\/core\/emoji\/11\/svg\/1f44f.svg\" alt=\"\ud83d\udc4f\" \/>\u00a0<strong><a href=\"http:\/\/prixdesmusiquesdici.com\/site\/?page_id=1880\" target=\"_blank\" rel=\"noopener\">Eliasse<\/a><\/strong>\u00a0|\u00a0<strong><a href=\"http:\/\/prixdesmusiquesdici.com\/site\/?page_id=1858\" target=\"_blank\" rel=\"noopener\">Luna Silva Music<\/a><\/strong>\u00a0|\u00a0<strong><a href=\"http:\/\/prixdesmusiquesdici.com\/site\/?page_id=1873\" target=\"_blank\" rel=\"noopener\">MARCELA<\/a><\/strong>\u00a0\u00a0<img decoding=\"async\" class=\"emoji\" draggable=\"false\" src=\"https:\/\/s.w.org\/images\/core\/emoji\/11\/svg\/1f44f.svg\" alt=\"\ud83d\udc4f\" \/><img decoding=\"async\" class=\"emoji\" draggable=\"false\" src=\"https:\/\/s.w.org\/images\/core\/emoji\/11\/svg\/1f44f.svg\" alt=\"\ud83d\udc4f\" \/><img decoding=\"async\" class=\"emoji\" draggable=\"false\" src=\"https:\/\/s.w.org\/images\/core\/emoji\/11\/svg\/1f44f.svg\" alt=\"\ud83d\udc4f\" \/><\/p>\n<p style=\"text-align: center;\"><img decoding=\"async\" class=\"emoji\" draggable=\"false\" src=\"https:\/\/s.w.org\/images\/core\/emoji\/11\/svg\/1f64f.svg\" alt=\"\ud83d\ude4f\" \/>\u00a0Merci \u00e9galement \u00e0 tous.tes les participant.e.s !<\/p>\n<p style=\"text-align: center;\"><img decoding=\"async\" class=\"emoji\" draggable=\"false\" src=\"https:\/\/s.w.org\/images\/core\/emoji\/11\/svg\/1f44d.svg\" alt=\"\ud83d\udc4d\" \/> Merci \u00e0 tous les membres du jury et \u00e0 tous nos partenaires !<\/p>\n","protected":false},"excerpt":{"rendered":"<p>Le Collectif MDM IdF est partenaire du Prix des Musiques d&#8217;ICI. \u00a0Les laur\u00e9ats de l\u2019\u00e9dition 2022 du Prix des Musiques d\u2019ICI sont\u2026\u2026 \u00a0Oua-Anou Diarra\u00a0|\u00a0Pamela Badjogo\u00a0|\u00a0Zar Electrik\u00a0 F\u00e9licitations et merci aux laur\u00e9at.e.s, mais aussi \u00e0 nos excellent.e.s finalistes \u00a0Eliasse\u00a0|\u00a0Luna Silva Music\u00a0|\u00a0MARCELA\u00a0\u00a0 \u00a0Merci \u00e9galement<\/p>\n<p class=\"link-more\"><a class=\"myButt \" href=\"https:\/\/collectifmdm-idf.org\/annuaire5\/les-laureat-e-s-de-la-6e-edition-du-prix-des-musiques-dici\/\">EN SAVOIR +<\/a><\/p>\n","protected":false},"author":1,"featured_media":6372,"comment_status":"open","ping_status":"open","sticky":false,"template":"","format":"standard","meta":{"_rtcl_gb_attr":"","footnotes":""},"categories":[15,12],"tags":[],"class_list":["post-6374","post","type-post","status-publish","format-standard","has-post-thumbnail","hentry","category-evenement","category-concours"],"_links":{"self":[{"href":"https:\/\/collectifmdm-idf.org\/annuaire5\/wp-json\/wp\/v2\/posts\/6374","targetHints":{"allow":["GET"]}}],"collection":[{"href":"https:\/\/collectifmdm-idf.org\/annuaire5\/wp-json\/wp\/v2\/posts"}],"about":[{"href":"https:\/\/collectifmdm-idf.org\/annuaire5\/wp-json\/wp\/v2\/types\/post"}],"author":[{"embeddable":true,"href":"https:\/\/collectifmdm-idf.org\/annuaire5\/wp-json\/wp\/v2\/users\/1"}],"replies":[{"embeddable":true,"href":"https:\/\/collectifmdm-idf.org\/annuaire5\/wp-json\/wp\/v2\/comments?post=6374"}],"version-history":[{"count":0,"href":"https:\/\/collectifmdm-idf.org\/annuaire5\/wp-json\/wp\/v2\/posts\/6374\/revisions"}],"wp:featuredmedia":[{"embeddable":true,"href":"https:\/\/collectifmdm-idf.org\/annuaire5\/wp-json\/wp\/v2\/media\/6372"}],"wp:attachment":[{"href":"https:\/\/collectifmdm-idf.org\/annuaire5\/wp-json\/wp\/v2\/media?parent=6374"}],"wp:term":[{"taxonomy":"category","embeddable":true,"href":"https:\/\/collectifmdm-idf.org\/annuaire5\/wp-json\/wp\/v2\/categories?post=6374"},{"taxonomy":"post_tag","embeddable":true,"href":"https:\/\/collectifmdm-idf.org\/annuaire5\/wp-json\/wp\/v2\/tags?post=6374"}],"curies":[{"name":"wp","href":"https:\/\/api.w.org\/{rel}","templated":true}]}}