{"id":6317,"date":"2022-11-03T10:55:43","date_gmt":"2022-11-03T09:55:43","guid":{"rendered":"https:\/\/collectifmdm-idf.org\/?p=6317"},"modified":"2023-01-30T17:32:25","modified_gmt":"2023-01-30T16:32:25","slug":"le-collectif-au-salon-la-jimi-%f0%9f%93%b8","status":"publish","type":"post","link":"https:\/\/collectifmdm-idf.org\/annuaire5\/le-collectif-au-salon-la-jimi-%f0%9f%93%b8\/","title":{"rendered":"Le Collectif au salon la JIMI ! \ud83d\udcf8"},"content":{"rendered":"\t\t<div data-elementor-type=\"wp-post\" data-elementor-id=\"6317\" class=\"elementor elementor-6317\">\n\t\t\t\t\t\t<section class=\"elementor-section elementor-top-section elementor-element elementor-element-fa54bd3 elementor-section-boxed elementor-section-height-default elementor-section-height-default\" data-id=\"fa54bd3\" data-element_type=\"section\">\n\t\t\t\t\t\t<div class=\"elementor-container elementor-column-gap-default\">\n\t\t\t\t\t<div class=\"elementor-column elementor-col-100 elementor-top-column elementor-element elementor-element-5456cb3\" data-id=\"5456cb3\" data-element_type=\"column\">\n\t\t\t<div class=\"elementor-widget-wrap elementor-element-populated\">\n\t\t\t\t\t\t<div class=\"elementor-element elementor-element-a46328c elementor-widget elementor-widget-image-gallery\" data-id=\"a46328c\" data-element_type=\"widget\" data-widget_type=\"image-gallery.default\">\n\t\t\t\t<div class=\"elementor-widget-container\">\n\t\t\t\t\t<div class=\"elementor-image-gallery\">\n\t\t\t<div id='gallery-1' class='gallery galleryid-6317 gallery-columns-4 gallery-size-thumbnail'><figure class='gallery-item'>\n\t\t\t<div class='gallery-icon portrait'>\n\t\t\t\t<a data-elementor-open-lightbox=\"yes\" data-elementor-lightbox-slideshow=\"a46328c\" data-elementor-lightbox-title=\"Helena R\u00e9calde \u00e0 la JIMI\" data-e-action-hash=\"#elementor-action%3Aaction%3Dlightbox%26settings%3DeyJpZCI6NjMyMCwidXJsIjoiaHR0cHM6XC9cL2NvbGxlY3RpZm1kbS1pZGYub3JnXC9hbm51YWlyZTVcL3dwLWNvbnRlbnRcL3VwbG9hZHNcLzIwMjJcLzExXC9XaGF0c0FwcC1JbWFnZS0yMDIyLTEwLTA4LWF0LTE4LjIwLjA2LTEuanBlZyIsInNsaWRlc2hvdyI6ImE0NjMyOGMifQ%3D%3D\" href='https:\/\/collectifmdm-idf.org\/annuaire5\/wp-content\/uploads\/2022\/11\/WhatsApp-Image-2022-10-08-at-18.20.06-1.jpeg' class=\"rl-gallery-link\" data-rl_caption=\"\" data-rel=\"lightbox-gallery-1\"><img decoding=\"async\" width=\"150\" height=\"150\" src=\"https:\/\/collectifmdm-idf.org\/annuaire5\/wp-content\/uploads\/2022\/11\/WhatsApp-Image-2022-10-08-at-18.20.06-1-150x150.jpeg\" class=\"attachment-thumbnail size-thumbnail\" alt=\"Helena R\u00e9calde \u00e0 la JIMI\" srcset=\"https:\/\/collectifmdm-idf.org\/annuaire5\/wp-content\/uploads\/2022\/11\/WhatsApp-Image-2022-10-08-at-18.20.06-1-150x150.jpeg 150w, https:\/\/collectifmdm-idf.org\/annuaire5\/wp-content\/uploads\/2022\/11\/WhatsApp-Image-2022-10-08-at-18.20.06-1-270x270.jpeg 270w, https:\/\/collectifmdm-idf.org\/annuaire5\/wp-content\/uploads\/2022\/11\/WhatsApp-Image-2022-10-08-at-18.20.06-1-230x230.jpeg 230w\" sizes=\"(max-width: 150px) 100vw, 150px\" title=\"\" data-rl_title=\"\" \/><\/a>\n\t\t\t<\/div><\/figure><figure class='gallery-item'>\n\t\t\t<div class='gallery-icon portrait'>\n\t\t\t\t<a data-elementor-open-lightbox=\"yes\" data-elementor-lightbox-slideshow=\"a46328c\" data-elementor-lightbox-title=\"Fran\u00e7ois Essindi, s&#039;est aussi d\u00e9plac\u00e9 \u00e0 la JIMI\" data-e-action-hash=\"#elementor-action%3Aaction%3Dlightbox%26settings%3DeyJpZCI6NjMyMiwidXJsIjoiaHR0cHM6XC9cL2NvbGxlY3RpZm1kbS1pZGYub3JnXC9hbm51YWlyZTVcL3dwLWNvbnRlbnRcL3VwbG9hZHNcLzIwMjJcLzExXC9XaGF0c0FwcC1JbWFnZS0yMDIyLTEwLTA4LWF0LTE4LjIwLjA2LmpwZWciLCJzbGlkZXNob3ciOiJhNDYzMjhjIn0%3D\" href='https:\/\/collectifmdm-idf.org\/annuaire5\/wp-content\/uploads\/2022\/11\/WhatsApp-Image-2022-10-08-at-18.20.06.jpeg' class=\"rl-gallery-link\" data-rl_caption=\"\" data-rel=\"lightbox-gallery-1\"><img decoding=\"async\" width=\"150\" height=\"150\" src=\"https:\/\/collectifmdm-idf.org\/annuaire5\/wp-content\/uploads\/2022\/11\/WhatsApp-Image-2022-10-08-at-18.20.06-150x150.jpeg\" class=\"attachment-thumbnail size-thumbnail\" alt=\"Fran\u00e7ois Essindi, s&#039;est aussi d\u00e9plac\u00e9 \u00e0 la JIMI\" srcset=\"https:\/\/collectifmdm-idf.org\/annuaire5\/wp-content\/uploads\/2022\/11\/WhatsApp-Image-2022-10-08-at-18.20.06-150x150.jpeg 150w, https:\/\/collectifmdm-idf.org\/annuaire5\/wp-content\/uploads\/2022\/11\/WhatsApp-Image-2022-10-08-at-18.20.06-270x270.jpeg 270w, https:\/\/collectifmdm-idf.org\/annuaire5\/wp-content\/uploads\/2022\/11\/WhatsApp-Image-2022-10-08-at-18.20.06-230x230.jpeg 230w\" sizes=\"(max-width: 150px) 100vw, 150px\" title=\"\" data-rl_title=\"\" \/><\/a>\n\t\t\t<\/div><\/figure><figure class='gallery-item'>\n\t\t\t<div class='gallery-icon landscape'>\n\t\t\t\t<a data-elementor-open-lightbox=\"yes\" data-elementor-lightbox-slideshow=\"a46328c\" data-elementor-lightbox-title=\"Charley Mougin de Zn Prod&#039; \u00e0 la JIMI\" data-e-action-hash=\"#elementor-action%3Aaction%3Dlightbox%26settings%3DeyJpZCI6NjMyMSwidXJsIjoiaHR0cHM6XC9cL2NvbGxlY3RpZm1kbS1pZGYub3JnXC9hbm51YWlyZTVcL3dwLWNvbnRlbnRcL3VwbG9hZHNcLzIwMjJcLzExXC9XaGF0c0FwcC1JbWFnZS0yMDIyLTEwLTA4LWF0LTE4LjIwLjA2LTIuanBlZyIsInNsaWRlc2hvdyI6ImE0NjMyOGMifQ%3D%3D\" href='https:\/\/collectifmdm-idf.org\/annuaire5\/wp-content\/uploads\/2022\/11\/WhatsApp-Image-2022-10-08-at-18.20.06-2.jpeg' class=\"rl-gallery-link\" data-rl_caption=\"\" data-rel=\"lightbox-gallery-1\"><img decoding=\"async\" width=\"150\" height=\"150\" src=\"https:\/\/collectifmdm-idf.org\/annuaire5\/wp-content\/uploads\/2022\/11\/WhatsApp-Image-2022-10-08-at-18.20.06-2-150x150.jpeg\" class=\"attachment-thumbnail size-thumbnail\" alt=\"Charley Mougin de Zn Prod&#039; \u00e0 la JIMI\" srcset=\"https:\/\/collectifmdm-idf.org\/annuaire5\/wp-content\/uploads\/2022\/11\/WhatsApp-Image-2022-10-08-at-18.20.06-2-150x150.jpeg 150w, https:\/\/collectifmdm-idf.org\/annuaire5\/wp-content\/uploads\/2022\/11\/WhatsApp-Image-2022-10-08-at-18.20.06-2-270x270.jpeg 270w, https:\/\/collectifmdm-idf.org\/annuaire5\/wp-content\/uploads\/2022\/11\/WhatsApp-Image-2022-10-08-at-18.20.06-2-230x230.jpeg 230w\" sizes=\"(max-width: 150px) 100vw, 150px\" title=\"\" data-rl_title=\"\" \/><\/a>\n\t\t\t<\/div><\/figure><figure class='gallery-item'>\n\t\t\t<div class='gallery-icon portrait'>\n\t\t\t\t<a data-elementor-open-lightbox=\"yes\" data-elementor-lightbox-slideshow=\"a46328c\" data-elementor-lightbox-title=\"L&#039;\u00e9quipe du Collectif pr\u00e9sente au salon.\" data-e-action-hash=\"#elementor-action%3Aaction%3Dlightbox%26settings%3DeyJpZCI6NjMxOSwidXJsIjoiaHR0cHM6XC9cL2NvbGxlY3RpZm1kbS1pZGYub3JnXC9hbm51YWlyZTVcL3dwLWNvbnRlbnRcL3VwbG9hZHNcLzIwMjJcLzExXC8zMTA3NjQ1MjRfNTM5NzYyMzgxNDg1NzE3XzEyOTg4MTI0MjQwNDIzNTM4NDhfbi5qcGciLCJzbGlkZXNob3ciOiJhNDYzMjhjIn0%3D\" href='https:\/\/collectifmdm-idf.org\/annuaire5\/wp-content\/uploads\/2022\/11\/310764524_539762381485717_1298812424042353848_n.jpg' class=\"rl-gallery-link\" data-rl_caption=\"\" data-rel=\"lightbox-gallery-1\"><img loading=\"lazy\" decoding=\"async\" width=\"150\" height=\"150\" src=\"https:\/\/collectifmdm-idf.org\/annuaire5\/wp-content\/uploads\/2022\/11\/310764524_539762381485717_1298812424042353848_n-150x150.jpg\" class=\"attachment-thumbnail size-thumbnail\" alt=\"L&#039;\u00e9quipe du Collectif pr\u00e9sente au salon la JIMI\" srcset=\"https:\/\/collectifmdm-idf.org\/annuaire5\/wp-content\/uploads\/2022\/11\/310764524_539762381485717_1298812424042353848_n-150x150.jpg 150w, https:\/\/collectifmdm-idf.org\/annuaire5\/wp-content\/uploads\/2022\/11\/310764524_539762381485717_1298812424042353848_n-270x270.jpg 270w, https:\/\/collectifmdm-idf.org\/annuaire5\/wp-content\/uploads\/2022\/11\/310764524_539762381485717_1298812424042353848_n-230x230.jpg 230w\" sizes=\"(max-width: 150px) 100vw, 150px\" title=\"\" data-rl_title=\"\" \/><\/a>\n\t\t\t<\/div><\/figure>\n\t\t<\/div>\n\t\t<\/div>\n\t\t\t\t<\/div>\n\t\t\t\t<\/div>\n\t\t\t\t\t<\/div>\n\t\t<\/div>\n\t\t\t\t\t<\/div>\n\t\t<\/section>\n\t\t\t\t<\/div>\n\t\t","protected":false},"excerpt":{"rendered":"","protected":false},"author":1,"featured_media":6319,"comment_status":"open","ping_status":"open","sticky":false,"template":"","format":"standard","meta":{"_rtcl_gb_attr":"","footnotes":""},"categories":[91,15,16,6,1],"tags":[101],"class_list":["post-6317","post","type-post","status-publish","format-standard","has-post-thumbnail","hentry","category-conference-spectacles-collectif-en-tournee-3","category-evenement","category-exposition","category-festival","category-non-classe","tag-photos"],"_links":{"self":[{"href":"https:\/\/collectifmdm-idf.org\/annuaire5\/wp-json\/wp\/v2\/posts\/6317","targetHints":{"allow":["GET"]}}],"collection":[{"href":"https:\/\/collectifmdm-idf.org\/annuaire5\/wp-json\/wp\/v2\/posts"}],"about":[{"href":"https:\/\/collectifmdm-idf.org\/annuaire5\/wp-json\/wp\/v2\/types\/post"}],"author":[{"embeddable":true,"href":"https:\/\/collectifmdm-idf.org\/annuaire5\/wp-json\/wp\/v2\/users\/1"}],"replies":[{"embeddable":true,"href":"https:\/\/collectifmdm-idf.org\/annuaire5\/wp-json\/wp\/v2\/comments?post=6317"}],"version-history":[{"count":0,"href":"https:\/\/collectifmdm-idf.org\/annuaire5\/wp-json\/wp\/v2\/posts\/6317\/revisions"}],"wp:featuredmedia":[{"embeddable":true,"href":"https:\/\/collectifmdm-idf.org\/annuaire5\/wp-json\/wp\/v2\/media\/6319"}],"wp:attachment":[{"href":"https:\/\/collectifmdm-idf.org\/annuaire5\/wp-json\/wp\/v2\/media?parent=6317"}],"wp:term":[{"taxonomy":"category","embeddable":true,"href":"https:\/\/collectifmdm-idf.org\/annuaire5\/wp-json\/wp\/v2\/categories?post=6317"},{"taxonomy":"post_tag","embeddable":true,"href":"https:\/\/collectifmdm-idf.org\/annuaire5\/wp-json\/wp\/v2\/tags?post=6317"}],"curies":[{"name":"wp","href":"https:\/\/api.w.org\/{rel}","templated":true}]}}