{"id":6282,"date":"2022-10-26T12:56:17","date_gmt":"2022-10-26T10:56:17","guid":{"rendered":"https:\/\/collectifmdm-idf.org\/?p=6282"},"modified":"2023-01-30T17:32:47","modified_gmt":"2023-01-30T16:32:47","slug":"rencontres-professionnelles-retour-en-images-%f0%9f%93%b8","status":"publish","type":"post","link":"https:\/\/collectifmdm-idf.org\/annuaire5\/rencontres-professionnelles-retour-en-images-%f0%9f%93%b8\/","title":{"rendered":"Rencontres professionnelles : retour en images ! \ud83d\udcf8"},"content":{"rendered":"\t\t<div data-elementor-type=\"wp-post\" data-elementor-id=\"6282\" class=\"elementor elementor-6282\">\n\t\t\t\t\t\t<section class=\"elementor-section elementor-top-section elementor-element elementor-element-5f451bc4 elementor-section-boxed elementor-section-height-default elementor-section-height-default\" data-id=\"5f451bc4\" data-element_type=\"section\">\n\t\t\t\t\t\t<div class=\"elementor-container elementor-column-gap-default\">\n\t\t\t\t\t<div class=\"elementor-column elementor-col-100 elementor-top-column elementor-element elementor-element-3aa33b71\" data-id=\"3aa33b71\" data-element_type=\"column\">\n\t\t\t<div class=\"elementor-widget-wrap elementor-element-populated\">\n\t\t\t\t\t\t<div class=\"elementor-element elementor-element-2092b92a elementor-widget elementor-widget-text-editor\" data-id=\"2092b92a\" data-element_type=\"widget\" data-widget_type=\"text-editor.default\">\n\t\t\t\t<div class=\"elementor-widget-container\">\n\t\t\t\t\t\t\t<div class=\"\" data-block=\"true\" data-editor=\"cl5kf\" data-offset-key=\"1tuaq-0-0\"><\/div>\r\n<div class=\"\" data-block=\"true\" data-editor=\"cl5kf\" data-offset-key=\"64ugn-0-0\">\r\n<div class=\"_1mf _1mj\" data-offset-key=\"64ugn-0-0\"><span data-offset-key=\"64ugn-0-0\">\ud83e\udd1d Vendredi dernier, le <\/span><span class=\"_247o\" spellcheck=\"false\" data-offset-key=\"64ugn-1-0\"><span data-offset-key=\"64ugn-1-0\">RIF &#8211; R\u00e9seau des musiques actuelles en Ile de France<\/span><\/span><span data-offset-key=\"64ugn-2-0\"> et le <\/span><span class=\"_247o\" spellcheck=\"false\" data-offset-key=\"64ugn-3-0\"><span data-offset-key=\"64ugn-3-0\">Collectif des musiques et danses du monde en \u00cele-de-France<\/span><\/span><span data-offset-key=\"64ugn-4-0\"> ont organis\u00e9 une rencontre avec les diff\u00e9rent.e.s acteur.rice.s des musiques du monde et musiques actuelles.<\/span><\/div>\r\n<\/div>\r\n<div class=\"\" data-block=\"true\" data-editor=\"cl5kf\" data-offset-key=\"1mhrv-0-0\">\r\n<div class=\"_1mf _1mj\" data-offset-key=\"1mhrv-0-0\"><span data-offset-key=\"1mhrv-0-0\">\u00a0<\/span><\/div>\r\n<\/div>\r\n<div class=\"\" data-block=\"true\" data-editor=\"cl5kf\" data-offset-key=\"7fj24-0-0\">\r\n<div class=\"_1mf _1mj\" data-offset-key=\"7fj24-0-0\"><span data-offset-key=\"7fj24-0-0\">\ud83d\ude4f Nous tenons d&#8217;abord \u00e0 remercier tous les participant.e.s, qui sont venu.e.s nombreux. Les \u00e9changes ont \u00e9t\u00e9 riches en enseignements gr\u00e2ce \u00e0 vous.<\/span><\/div>\r\n<\/div>\r\n<div class=\"\" data-block=\"true\" data-editor=\"cl5kf\" data-offset-key=\"6ja1e-0-0\">\r\n<div class=\"_1mf _1mj\" data-offset-key=\"6ja1e-0-0\"><span data-offset-key=\"6ja1e-0-0\">\u00a0<\/span><\/div>\r\n<\/div>\r\n<div class=\"\" data-block=\"true\" data-editor=\"cl5kf\" data-offset-key=\"6b1es-0-0\">\r\n<div class=\"_1mf _1mj\" data-offset-key=\"6b1es-0-0\"><span data-offset-key=\"6b1es-0-0\">\ud83d\ude4c Merci \u00e0 l&#8217;\u00e9quipe du<\/span><span class=\"_247o\" spellcheck=\"false\" data-offset-key=\"6b1es-1-0\"><span data-offset-key=\"6b1es-1-0\">\u00a0360 Paris Music Factory<\/span><\/span><span data-offset-key=\"6b1es-2-0\"> ! Et merci \u00e0 la <\/span><span class=\"_247o\" spellcheck=\"false\" data-offset-key=\"6b1es-3-0\"><span data-offset-key=\"6b1es-3-0\">Kreiz Breizh Akademi<\/span><\/span><span data-offset-key=\"6b1es-4-0\"> pour leur intervention, \u00e0 <\/span><span class=\"_247o\" spellcheck=\"false\" data-offset-key=\"6b1es-5-0\"><span data-offset-key=\"6b1es-5-0\">Villes des Musiques du Monde<\/span><\/span><span data-offset-key=\"6b1es-6-0\"> et \u00e0 <\/span><span class=\"_247o\" spellcheck=\"false\" data-offset-key=\"6b1es-7-0\"><span data-offset-key=\"6b1es-7-0\">Lehna<\/span><\/span><span data-offset-key=\"6b1es-8-0\"> pour le concert qui a tr\u00e8s bien cl\u00f4tur\u00e9 cette belle journ\u00e9e !<\/span><\/div>\r\n<\/div>\r\n<div class=\"\" data-block=\"true\" data-editor=\"cl5kf\" data-offset-key=\"a3kb9-0-0\">\r\n<div class=\"_1mf _1mj\" data-offset-key=\"a3kb9-0-0\"><span data-offset-key=\"a3kb9-0-0\">\u00a0<\/span><\/div>\r\n<\/div>\r\n<div class=\"\" data-block=\"true\" data-editor=\"cl5kf\" data-offset-key=\"75bbl-0-0\">\r\n<div class=\"_1mf _1mj\" data-offset-key=\"75bbl-0-0\"><span data-offset-key=\"75bbl-0-0\">\u2600\ufe0f Pour ceux qui souhaitaient venir et qui n&#8217;ont pas pu se d\u00e9placer, d&#8217;autres rencontres seront prochainement planifi\u00e9es.<\/span><\/div>\r\n<\/div>\r\n<div class=\"\" data-block=\"true\" data-editor=\"cl5kf\" data-offset-key=\"3sd55-0-0\">\r\n<div class=\"_1mf _1mj\" data-offset-key=\"3sd55-0-0\"><span data-offset-key=\"3sd55-0-0\">\u00a0<\/span><\/div>\r\n<\/div>\r\n<div class=\"\" data-block=\"true\" data-editor=\"cl5kf\" data-offset-key=\"8g0do-0-0\">\r\n<div class=\"_1mf _1mj\" data-offset-key=\"8g0do-0-0\"><span data-offset-key=\"8g0do-0-0\">\u00c0 bient\u00f4t !\ud83d\ude09<\/span><\/div>\r\n<\/div>\t\t\t\t\t\t<\/div>\n\t\t\t\t<\/div>\n\t\t\t\t\t<\/div>\n\t\t<\/div>\n\t\t\t\t\t<\/div>\n\t\t<\/section>\n\t\t\t\t<section class=\"elementor-section elementor-top-section elementor-element elementor-element-7504d51 elementor-section-boxed elementor-section-height-default elementor-section-height-default\" data-id=\"7504d51\" data-element_type=\"section\">\n\t\t\t\t\t\t<div class=\"elementor-container elementor-column-gap-default\">\n\t\t\t\t\t<div class=\"elementor-column elementor-col-100 elementor-top-column elementor-element elementor-element-4fa0588\" data-id=\"4fa0588\" data-element_type=\"column\">\n\t\t\t<div class=\"elementor-widget-wrap elementor-element-populated\">\n\t\t\t\t\t\t<div class=\"elementor-element elementor-element-276dd63 elementor-widget elementor-widget-image-gallery\" data-id=\"276dd63\" data-element_type=\"widget\" data-widget_type=\"image-gallery.default\">\n\t\t\t\t<div class=\"elementor-widget-container\">\n\t\t\t\t\t<div class=\"elementor-image-gallery\">\n\t\t\t<div id='gallery-1' class='gallery galleryid-6282 gallery-columns-3 gallery-size-sow-carousel-default'><figure class='gallery-item'>\n\t\t\t<div class='gallery-icon landscape'>\n\t\t\t\t<a data-elementor-open-lightbox=\"yes\" data-elementor-lightbox-slideshow=\"276dd63\" data-elementor-lightbox-title=\"Concert de Lehna\" data-e-action-hash=\"#elementor-action%3Aaction%3Dlightbox%26settings%3DeyJpZCI6NjI5MCwidXJsIjoiaHR0cHM6XC9cL2NvbGxlY3RpZm1kbS1pZGYub3JnXC9hbm51YWlyZTVcL3dwLWNvbnRlbnRcL3VwbG9hZHNcLzIwMjJcLzEwXC9yZW5jb250cmVzMjExMC04LmpwZyIsInNsaWRlc2hvdyI6IjI3NmRkNjMifQ%3D%3D\" href='https:\/\/collectifmdm-idf.org\/annuaire5\/wp-content\/uploads\/2022\/10\/rencontres2110-8.jpg' class=\"rl-gallery-link\" data-rl_caption=\"\" data-rel=\"lightbox-gallery-1\"><img decoding=\"async\" width=\"272\" height=\"182\" src=\"https:\/\/collectifmdm-idf.org\/annuaire5\/wp-content\/uploads\/2022\/10\/rencontres2110-8-272x182.jpg\" class=\"attachment-sow-carousel-default size-sow-carousel-default\" alt=\"\" title=\"\" data-rl_title=\"\" \/><\/a>\n\t\t\t<\/div><\/figure><figure class='gallery-item'>\n\t\t\t<div class='gallery-icon landscape'>\n\t\t\t\t<a data-elementor-open-lightbox=\"yes\" data-elementor-lightbox-slideshow=\"276dd63\" data-elementor-lightbox-title=\"La Kreiz Breizh Akademi\" data-e-action-hash=\"#elementor-action%3Aaction%3Dlightbox%26settings%3DeyJpZCI6NjI4OSwidXJsIjoiaHR0cHM6XC9cL2NvbGxlY3RpZm1kbS1pZGYub3JnXC9hbm51YWlyZTVcL3dwLWNvbnRlbnRcL3VwbG9hZHNcLzIwMjJcLzEwXC9yZW5jb250cmVzMjExMC03LmpwZyIsInNsaWRlc2hvdyI6IjI3NmRkNjMifQ%3D%3D\" href='https:\/\/collectifmdm-idf.org\/annuaire5\/wp-content\/uploads\/2022\/10\/rencontres2110-7.jpg' class=\"rl-gallery-link\" data-rl_caption=\"\" data-rel=\"lightbox-gallery-1\"><img decoding=\"async\" width=\"272\" height=\"182\" src=\"https:\/\/collectifmdm-idf.org\/annuaire5\/wp-content\/uploads\/2022\/10\/rencontres2110-7-272x182.jpg\" class=\"attachment-sow-carousel-default size-sow-carousel-default\" alt=\"\" title=\"\" data-rl_title=\"\" \/><\/a>\n\t\t\t<\/div><\/figure><figure class='gallery-item'>\n\t\t\t<div class='gallery-icon portrait'>\n\t\t\t\t<a data-elementor-open-lightbox=\"yes\" data-elementor-lightbox-slideshow=\"276dd63\" data-elementor-lightbox-title=\"Olivier Catteau de la Kreiz Breizh Akademi\" data-e-action-hash=\"#elementor-action%3Aaction%3Dlightbox%26settings%3DeyJpZCI6NjI4OCwidXJsIjoiaHR0cHM6XC9cL2NvbGxlY3RpZm1kbS1pZGYub3JnXC9hbm51YWlyZTVcL3dwLWNvbnRlbnRcL3VwbG9hZHNcLzIwMjJcLzEwXC9yZW5jb250cmVzMjExMC02LmpwZWciLCJzbGlkZXNob3ciOiIyNzZkZDYzIn0%3D\" href='https:\/\/collectifmdm-idf.org\/annuaire5\/wp-content\/uploads\/2022\/10\/rencontres2110-6.jpeg' class=\"rl-gallery-link\" data-rl_caption=\"\" data-rel=\"lightbox-gallery-1\"><img decoding=\"async\" width=\"272\" height=\"182\" src=\"https:\/\/collectifmdm-idf.org\/annuaire5\/wp-content\/uploads\/2022\/10\/rencontres2110-6-272x182.jpeg\" class=\"attachment-sow-carousel-default size-sow-carousel-default\" alt=\"\" title=\"\" data-rl_title=\"\" \/><\/a>\n\t\t\t<\/div><\/figure><figure class='gallery-item'>\n\t\t\t<div class='gallery-icon landscape'>\n\t\t\t\t<a data-elementor-open-lightbox=\"yes\" data-elementor-lightbox-slideshow=\"276dd63\" data-elementor-lightbox-title=\"Les participant.e.s venu.e.s nombreux.ses\" data-e-action-hash=\"#elementor-action%3Aaction%3Dlightbox%26settings%3DeyJpZCI6NjI4NywidXJsIjoiaHR0cHM6XC9cL2NvbGxlY3RpZm1kbS1pZGYub3JnXC9hbm51YWlyZTVcL3dwLWNvbnRlbnRcL3VwbG9hZHNcLzIwMjJcLzEwXC9yZW5jb250cmVzMjExMC01LmpwZyIsInNsaWRlc2hvdyI6IjI3NmRkNjMifQ%3D%3D\" href='https:\/\/collectifmdm-idf.org\/annuaire5\/wp-content\/uploads\/2022\/10\/rencontres2110-5.jpg' class=\"rl-gallery-link\" data-rl_caption=\"\" data-rel=\"lightbox-gallery-1\"><img loading=\"lazy\" decoding=\"async\" width=\"272\" height=\"182\" src=\"https:\/\/collectifmdm-idf.org\/annuaire5\/wp-content\/uploads\/2022\/10\/rencontres2110-5-272x182.jpg\" class=\"attachment-sow-carousel-default size-sow-carousel-default\" alt=\"\" title=\"\" data-rl_title=\"\" \/><\/a>\n\t\t\t<\/div><\/figure><figure class='gallery-item'>\n\t\t\t<div class='gallery-icon portrait'>\n\t\t\t\t<a data-elementor-open-lightbox=\"yes\" data-elementor-lightbox-slideshow=\"276dd63\" data-elementor-lightbox-title=\"Sa\u00efd Assadi, le fondateur du 360 Paris Music Factory\" data-e-action-hash=\"#elementor-action%3Aaction%3Dlightbox%26settings%3DeyJpZCI6NjI4NSwidXJsIjoiaHR0cHM6XC9cL2NvbGxlY3RpZm1kbS1pZGYub3JnXC9hbm51YWlyZTVcL3dwLWNvbnRlbnRcL3VwbG9hZHNcLzIwMjJcLzEwXC9yZW5jb250cmVzMjExMC0yLmpwZWciLCJzbGlkZXNob3ciOiIyNzZkZDYzIn0%3D\" href='https:\/\/collectifmdm-idf.org\/annuaire5\/wp-content\/uploads\/2022\/10\/rencontres2110-2.jpeg' class=\"rl-gallery-link\" data-rl_caption=\"\" data-rel=\"lightbox-gallery-1\"><img loading=\"lazy\" decoding=\"async\" width=\"272\" height=\"182\" src=\"https:\/\/collectifmdm-idf.org\/annuaire5\/wp-content\/uploads\/2022\/10\/rencontres2110-2-272x182.jpeg\" class=\"attachment-sow-carousel-default size-sow-carousel-default\" alt=\"\" title=\"\" data-rl_title=\"\" \/><\/a>\n\t\t\t<\/div><\/figure><figure class='gallery-item'>\n\t\t\t<div class='gallery-icon landscape'>\n\t\t\t\t<a data-elementor-open-lightbox=\"yes\" data-elementor-lightbox-slideshow=\"276dd63\" data-elementor-lightbox-title=\"Lehna en concert au 360 Paris Music Factory\" data-e-action-hash=\"#elementor-action%3Aaction%3Dlightbox%26settings%3DeyJpZCI6NjMxMiwidXJsIjoiaHR0cHM6XC9cL2NvbGxlY3RpZm1kbS1pZGYub3JnXC9hbm51YWlyZTVcL3dwLWNvbnRlbnRcL3VwbG9hZHNcLzIwMjJcLzEwXC9yZW5jb250cmVzMjExMC0wOS5qcGciLCJzbGlkZXNob3ciOiIyNzZkZDYzIn0%3D\" href='https:\/\/collectifmdm-idf.org\/annuaire5\/wp-content\/uploads\/2022\/10\/rencontres2110-09.jpg' class=\"rl-gallery-link\" data-rl_caption=\"\" data-rel=\"lightbox-gallery-1\"><img loading=\"lazy\" decoding=\"async\" width=\"272\" height=\"182\" src=\"https:\/\/collectifmdm-idf.org\/annuaire5\/wp-content\/uploads\/2022\/10\/rencontres2110-09-272x182.jpg\" class=\"attachment-sow-carousel-default size-sow-carousel-default\" alt=\"\" title=\"\" data-rl_title=\"\" \/><\/a>\n\t\t\t<\/div><\/figure>\n\t\t<\/div>\n\t\t<\/div>\n\t\t\t\t<\/div>\n\t\t\t\t<\/div>\n\t\t\t\t\t<\/div>\n\t\t<\/div>\n\t\t\t\t\t<\/div>\n\t\t<\/section>\n\t\t\t\t<\/div>\n\t\t","protected":false},"excerpt":{"rendered":"<p>\ud83e\udd1d Vendredi dernier, le RIF &#8211; R\u00e9seau des musiques actuelles en Ile de France et le Collectif des musiques et danses du monde en \u00cele-de-France ont organis\u00e9 une rencontre avec les diff\u00e9rent.e.s acteur.rice.s des musiques du monde et musiques actuelles. \u00a0 \ud83d\ude4f<\/p>\n<p class=\"link-more\"><a class=\"myButt \" href=\"https:\/\/collectifmdm-idf.org\/annuaire5\/rencontres-professionnelles-retour-en-images-%f0%9f%93%b8\/\">EN SAVOIR +<\/a><\/p>\n","protected":false},"author":1,"featured_media":6255,"comment_status":"open","ping_status":"open","sticky":false,"template":"","format":"standard","meta":{"_rtcl_gb_attr":"","footnotes":""},"categories":[1],"tags":[100,101,98,102],"class_list":["post-6282","post","type-post","status-publish","format-standard","has-post-thumbnail","hentry","category-non-classe","tag-concert","tag-photos","tag-rencontres","tag-table-ronde"],"_links":{"self":[{"href":"https:\/\/collectifmdm-idf.org\/annuaire5\/wp-json\/wp\/v2\/posts\/6282","targetHints":{"allow":["GET"]}}],"collection":[{"href":"https:\/\/collectifmdm-idf.org\/annuaire5\/wp-json\/wp\/v2\/posts"}],"about":[{"href":"https:\/\/collectifmdm-idf.org\/annuaire5\/wp-json\/wp\/v2\/types\/post"}],"author":[{"embeddable":true,"href":"https:\/\/collectifmdm-idf.org\/annuaire5\/wp-json\/wp\/v2\/users\/1"}],"replies":[{"embeddable":true,"href":"https:\/\/collectifmdm-idf.org\/annuaire5\/wp-json\/wp\/v2\/comments?post=6282"}],"version-history":[{"count":0,"href":"https:\/\/collectifmdm-idf.org\/annuaire5\/wp-json\/wp\/v2\/posts\/6282\/revisions"}],"wp:featuredmedia":[{"embeddable":true,"href":"https:\/\/collectifmdm-idf.org\/annuaire5\/wp-json\/wp\/v2\/media\/6255"}],"wp:attachment":[{"href":"https:\/\/collectifmdm-idf.org\/annuaire5\/wp-json\/wp\/v2\/media?parent=6282"}],"wp:term":[{"taxonomy":"category","embeddable":true,"href":"https:\/\/collectifmdm-idf.org\/annuaire5\/wp-json\/wp\/v2\/categories?post=6282"},{"taxonomy":"post_tag","embeddable":true,"href":"https:\/\/collectifmdm-idf.org\/annuaire5\/wp-json\/wp\/v2\/tags?post=6282"}],"curies":[{"name":"wp","href":"https:\/\/api.w.org\/{rel}","templated":true}]}}