{"id":6215,"date":"2022-09-16T19:14:53","date_gmt":"2022-09-16T17:14:53","guid":{"rendered":"https:\/\/collectifmdm-idf.org\/?p=6215"},"modified":"2023-01-30T17:32:37","modified_gmt":"2023-01-30T16:32:37","slug":"rencontres-professionnelles-le-vendredi-21-octobre","status":"publish","type":"post","link":"https:\/\/collectifmdm-idf.org\/annuaire5\/rencontres-professionnelles-le-vendredi-21-octobre\/","title":{"rendered":"Rencontres professionnelles le vendredi 21 Octobre !"},"content":{"rendered":"\t\t<div data-elementor-type=\"wp-post\" data-elementor-id=\"6215\" class=\"elementor elementor-6215\">\n\t\t\t\t\t\t<section class=\"elementor-section elementor-top-section elementor-element elementor-element-39eaaad elementor-section-boxed elementor-section-height-default elementor-section-height-default\" data-id=\"39eaaad\" data-element_type=\"section\">\n\t\t\t\t\t\t<div class=\"elementor-container elementor-column-gap-default\">\n\t\t\t\t\t<div class=\"elementor-column elementor-col-100 elementor-top-column elementor-element elementor-element-ccf0e4e\" data-id=\"ccf0e4e\" data-element_type=\"column\">\n\t\t\t<div class=\"elementor-widget-wrap elementor-element-populated\">\n\t\t\t\t\t\t<div class=\"elementor-element elementor-element-907b44c elementor-widget elementor-widget-heading\" data-id=\"907b44c\" data-element_type=\"widget\" data-widget_type=\"heading.default\">\n\t\t\t\t<div class=\"elementor-widget-container\">\n\t\t\t<h2 class=\"elementor-heading-title elementor-size-default\">RENCONTRE PROFESSIONNELLES<\/h2>\t\t<\/div>\n\t\t\t\t<\/div>\n\t\t\t\t\t<\/div>\n\t\t<\/div>\n\t\t\t\t\t<\/div>\n\t\t<\/section>\n\t\t\t\t<section class=\"elementor-section elementor-top-section elementor-element elementor-element-33cc30f elementor-section-boxed elementor-section-height-default elementor-section-height-default\" data-id=\"33cc30f\" data-element_type=\"section\">\n\t\t\t\t\t\t<div class=\"elementor-container elementor-column-gap-default\">\n\t\t\t\t\t<div class=\"elementor-column elementor-col-100 elementor-top-column elementor-element elementor-element-a0dd71e\" data-id=\"a0dd71e\" data-element_type=\"column\">\n\t\t\t<div class=\"elementor-widget-wrap elementor-element-populated\">\n\t\t\t\t\t\t<div class=\"elementor-element elementor-element-077de44 elementor-widget-divider--view-line elementor-widget elementor-widget-divider\" data-id=\"077de44\" data-element_type=\"widget\" data-widget_type=\"divider.default\">\n\t\t\t\t<div class=\"elementor-widget-container\">\n\t\t\t\t\t<div class=\"elementor-divider\">\n\t\t\t<span class=\"elementor-divider-separator\">\n\t\t\t\t\t\t<\/span>\n\t\t<\/div>\n\t\t\t\t<\/div>\n\t\t\t\t<\/div>\n\t\t\t\t\t<\/div>\n\t\t<\/div>\n\t\t\t\t\t<\/div>\n\t\t<\/section>\n\t\t\t\t<section class=\"elementor-section elementor-top-section elementor-element elementor-element-6494377 elementor-section-boxed elementor-section-height-default elementor-section-height-default\" data-id=\"6494377\" data-element_type=\"section\">\n\t\t\t\t\t\t<div class=\"elementor-container elementor-column-gap-default\">\n\t\t\t\t\t<div class=\"elementor-column elementor-col-100 elementor-top-column elementor-element elementor-element-01e72b2\" data-id=\"01e72b2\" data-element_type=\"column\">\n\t\t\t<div class=\"elementor-widget-wrap elementor-element-populated\">\n\t\t\t\t\t\t<div class=\"elementor-element elementor-element-4b4fa05 elementor-widget elementor-widget-text-editor\" data-id=\"4b4fa05\" data-element_type=\"widget\" data-widget_type=\"text-editor.default\">\n\t\t\t\t<div class=\"elementor-widget-container\">\n\t\t\t\t\t\t\t<p><em><strong>Musiques du monde, Musiques actuelles : de la transmission \u00e0 la diffusion dans un contexte de crise pour l&#8217;ensemble du secteur.<\/strong><\/em><\/p>\t\t\t\t\t\t<\/div>\n\t\t\t\t<\/div>\n\t\t\t\t\t<\/div>\n\t\t<\/div>\n\t\t\t\t\t<\/div>\n\t\t<\/section>\n\t\t\t\t<section class=\"elementor-section elementor-top-section elementor-element elementor-element-4bedd67 elementor-section-boxed elementor-section-height-default elementor-section-height-default\" data-id=\"4bedd67\" data-element_type=\"section\">\n\t\t\t\t\t\t<div class=\"elementor-container elementor-column-gap-default\">\n\t\t\t\t\t<div class=\"elementor-column elementor-col-100 elementor-top-column elementor-element elementor-element-85f3781\" data-id=\"85f3781\" data-element_type=\"column\">\n\t\t\t<div class=\"elementor-widget-wrap elementor-element-populated\">\n\t\t\t\t\t\t<div class=\"elementor-element elementor-element-ebcedc4 elementor-widget elementor-widget-text-editor\" data-id=\"ebcedc4\" data-element_type=\"widget\" data-widget_type=\"text-editor.default\">\n\t\t\t\t<div class=\"elementor-widget-container\">\n\t\t\t\t\t\t\t<p>Avec une volont\u00e9 de mieux conna\u00eetre les enjeux de chacun, le\u00a0RIF\u00a0(R\u00e9seau des musiques actuelles en Ile-de-France) et le Collectif Musiques et Danses du monde en Ile-de-France organisent pour la premi\u00e8re fois des rencontres communes.<\/p>\t\t\t\t\t\t<\/div>\n\t\t\t\t<\/div>\n\t\t\t\t\t<\/div>\n\t\t<\/div>\n\t\t\t\t\t<\/div>\n\t\t<\/section>\n\t\t\t\t<section class=\"elementor-section elementor-top-section elementor-element elementor-element-12564a5 elementor-section-boxed elementor-section-height-default elementor-section-height-default\" data-id=\"12564a5\" data-element_type=\"section\">\n\t\t\t\t\t\t<div class=\"elementor-container elementor-column-gap-default\">\n\t\t\t\t\t<div class=\"elementor-column elementor-col-100 elementor-top-column elementor-element elementor-element-99ec293\" data-id=\"99ec293\" data-element_type=\"column\">\n\t\t\t<div class=\"elementor-widget-wrap elementor-element-populated\">\n\t\t\t\t\t\t<div class=\"elementor-element elementor-element-a7d1965 elementor-widget elementor-widget-heading\" data-id=\"a7d1965\" data-element_type=\"widget\" data-widget_type=\"heading.default\">\n\t\t\t\t<div class=\"elementor-widget-container\">\n\t\t\t<h6 class=\"elementor-heading-title elementor-size-default\">D\u00e9roul\u00e9<\/h6>\t\t<\/div>\n\t\t\t\t<\/div>\n\t\t\t\t\t<\/div>\n\t\t<\/div>\n\t\t\t\t\t<\/div>\n\t\t<\/section>\n\t\t\t\t<section class=\"elementor-section elementor-top-section elementor-element elementor-element-7a9fd9f elementor-section-boxed elementor-section-height-default elementor-section-height-default\" data-id=\"7a9fd9f\" data-element_type=\"section\">\n\t\t\t\t\t\t<div class=\"elementor-container elementor-column-gap-default\">\n\t\t\t\t\t<div class=\"elementor-column elementor-col-100 elementor-top-column elementor-element elementor-element-9ec16b8\" data-id=\"9ec16b8\" data-element_type=\"column\">\n\t\t\t<div class=\"elementor-widget-wrap elementor-element-populated\">\n\t\t\t\t\t\t<div class=\"elementor-element elementor-element-dab782b elementor-widget elementor-widget-text-editor\" data-id=\"dab782b\" data-element_type=\"widget\" data-widget_type=\"text-editor.default\">\n\t\t\t\t<div class=\"elementor-widget-container\">\n\t\t\t\t\t\t\t<ul><li>14h30 : accueil<\/li><li>15h\/16h : pr\u00e9sentation en pl\u00e9ni\u00e8re<\/li><li>16h\/18h : ateliers d&#8217;\u00e9changes<\/li><\/ul>\t\t\t\t\t\t<\/div>\n\t\t\t\t<\/div>\n\t\t\t\t\t<\/div>\n\t\t<\/div>\n\t\t\t\t\t<\/div>\n\t\t<\/section>\n\t\t\t\t<section class=\"elementor-section elementor-top-section elementor-element elementor-element-afc1446 elementor-section-boxed elementor-section-height-default elementor-section-height-default\" data-id=\"afc1446\" data-element_type=\"section\">\n\t\t\t\t\t\t<div class=\"elementor-container elementor-column-gap-default\">\n\t\t\t\t\t<div class=\"elementor-column elementor-col-100 elementor-top-column elementor-element elementor-element-c696e08\" data-id=\"c696e08\" data-element_type=\"column\">\n\t\t\t<div class=\"elementor-widget-wrap elementor-element-populated\">\n\t\t\t\t\t\t<div class=\"elementor-element elementor-element-e12a333 elementor-widget elementor-widget-heading\" data-id=\"e12a333\" data-element_type=\"widget\" data-widget_type=\"heading.default\">\n\t\t\t\t<div class=\"elementor-widget-container\">\n\t\t\t<h6 class=\"elementor-heading-title elementor-size-default\">Pl\u00e9ni\u00e8re<\/h6>\t\t<\/div>\n\t\t\t\t<\/div>\n\t\t\t\t\t<\/div>\n\t\t<\/div>\n\t\t\t\t\t<\/div>\n\t\t<\/section>\n\t\t\t\t<section class=\"elementor-section elementor-top-section elementor-element elementor-element-a8c328e elementor-section-boxed elementor-section-height-default elementor-section-height-default\" data-id=\"a8c328e\" data-element_type=\"section\">\n\t\t\t\t\t\t<div class=\"elementor-container elementor-column-gap-default\">\n\t\t\t\t\t<div class=\"elementor-column elementor-col-100 elementor-top-column elementor-element elementor-element-721b410\" data-id=\"721b410\" data-element_type=\"column\">\n\t\t\t<div class=\"elementor-widget-wrap elementor-element-populated\">\n\t\t\t\t\t\t<div class=\"elementor-element elementor-element-907c989 elementor-widget elementor-widget-text-editor\" data-id=\"907c989\" data-element_type=\"widget\" data-widget_type=\"text-editor.default\">\n\t\t\t\t<div class=\"elementor-widget-container\">\n\t\t\t\t\t\t\t<p><span style=\"color: #111111; font-family: 'font custom book'; font-size: 14px; font-style: normal; font-variant-ligatures: normal; font-variant-caps: normal; font-weight: 100;\">Pr\u00e9<\/span><span style=\"color: #111111; font-family: 'font custom book'; font-size: 14px; font-style: normal; font-variant-ligatures: normal; font-variant-caps: normal;\">sentation de l\u2019apr\u00e8s-midi et discussion avec des intervenant\u00b7es-formateurs\u00b7rices issu\u00b7es de la&nbsp;<\/span><font face=\"font custom book\"><span style=\"transition-duration: 110ms; transition-timing-function: ease-in-out; transition-property: color; font-size: 14px; outline-width: initial !important;\"><u><a href=\"http:\/\/www.drom-kba.eu\/-Kreiz-Breizh-Akademi-.html\">Kreiz Breizh Akademi<\/a><\/u><\/span><\/font><\/p>\t\t\t\t\t\t<\/div>\n\t\t\t\t<\/div>\n\t\t\t\t\t<\/div>\n\t\t<\/div>\n\t\t\t\t\t<\/div>\n\t\t<\/section>\n\t\t\t\t<section class=\"elementor-section elementor-top-section elementor-element elementor-element-9a1beb0 elementor-section-boxed elementor-section-height-default elementor-section-height-default\" data-id=\"9a1beb0\" data-element_type=\"section\">\n\t\t\t\t\t\t<div class=\"elementor-container elementor-column-gap-default\">\n\t\t\t\t\t<div class=\"elementor-column elementor-col-100 elementor-top-column elementor-element elementor-element-2b0bb51\" data-id=\"2b0bb51\" data-element_type=\"column\">\n\t\t\t<div class=\"elementor-widget-wrap elementor-element-populated\">\n\t\t\t\t\t\t<div class=\"elementor-element elementor-element-341e9f0 elementor-widget elementor-widget-heading\" data-id=\"341e9f0\" data-element_type=\"widget\" data-widget_type=\"heading.default\">\n\t\t\t\t<div class=\"elementor-widget-container\">\n\t\t\t<h6 class=\"elementor-heading-title elementor-size-default\">Ateliers<\/h6>\t\t<\/div>\n\t\t\t\t<\/div>\n\t\t\t\t\t<\/div>\n\t\t<\/div>\n\t\t\t\t\t<\/div>\n\t\t<\/section>\n\t\t\t\t<section class=\"elementor-section elementor-top-section elementor-element elementor-element-d075973 elementor-section-boxed elementor-section-height-default elementor-section-height-default\" data-id=\"d075973\" data-element_type=\"section\">\n\t\t\t\t\t\t<div class=\"elementor-container elementor-column-gap-default\">\n\t\t\t\t\t<div class=\"elementor-column elementor-col-100 elementor-top-column elementor-element elementor-element-2044b31\" data-id=\"2044b31\" data-element_type=\"column\">\n\t\t\t<div class=\"elementor-widget-wrap elementor-element-populated\">\n\t\t\t\t\t\t<div class=\"elementor-element elementor-element-a0fc7bd elementor-widget elementor-widget-text-editor\" data-id=\"a0fc7bd\" data-element_type=\"widget\" data-widget_type=\"text-editor.default\">\n\t\t\t\t<div class=\"elementor-widget-container\">\n\t\t\t\t\t\t\t<ul style=\"overflow-wrap: break-word; padding-left: 1rem; list-style-type: disc; margin: auto; max-width: 950px; color: #111111; font-family: 'font custom book'; font-size: 14px; font-style: normal; font-variant-ligatures: normal; font-variant-caps: normal; font-weight: 100;\">\n<li style=\"line-height: 1.8;\">\n<p><strong>Musiques du monde: quels moyens pour la cr\u00e9ation ?<\/strong><\/p>\n<\/li>\n<\/ul>\n<p style=\"overflow-wrap: break-word; -webkit-font-smoothing: antialiased; margin: auto; max-width: 950px; color: #111111; font-family: 'font custom book'; font-size: 14px; font-style: normal; font-variant-ligatures: normal; font-variant-caps: normal; font-weight: 100;\">Cette table ronde sera l\u2019occasion d\u2019\u00e9changer autour des mod\u00e8les \u00e9conomiques qui structurent le secteur des musiques actuelles et des musiques du monde et de partager les exp\u00e9riences de chacun\u00b7e : nature des dispositifs existants, formats de production, financements, implication des collectivit\u00e9s, \u00e9volution au cours du temps, analyse du secteur post-covid, anticipations sur le futur\u2026<\/p>\n<p class=\"wp-block-spacer\" style=\"margin: auto; max-width: 950px; color: #111111; font-family: 'font custom book'; font-size: 14px; font-style: normal; font-variant-ligatures: normal; font-variant-caps: normal; font-weight: 100; height: 10px;\" aria-hidden=\"true\">\n<\/p><ul style=\"overflow-wrap: break-word; padding-left: 1rem; list-style-type: disc; margin: auto; max-width: 950px; color: #111111; font-family: 'font custom book'; font-size: 14px; font-style: normal; font-variant-ligatures: normal; font-variant-caps: normal; font-weight: 100;\">\n<li style=\"line-height: 1.8;\">\n<p><strong>Accompagnement et d\u00e9veloppement des projets artistiques \/ Ressource musicien\u00b7nes<\/strong><\/p>\n<\/li>\n<\/ul>\n<p style=\"overflow-wrap: break-word; -webkit-font-smoothing: antialiased; margin: auto; max-width: 950px; color: #111111; font-family: 'font custom book'; font-size: 14px; font-style: normal; font-variant-ligatures: normal; font-variant-caps: normal; font-weight: 100;\">Les lieux de musiques actuelles sont des acteurs centraux du d\u00e9veloppement des projets artistiques. Ils accompagnent chaque ann\u00e9e de nouveaux\u00b7velles musicien\u00b7nes dans la professionnalisation de leur pratique, au sein de leurs studios de r\u00e9p\u00e9tition, en r\u00e9sidence\u2026 L\u2019accompagnement des projets \u00e9mergents dans le domaine des musiques du monde implique-t-il des sp\u00e9cificit\u00e9s ? Comment adapter au mieux les outils qui sont \u00e0 notre disposition? Quels sont les besoins identifi\u00e9s par les acteurs du secteur ?<\/p>\n<p class=\"wp-block-spacer\" style=\"margin: auto; max-width: 950px; color: #111111; font-family: 'font custom book'; font-size: 14px; font-style: normal; font-variant-ligatures: normal; font-variant-caps: normal; font-weight: 100; height: 10px;\" aria-hidden=\"true\">\n<\/p><ul style=\"overflow-wrap: break-word; padding-left: 1rem; list-style-type: disc; margin: auto; max-width: 950px; color: #111111; font-family: 'font custom book'; font-size: 14px; font-style: normal; font-variant-ligatures: normal; font-variant-caps: normal; font-weight: 100;\">\n<li style=\"line-height: 1.8;\">\n<p><strong>Place des musiques du monde dans les lieux musiques actuelles<\/strong><\/p>\n<\/li>\n<\/ul>\n<p style=\"overflow-wrap: break-word; -webkit-font-smoothing: antialiased; margin: auto; max-width: 950px; color: #111111; font-family: 'font custom book'; font-size: 14px; font-style: normal; font-variant-ligatures: normal; font-variant-caps: normal; font-weight: 100;\">Les musiques du monde ont toujours tenu une place particuli\u00e8re dans les lieux de musiques actuelles. Comment cette place a-t-elle \u00e9volu\u00e9 au cours du temps? Quelles relations entretiennent les programmateur\u00b7rices des lieux de diffusion avec les acteurs de l\u2019industrie musicale ? Cet atelier sera l\u2019occasion pour programmeteur\u00b7rices et artistes d\u2019\u00e9changer autour des sp\u00e9cificit\u00e9s de la diffusion d\u2019un projet artistique \u201cmusiques du monde\u201d dans les salles de musiques actuelles.<\/p>\n<p><\/p>\t\t\t\t\t\t<\/div>\n\t\t\t\t<\/div>\n\t\t\t\t\t<\/div>\n\t\t<\/div>\n\t\t\t\t\t<\/div>\n\t\t<\/section>\n\t\t\t\t<section class=\"elementor-section elementor-top-section elementor-element elementor-element-e958c91 elementor-section-boxed elementor-section-height-default elementor-section-height-default\" data-id=\"e958c91\" data-element_type=\"section\">\n\t\t\t\t\t\t<div class=\"elementor-container elementor-column-gap-default\">\n\t\t\t\t\t<div class=\"elementor-column elementor-col-100 elementor-top-column elementor-element elementor-element-8034bc7\" data-id=\"8034bc7\" data-element_type=\"column\">\n\t\t\t<div class=\"elementor-widget-wrap elementor-element-populated\">\n\t\t\t\t\t\t<div class=\"elementor-element elementor-element-6c3a82c elementor-widget elementor-widget-heading\" data-id=\"6c3a82c\" data-element_type=\"widget\" data-widget_type=\"heading.default\">\n\t\t\t\t<div class=\"elementor-widget-container\">\n\t\t\t<h6 class=\"elementor-heading-title elementor-size-default\">Showcase<\/h6>\t\t<\/div>\n\t\t\t\t<\/div>\n\t\t\t\t\t<\/div>\n\t\t<\/div>\n\t\t\t\t\t<\/div>\n\t\t<\/section>\n\t\t\t\t<section class=\"elementor-section elementor-top-section elementor-element elementor-element-bf85db9 elementor-section-boxed elementor-section-height-default elementor-section-height-default\" data-id=\"bf85db9\" data-element_type=\"section\">\n\t\t\t\t\t\t<div class=\"elementor-container elementor-column-gap-default\">\n\t\t\t\t\t<div class=\"elementor-column elementor-col-100 elementor-top-column elementor-element elementor-element-6dd4374\" data-id=\"6dd4374\" data-element_type=\"column\">\n\t\t\t<div class=\"elementor-widget-wrap elementor-element-populated\">\n\t\t\t\t\t\t<div class=\"elementor-element elementor-element-b0e076c elementor-widget elementor-widget-text-editor\" data-id=\"b0e076c\" data-element_type=\"widget\" data-widget_type=\"text-editor.default\">\n\t\t\t\t<div class=\"elementor-widget-container\">\n\t\t\t\t\t\t\t<p><span style=\"color: #111111; font-family: 'font custom book'; font-size: 14px; font-style: normal; font-variant-ligatures: normal; font-variant-caps: normal; font-weight: 100;\">A partir de 19h, assistez au concert de Lehna, organis\u00e9 par Villes des Musiques du Monde.<\/span><\/p>\t\t\t\t\t\t<\/div>\n\t\t\t\t<\/div>\n\t\t\t\t\t<\/div>\n\t\t<\/div>\n\t\t\t\t\t<\/div>\n\t\t<\/section>\n\t\t\t\t<section class=\"elementor-section elementor-top-section elementor-element elementor-element-69ee57c elementor-section-boxed elementor-section-height-default elementor-section-height-default\" data-id=\"69ee57c\" data-element_type=\"section\">\n\t\t\t\t\t\t<div class=\"elementor-container elementor-column-gap-default\">\n\t\t\t\t\t<div class=\"elementor-column elementor-col-50 elementor-top-column elementor-element elementor-element-998f8a2\" data-id=\"998f8a2\" data-element_type=\"column\">\n\t\t\t<div class=\"elementor-widget-wrap elementor-element-populated\">\n\t\t\t\t\t\t<div class=\"elementor-element elementor-element-c6cdfe3 elementor-align-center elementor-widget elementor-widget-button\" data-id=\"c6cdfe3\" data-element_type=\"widget\" data-widget_type=\"button.default\">\n\t\t\t\t<div class=\"elementor-widget-container\">\n\t\t\t\t\t\t\t<div class=\"elementor-button-wrapper\">\n\t\t\t\t\t<a class=\"elementor-button elementor-button-link elementor-size-sm\" href=\"https:\/\/framaforms.org\/les-rencontres-rif-reseau-musiques-actuelles-idf-et-collectif-musiques-et-danses-du-monde-1662973676\" target=\"_blank\">\n\t\t\t\t\t\t<span class=\"elementor-button-content-wrapper\">\n\t\t\t\t\t\t\t\t\t<span class=\"elementor-button-text\">INSCRIPTION VIA CE FORMULAIRE<\/span>\n\t\t\t\t\t<\/span>\n\t\t\t\t\t<\/a>\n\t\t\t\t<\/div>\n\t\t\t\t\t\t<\/div>\n\t\t\t\t<\/div>\n\t\t\t\t\t<\/div>\n\t\t<\/div>\n\t\t\t\t<div class=\"elementor-column elementor-col-50 elementor-top-column elementor-element elementor-element-39490f9\" data-id=\"39490f9\" data-element_type=\"column\">\n\t\t\t<div class=\"elementor-widget-wrap elementor-element-populated\">\n\t\t\t\t\t\t<div class=\"elementor-element elementor-element-1175e8c elementor-align-center elementor-widget elementor-widget-button\" data-id=\"1175e8c\" data-element_type=\"widget\" data-widget_type=\"button.default\">\n\t\t\t\t<div class=\"elementor-widget-container\">\n\t\t\t\t\t\t\t<div class=\"elementor-button-wrapper\">\n\t\t\t\t\t<a class=\"elementor-button elementor-button-link elementor-size-sm\" href=\"https:\/\/www.villesdesmusiquesdumonde.com\/date\/?event=lehna-9702497\" target=\"_blank\">\n\t\t\t\t\t\t<span class=\"elementor-button-content-wrapper\">\n\t\t\t\t\t\t\t\t\t<span class=\"elementor-button-text\">INFOS SHOWCASE DE LEHNA<\/span>\n\t\t\t\t\t<\/span>\n\t\t\t\t\t<\/a>\n\t\t\t\t<\/div>\n\t\t\t\t\t\t<\/div>\n\t\t\t\t<\/div>\n\t\t\t\t\t<\/div>\n\t\t<\/div>\n\t\t\t\t\t<\/div>\n\t\t<\/section>\n\t\t\t\t<section class=\"elementor-section elementor-top-section elementor-element elementor-element-bc03889 elementor-section-boxed elementor-section-height-default elementor-section-height-default\" data-id=\"bc03889\" data-element_type=\"section\">\n\t\t\t\t\t\t<div class=\"elementor-container elementor-column-gap-default\">\n\t\t\t\t\t<div class=\"elementor-column elementor-col-100 elementor-top-column elementor-element elementor-element-161200c\" data-id=\"161200c\" data-element_type=\"column\">\n\t\t\t<div class=\"elementor-widget-wrap elementor-element-populated\">\n\t\t\t\t\t\t<div class=\"elementor-element elementor-element-a9c7e40 elementor-widget-divider--view-line elementor-widget elementor-widget-divider\" data-id=\"a9c7e40\" data-element_type=\"widget\" data-widget_type=\"divider.default\">\n\t\t\t\t<div class=\"elementor-widget-container\">\n\t\t\t\t\t<div class=\"elementor-divider\">\n\t\t\t<span class=\"elementor-divider-separator\">\n\t\t\t\t\t\t<\/span>\n\t\t<\/div>\n\t\t\t\t<\/div>\n\t\t\t\t<\/div>\n\t\t\t\t\t<\/div>\n\t\t<\/div>\n\t\t\t\t\t<\/div>\n\t\t<\/section>\n\t\t\t\t<section class=\"elementor-section elementor-top-section elementor-element elementor-element-c850b6e elementor-section-boxed elementor-section-height-default elementor-section-height-default\" data-id=\"c850b6e\" data-element_type=\"section\">\n\t\t\t\t\t\t<div class=\"elementor-container elementor-column-gap-default\">\n\t\t\t\t\t<div class=\"elementor-column elementor-col-100 elementor-top-column elementor-element elementor-element-7db7043\" data-id=\"7db7043\" data-element_type=\"column\">\n\t\t\t<div class=\"elementor-widget-wrap elementor-element-populated\">\n\t\t\t\t\t\t<div class=\"elementor-element elementor-element-38ea676 elementor-widget elementor-widget-heading\" data-id=\"38ea676\" data-element_type=\"widget\" data-widget_type=\"heading.default\">\n\t\t\t\t<div class=\"elementor-widget-container\">\n\t\t\t<h6 class=\"elementor-heading-title elementor-size-default\">Infos pratiques<\/h6>\t\t<\/div>\n\t\t\t\t<\/div>\n\t\t\t\t\t<\/div>\n\t\t<\/div>\n\t\t\t\t\t<\/div>\n\t\t<\/section>\n\t\t\t\t<section class=\"elementor-section elementor-top-section elementor-element elementor-element-eb5d47d elementor-section-boxed elementor-section-height-default elementor-section-height-default\" data-id=\"eb5d47d\" data-element_type=\"section\">\n\t\t\t\t\t\t<div class=\"elementor-container elementor-column-gap-default\">\n\t\t\t\t\t<div class=\"elementor-column elementor-col-100 elementor-top-column elementor-element elementor-element-3f6031f\" data-id=\"3f6031f\" data-element_type=\"column\">\n\t\t\t<div class=\"elementor-widget-wrap elementor-element-populated\">\n\t\t\t\t\t\t<div class=\"elementor-element elementor-element-fbebc25 elementor-widget elementor-widget-text-editor\" data-id=\"fbebc25\" data-element_type=\"widget\" data-widget_type=\"text-editor.default\">\n\t\t\t\t<div class=\"elementor-widget-container\">\n\t\t\t\t\t\t\t<p class=\"has-text-align-center\" style=\"overflow-wrap: break-word; -webkit-font-smoothing: antialiased; margin: auto; max-width: 950px; color: #111111; font-family: 'font custom book'; font-size: 14px; font-style: normal; font-variant-ligatures: normal; font-variant-caps: normal; font-weight: 100; text-align: left;\">Vendredi 21 Octobre \u2013 14h30<\/p><div class=\"wp-block-spacer\" style=\"margin: auto; max-width: 950px; color: #111111; font-family: 'font custom book'; font-size: 14px; font-style: normal; font-variant-ligatures: normal; font-variant-caps: normal; font-weight: 100; height: 10px; text-align: left;\" aria-hidden=\"true\">\u00a0<\/div><p class=\"has-text-align-center\" style=\"overflow-wrap: break-word; -webkit-font-smoothing: antialiased; margin: auto; max-width: 950px; color: #111111; font-family: 'font custom book'; font-size: 14px; font-style: normal; font-variant-ligatures: normal; font-variant-caps: normal; font-weight: 100; text-align: left;\">360 Paris Music Factory<br style=\"margin-top: 0px; margin-bottom: 0px;\" \/>32 rue Myrha \u2013 Paris 18<\/p>\t\t\t\t\t\t<\/div>\n\t\t\t\t<\/div>\n\t\t\t\t\t<\/div>\n\t\t<\/div>\n\t\t\t\t\t<\/div>\n\t\t<\/section>\n\t\t\t\t<\/div>\n\t\t","protected":false},"excerpt":{"rendered":"<p>RENCONTRE PROFESSIONNELLES Musiques du monde, Musiques actuelles : de la transmission \u00e0 la diffusion dans un contexte de crise pour l&#8217;ensemble du secteur. Avec une volont\u00e9 de mieux conna\u00eetre les enjeux de chacun, le\u00a0RIF\u00a0(R\u00e9seau des musiques actuelles en Ile-de-France) et le Collectif<\/p>\n<p class=\"link-more\"><a class=\"myButt \" href=\"https:\/\/collectifmdm-idf.org\/annuaire5\/rencontres-professionnelles-le-vendredi-21-octobre\/\">EN SAVOIR +<\/a><\/p>\n","protected":false},"author":1,"featured_media":6245,"comment_status":"open","ping_status":"open","sticky":false,"template":"","format":"standard","meta":{"_rtcl_gb_attr":"","footnotes":""},"categories":[15,9],"tags":[],"class_list":["post-6215","post","type-post","status-publish","format-standard","has-post-thumbnail","hentry","category-evenement","category-rencontres"],"_links":{"self":[{"href":"https:\/\/collectifmdm-idf.org\/annuaire5\/wp-json\/wp\/v2\/posts\/6215","targetHints":{"allow":["GET"]}}],"collection":[{"href":"https:\/\/collectifmdm-idf.org\/annuaire5\/wp-json\/wp\/v2\/posts"}],"about":[{"href":"https:\/\/collectifmdm-idf.org\/annuaire5\/wp-json\/wp\/v2\/types\/post"}],"author":[{"embeddable":true,"href":"https:\/\/collectifmdm-idf.org\/annuaire5\/wp-json\/wp\/v2\/users\/1"}],"replies":[{"embeddable":true,"href":"https:\/\/collectifmdm-idf.org\/annuaire5\/wp-json\/wp\/v2\/comments?post=6215"}],"version-history":[{"count":0,"href":"https:\/\/collectifmdm-idf.org\/annuaire5\/wp-json\/wp\/v2\/posts\/6215\/revisions"}],"wp:featuredmedia":[{"embeddable":true,"href":"https:\/\/collectifmdm-idf.org\/annuaire5\/wp-json\/wp\/v2\/media\/6245"}],"wp:attachment":[{"href":"https:\/\/collectifmdm-idf.org\/annuaire5\/wp-json\/wp\/v2\/media?parent=6215"}],"wp:term":[{"taxonomy":"category","embeddable":true,"href":"https:\/\/collectifmdm-idf.org\/annuaire5\/wp-json\/wp\/v2\/categories?post=6215"},{"taxonomy":"post_tag","embeddable":true,"href":"https:\/\/collectifmdm-idf.org\/annuaire5\/wp-json\/wp\/v2\/tags?post=6215"}],"curies":[{"name":"wp","href":"https:\/\/api.w.org\/{rel}","templated":true}]}}