{"id":6112,"date":"2022-08-25T11:11:31","date_gmt":"2022-08-25T09:11:31","guid":{"rendered":"https:\/\/collectifmdm-idf.org\/?p=6112"},"modified":"2024-05-28T12:22:10","modified_gmt":"2024-05-28T10:22:10","slug":"scenesdumondeaucanal1","status":"publish","type":"post","link":"https:\/\/collectifmdm-idf.org\/annuaire5\/scenesdumondeaucanal1\/","title":{"rendered":"Appel \u00e0 candidatures cl\u00f4tur\u00e9 !"},"content":{"rendered":"\t\t<div data-elementor-type=\"wp-post\" data-elementor-id=\"6112\" class=\"elementor elementor-6112\">\n\t\t\t\t\t\t<section class=\"elementor-section elementor-top-section elementor-element elementor-element-60d39484 elementor-section-boxed elementor-section-height-default elementor-section-height-default\" data-id=\"60d39484\" data-element_type=\"section\">\n\t\t\t\t\t\t<div class=\"elementor-container elementor-column-gap-default\">\n\t\t\t\t\t<div class=\"elementor-column elementor-col-100 elementor-top-column elementor-element elementor-element-7b34bd87\" data-id=\"7b34bd87\" data-element_type=\"column\">\n\t\t\t<div class=\"elementor-widget-wrap elementor-element-populated\">\n\t\t\t\t\t\t<div class=\"elementor-element elementor-element-5c7b911d elementor-widget__width-initial elementor-widget elementor-widget-text-editor\" data-id=\"5c7b911d\" data-element_type=\"widget\" data-widget_type=\"text-editor.default\">\n\t\t\t\t<div class=\"elementor-widget-container\">\n\t\t\t\t\t\t\t<p><img decoding=\"async\" class=\"aligncenter wp-image-6683\" src=\"https:\/\/collectifmdm-idf.org\/wp-content\/uploads\/2023\/01\/cover.jpg.png\" alt=\"\" width=\"239\" height=\"177\" srcset=\"https:\/\/collectifmdm-idf.org\/annuaire5\/wp-content\/uploads\/2023\/01\/cover.jpg.png 958w, https:\/\/collectifmdm-idf.org\/annuaire5\/wp-content\/uploads\/2023\/01\/cover.jpg-300x222.png 300w, https:\/\/collectifmdm-idf.org\/annuaire5\/wp-content\/uploads\/2023\/01\/cover.jpg-768x569.png 768w\" sizes=\"(max-width: 239px) 100vw, 239px\" \/><\/p><p><span style=\"color: #000000;\"><strong>Suite \u00e0 un probl\u00e8me technique sur la s\u00e9curit\u00e9 de la salle, les dates de Sc\u00e8nes du Monde au Canal sont report\u00e9es.<\/strong><\/span><\/p><p>\u27a4 Artistes, musiciens, chanteurs, danseurs : 5<strong>\u00a0dates entre f\u00e9vrier et mai 2023<\/strong>\u00a0pour pr\u00e9senter votre projet\u00a0<strong>au\u00a0<\/strong><strong>c\u0153ur<\/strong><strong>\u00a0de Paris<\/strong> !<\/p><p>\u27a4 Appel \u00e0 candidature cl\u00f4tur\u00e9 depuis le\u00a0<strong>jeudi<\/strong> <strong>22 septembre \u00e0 minuit <\/strong>!<\/p><p>\u27a4 Modalit\u00e9 d&#8217;inscription dans la section &#8220;<strong>pour candidater<\/strong>&#8220;.<\/p><h3><strong style=\"color: #ed7f0c;\"><br \/><span style=\"color: #e54e1a;\">OBJECTIFS<\/span><\/strong><\/h3><p style=\"text-align: left;\">\u27a4<span style=\"color: #7c14a6;\"> <a class=\"\" style=\"color: #7c14a6;\" href=\"https:\/\/www.crl10.net\/\" target=\"_blank\" rel=\"noopener\"><strong>Le CRL10<\/strong><\/a><\/span>, <span style=\"color: #000000;\">adh\u00e9rent <\/span>du <strong>Collectif\u00a0 des Musiques et Danses du monde en Ile de France<\/strong>, souhaite proposer\u00a0<strong>un rendez-vous r\u00e9gulier et rep\u00e9r\u00e9<\/strong>\u00a0pour les musiques et les danses du Monde.\u00a0<strong>L\u2019objectif principal est de cr\u00e9er une vitrine pour ces\u00a0esth\u00e9tiques, de favoriser la circulation des projets et la mise en r\u00e9seau<\/strong>. Ce dispositif\u00a0constitue un outil\u00a0<strong>au service des artistes, des producteurs et de l\u2019ensemble de la fili\u00e8re<\/strong>. <img decoding=\"async\" class=\"emoji\" role=\"img\" draggable=\"false\" src=\"https:\/\/s.w.org\/images\/core\/emoji\/14.0.0\/svg\/1f91d.svg\" alt=\"\ud83e\udd1d\" \/><\/p><p style=\"text-align: left;\">\u27a4 Il s\u2019agit par ailleurs de\u00a0<strong>sensibiliser de nouveaux publics aux musiques et danses du monde<\/strong>. <img decoding=\"async\" class=\"emoji\" role=\"img\" draggable=\"false\" src=\"https:\/\/s.w.org\/images\/core\/emoji\/14.0.0\/svg\/1f3b5.svg\" alt=\"\ud83c\udfb5\" \/><\/p><h3 style=\"text-align: left;\"><span style=\"color: #e54e1a;\"><strong>CONTEXTE<\/strong><\/span><\/h3><p style=\"text-align: left;\">\u27a4 La Sc\u00e8ne du Canal a \u00e9t\u00e9 r\u00e9cemment r\u00e9nov\u00e9e (116 Quai de Jemmapes 75010 Paris).<\/p><p style=\"text-align: left;\">\u27a4 Une belle salle flambant neuve au c\u0153ur de Paris dans un arrondissement tr\u00e8s vivant et riche d\u2019associations culturelles tr\u00e8s diverses ! Ne ratez pas cette occasion ! <img decoding=\"async\" class=\"emoji\" role=\"img\" draggable=\"false\" src=\"https:\/\/s.w.org\/images\/core\/emoji\/14.0.0\/svg\/1f609.svg\" alt=\"\ud83d\ude09\" \/><\/p><div><p style=\"text-align: left;\"><img decoding=\"async\" class=\"emoji\" role=\"img\" draggable=\"false\" src=\"https:\/\/s.w.org\/images\/core\/emoji\/14.0.0\/svg\/1f4c5.svg\" alt=\"\ud83d\udcc5\" \/> Mercredi 1er f\u00e9vrier<br \/><img decoding=\"async\" class=\"emoji\" role=\"img\" draggable=\"false\" src=\"https:\/\/s.w.org\/images\/core\/emoji\/14.0.0\/svg\/1f4c5.svg\" alt=\"\ud83d\udcc5\" \/> Mercredi 8 mars<br \/><img decoding=\"async\" class=\"emoji\" role=\"img\" draggable=\"false\" src=\"https:\/\/s.w.org\/images\/core\/emoji\/14.0.0\/svg\/1f4c5.svg\" alt=\"\ud83d\udcc5\" \/> Mercredi 5 avril<br \/><img decoding=\"async\" class=\"emoji\" role=\"img\" draggable=\"false\" src=\"https:\/\/s.w.org\/images\/core\/emoji\/14.0.0\/svg\/1f4c5.svg\" alt=\"\ud83d\udcc5\" \/> Mercredi 10 mai<br \/><img decoding=\"async\" class=\"emoji\" role=\"img\" draggable=\"false\" src=\"https:\/\/s.w.org\/images\/core\/emoji\/14.0.0\/svg\/1f4c5.svg\" alt=\"\ud83d\udcc5\" \/> Mercredi 24 mai<\/p><h3 style=\"text-align: left;\"><span style=\"color: #e54e1a;\"><strong>CRIT\u00c8RES<\/strong><\/span><\/h3><p style=\"text-align: left;\">\u27a4 Le projet doit \u00eatre port\u00e9 par une structure adh\u00e9rente au Collectif des musiques du Monde en \u00cele-de-France.<\/p><p style=\"text-align: left;\">\u27a4 Le spectacle doit avoir \u00e9t\u00e9 cr\u00e9\u00e9 dans les trois derni\u00e8res ann\u00e9es.<\/p><p style=\"text-align: left;\">\u27a4 Il doit \u00eatre accompagn\u00e9 par une structure professionnelle.<\/p><p style=\"text-align: left;\">\u27a4 La capacit\u00e9 des \u00e9quipes artistiques candidates \u00e0 mener des actions culturelles (ateliers, master class\u2026) constituera un plus. La m\u00e9diation culturelle fait partie des missions du CRL10 qui mobilise r\u00e9guli\u00e8rement des \u00e9coles, des associations ou des ateliers men\u00e9s dans ses centres.<\/p><p style=\"text-align: left;\">\u27a4 Les plateaux propos\u00e9s ne pourront pas exc\u00e9der quatre artistes sur sc\u00e8ne.<\/p><p style=\"text-align: left;\">\u27a4 Si vous disposez d\u2019une note d\u2019intention artistique, merci de la joindre \u00e0 votre candidature.<\/p><p style=\"text-align: left;\">\u27a4 Vous devrez pr\u00e9ciser les coordonn\u00e9es de la structure porteuse.<\/p><p style=\"text-align: left;\">\u27a4 Pour \u00eatre prise en compte, la candidature devra \u00eatre accompagn\u00e9e des documents de promotion suivants :<br \/>o Liens vers des fichiers audio ;<br \/>o Liens vers des fichiers vid\u00e9o (Site de l\u2019artiste, YouTube, Dailymotion ou autre&#8230;) ;<br \/>o Une photo de qualit\u00e9 professionnelle (300 DPI) ;<br \/>o Une fiche technique du projet.<\/p><h3 style=\"text-align: left;\"><span style=\"color: #e54e1a;\"><strong>CONDITIONS DE FAISABILIT\u00c9<\/strong><\/span><\/h3><p>\u27a4 L&#8217;organisateur (le CRL10) prend en charge un cachet par artiste aux minimas de la branche et une part de cor\u00e9alisation c\u2019est-\u00e0-dire un int\u00e9ressement sur la billetterie.<\/p><p>\u27a4 L\u2019organisateur (Le CRL10) prend en charge le catering, les repas, les droits d\u2019auteurs et les co\u00fbts techniques des projets concern\u00e9s ainsi que l\u2019ensemble des salaires et charges de ses personnels. L\u2019organisateur applique la convention collective de l\u2019animation.<\/p><p style=\"text-align: left;\">\u27a4 La salle est mise \u00e0 disposition en \u00e9tat de marche avec un r\u00e9gisseur son et lumi\u00e8re.<\/p><p style=\"text-align: left;\">\u27a4 Le concert ne devra pas exc\u00e9der 1h20.<\/p><p style=\"text-align: left;\">\u27a4 La salle : 110 places assises ou 220 debout.<\/p><p style=\"text-align: left;\">\u27a4 \u00c0 noter : la salle est tenue de respecter un niveau sonore raisonnable dans le choix des projets artistiques programm\u00e9s.<\/p><p style=\"text-align: left;\">\u27a4 Les organisateurs prennent en charge la communication globale du dispositif, il revient aux artistes et aux repr\u00e9sentants.tes des artistes d\u2019initier des actions de communication sp\u00e9cifiques qui viennent compl\u00e9ter la communication globale. Le Collectif des Musiques et Danses du monde en Ile-de-France mobilisera ses moyens mat\u00e9riels et humains afin de renforcer la communication de ces \u00e9v\u00e9nements.<\/p><p style=\"text-align: left;\">\u27a4 Date limite de d\u00e9p\u00f4t des candidatures : jeudi 22 septembre 2022 \u00e0 minuit.<\/p><p style=\"text-align: left;\">La s\u00e9lection est assur\u00e9e par le CRL10.<\/p><p style=\"text-align: left;\">Le Collectif viendra en renfort pour relayer l&#8217;information.<\/p><h3 style=\"text-align: left;\"><span style=\"color: #e54e1a;\"><strong>POUR CANDIDATER<\/strong><\/span><\/h3><p style=\"text-align: left;\">\u27a4 Remplir le formulaire suivant : <strong><a href=\"https:\/\/docs.google.com\/forms\/d\/1nvs2GAP2mC_gVBJZA_6L9kZRjORAETl0cvjt-BTxGRY\/edit\" target=\"_blank\" rel=\"noopener\">formulaire de candidature<\/a><\/strong>.<\/p><p style=\"text-align: left;\">\u27a4 Les PJ sont en \u00e0 envoyer \u00e0 prod.collectifmdmidf@gmail.com ET \u00e0 jean-marie.guezala@crl10.net.<\/p><p style=\"text-align: left;\">Nous vous remercions de votre participation ! N&#8217;h\u00e9sitez pas \u00e0 nous contacter pour des compl\u00e9ments d&#8217;informations.<\/p><p style=\"text-align: left;\">\u00c0 bient\u00f4t.<\/p><p style=\"text-align: left;\"><strong><span style=\"color: #000000;\">Pour en savoir plus sur l&#8217;adh\u00e9sion au Collectif MDM IdF, cliquez <span style=\"color: #ed7f0c;\"><a style=\"color: #ed7f0c;\" href=\"https:\/\/collectifmdm-idf.org\/adherer\/\" target=\"_blank\" rel=\"noopener\">ici<\/a><\/span>.<\/span><\/strong><\/p><\/div><div><p style=\"text-align: center;\">LES PARTENAIRES DU COLLECTIF :<\/p><p><img decoding=\"async\" class=\"aligncenter size-medium wp-image-6121\" src=\"https:\/\/collectifmdm-idf.org\/wp-content\/uploads\/2022\/08\/partenaires-300x58.png\" alt=\"\" width=\"300\" height=\"58\" srcset=\"https:\/\/collectifmdm-idf.org\/annuaire5\/wp-content\/uploads\/2022\/08\/partenaires-300x58.png 300w, https:\/\/collectifmdm-idf.org\/annuaire5\/wp-content\/uploads\/2022\/08\/partenaires.png 341w\" sizes=\"(max-width: 300px) 100vw, 300px\" \/>\u00a055<\/p><\/div>\t\t\t\t\t\t<\/div>\n\t\t\t\t<\/div>\n\t\t\t\t\t<\/div>\n\t\t<\/div>\n\t\t\t\t\t<\/div>\n\t\t<\/section>\n\t\t\t\t<\/div>\n\t\t","protected":false},"excerpt":{"rendered":"<p>Suite \u00e0 un probl\u00e8me technique sur la s\u00e9curit\u00e9 de la salle, les dates de Sc\u00e8nes du Monde au Canal sont report\u00e9es. \u27a4 Artistes, musiciens, chanteurs, danseurs : 5\u00a0dates entre f\u00e9vrier et mai 2023\u00a0pour pr\u00e9senter votre projet\u00a0au\u00a0c\u0153ur\u00a0de Paris ! \u27a4 Appel \u00e0 candidature<\/p>\n<p class=\"link-more\"><a class=\"myButt \" href=\"https:\/\/collectifmdm-idf.org\/annuaire5\/scenesdumondeaucanal1\/\">EN SAVOIR +<\/a><\/p>\n","protected":false},"author":1,"featured_media":6681,"comment_status":"open","ping_status":"open","sticky":false,"template":"elementor_canvas","format":"standard","meta":{"_rtcl_gb_attr":"","footnotes":""},"categories":[37,7,87],"tags":[],"class_list":["post-6112","post","type-post","status-publish","format-standard","has-post-thumbnail","hentry","category-appel-a-candidatures","category-concert","category-spectacles-collectif-en-tournee-3"],"_links":{"self":[{"href":"https:\/\/collectifmdm-idf.org\/annuaire5\/wp-json\/wp\/v2\/posts\/6112","targetHints":{"allow":["GET"]}}],"collection":[{"href":"https:\/\/collectifmdm-idf.org\/annuaire5\/wp-json\/wp\/v2\/posts"}],"about":[{"href":"https:\/\/collectifmdm-idf.org\/annuaire5\/wp-json\/wp\/v2\/types\/post"}],"author":[{"embeddable":true,"href":"https:\/\/collectifmdm-idf.org\/annuaire5\/wp-json\/wp\/v2\/users\/1"}],"replies":[{"embeddable":true,"href":"https:\/\/collectifmdm-idf.org\/annuaire5\/wp-json\/wp\/v2\/comments?post=6112"}],"version-history":[{"count":6,"href":"https:\/\/collectifmdm-idf.org\/annuaire5\/wp-json\/wp\/v2\/posts\/6112\/revisions"}],"predecessor-version":[{"id":14971,"href":"https:\/\/collectifmdm-idf.org\/annuaire5\/wp-json\/wp\/v2\/posts\/6112\/revisions\/14971"}],"wp:featuredmedia":[{"embeddable":true,"href":"https:\/\/collectifmdm-idf.org\/annuaire5\/wp-json\/wp\/v2\/media\/6681"}],"wp:attachment":[{"href":"https:\/\/collectifmdm-idf.org\/annuaire5\/wp-json\/wp\/v2\/media?parent=6112"}],"wp:term":[{"taxonomy":"category","embeddable":true,"href":"https:\/\/collectifmdm-idf.org\/annuaire5\/wp-json\/wp\/v2\/categories?post=6112"},{"taxonomy":"post_tag","embeddable":true,"href":"https:\/\/collectifmdm-idf.org\/annuaire5\/wp-json\/wp\/v2\/tags?post=6112"}],"curies":[{"name":"wp","href":"https:\/\/api.w.org\/{rel}","templated":true}]}}