{"id":61,"date":"2019-03-29T11:56:00","date_gmt":"2019-03-29T10:56:00","guid":{"rendered":"http:\/\/collectifmdm-idf.org\/?p=61"},"modified":"2020-02-09T20:16:33","modified_gmt":"2020-02-09T19:16:33","slug":"samedi-30-mars-2019-%e2%80%a2-rencontre-professionnelle-musiques-du-monde-droits-des-artistes","status":"publish","type":"post","link":"https:\/\/collectifmdm-idf.org\/annuaire5\/samedi-30-mars-2019-%e2%80%a2-rencontre-professionnelle-musiques-du-monde-droits-des-artistes\/","title":{"rendered":"SAMEDI 30 MARS 2019 \u2022 RENCONTRE PROFESSIONNELLE \u00ab MUSIQUES DU MONDE &#038; DROITS DES ARTISTES \u00bb"},"content":{"rendered":"\n<h2 class=\"wp-block-heading\"><\/h2>\n\n\n\n<p class=\"has-medium-font-size\">Dans le cadre de la 8\u00e8me \u00e9dition, d\u00e9di\u00e9e \u00e0 <strong>Hilaire Hega Penda<\/strong> son fondateur, le <strong>Festival Rares Talents<\/strong> organise une  Rencontre Professionnelle \u00e0 Montreuil (93) sur le th\u00e8me :<\/p>\n\n\n\n<p class=\"has-text-align-center has-medium-font-size\"><strong>MUSIQUES DU MONDE &amp; DROITS DES ARTISTES<\/strong><\/p>\n\n\n\n<p class=\"has-medium-font-size\">Anim\u00e9e par <strong>Bertrand MOUGIN<\/strong>, Pr\u00e9sident de l\u2019Association Rares Talents<\/p>\n\n\n\n<p class=\"has-medium-font-size\">\u2022 Pr\u00e9sentation :<br><br>Le 14 Septembre 2018, s\u2019est d\u00e9roul\u00e9e la premi\u00e8re <strong>Journ\u00e9e Africaine du Droit d\u2019Auteur et de la Gestion collective (JADAG) <\/strong> sous l\u2019\u00e9gide de la <strong>Conf\u00e9d\u00e9ration Internationale des Soci\u00e9t\u00e9s d\u2019Auteurs  et Compositeurs (CISAC)<\/strong> pendant laquelle plus de 20 organisations de  gestion collective membres de la <strong>CISAC<\/strong> se sont mobilis\u00e9es lors de  r\u00e9unions avec les artistes \u00ab ambassadeurs \u00bb, d\u2019ateliers sur le droit  d\u2019auteur, de tables rondes, de concerts et de c\u00e9r\u00e9monies.<\/p>\n\n\n\n<p class=\"has-medium-font-size\">Cet  \u00e9v\u00e9nement important dans le monde de la musique africaine est pour nous  l\u2019occasion de revenir sur ces d\u00e9bats et de tenter d\u2019analyser et de  comprendre les principaux enjeux de la gestion des droits des artistes.<\/p>\n\n\n\n<p class=\"has-medium-font-size\">\u2022 Intervenants pressentis :<br><br>\u2013 <strong>Me Yvon Laurier NGOMBE<\/strong> \u2013 Cabinet YVON NGOMBE \u2013 auteur de \u00ab\u00a0Le droit d\u2019auteur en Afrique\u00a0\u00bb (L\u2019Harmattan)<br><br>\u2013 <strong>Me Karine MAZAND-MBOUMBA TCHITOULA<\/strong> \u2013 Cabinet MMT AVOCATS<br>\u2013 <strong>Matthieu CHABAUD<\/strong> \u2013 \u00e9diteur, membre de la CSDEM, SCHUBERT MUSIC<br><br>\u2013 <strong>LULENDO<\/strong> \u2013 Artiste, auteur-compositeur<br><\/p>\n\n\n\n<h2 class=\"wp-block-heading\"><\/h2>\n\n\n\n<p class=\"has-medium-font-size\"><strong>Samedi 30 Mars 2019 \u00e0 14H30<\/strong><br><strong>Th\u00e9\u00e2tre Berthelot<\/strong><br>6 rue Marcelin Berthelot<br>93100 <strong>Montreuil<\/strong>.<br>M\u00e9tro Croix de Chavaux<br><br>Renseignements :  06 41 36 79 23<br><br><a rel=\"noreferrer noopener\" href=\"mailto:info@rarestalents.com\" target=\"_blank\">info@rarestalents.com<\/a><br><a rel=\"noreferrer noopener\" href=\"http:\/\/www.rarestalents.com\" target=\"_blank\">www.rarestalents.com<\/a><\/p>\n\n\n\n<h2 class=\"wp-block-heading\"><\/h2>\n\n\n\n<p class=\"has-text-color has-text-align-center has-medium-font-size has-luminous-vivid-orange-color\"><strong>&#8212;o&#8212;<\/strong><\/p>\n\n\n\n<hr class=\"wp-block-separator\"\/>\n","protected":false},"excerpt":{"rendered":"<p>Dans le cadre de la 8\u00e8me \u00e9dition, d\u00e9di\u00e9e \u00e0 Hilaire Hega Penda son fondateur, le Festival Rares Talents organise une Rencontre Professionnelle \u00e0 Montreuil (93) sur le th\u00e8me : MUSIQUES DU MONDE &amp; DROITS DES ARTISTES Anim\u00e9e par Bertrand MOUGIN, Pr\u00e9sident de<\/p>\n<p class=\"link-more\"><a class=\"myButt \" href=\"https:\/\/collectifmdm-idf.org\/annuaire5\/samedi-30-mars-2019-%e2%80%a2-rencontre-professionnelle-musiques-du-monde-droits-des-artistes\/\">EN SAVOIR +<\/a><\/p>\n","protected":false},"author":1,"featured_media":0,"comment_status":"open","ping_status":"open","sticky":false,"template":"","format":"standard","meta":{"_rtcl_gb_attr":"","footnotes":""},"categories":[9],"tags":[],"class_list":["post-61","post","type-post","status-publish","format-standard","hentry","category-rencontres"],"_links":{"self":[{"href":"https:\/\/collectifmdm-idf.org\/annuaire5\/wp-json\/wp\/v2\/posts\/61","targetHints":{"allow":["GET"]}}],"collection":[{"href":"https:\/\/collectifmdm-idf.org\/annuaire5\/wp-json\/wp\/v2\/posts"}],"about":[{"href":"https:\/\/collectifmdm-idf.org\/annuaire5\/wp-json\/wp\/v2\/types\/post"}],"author":[{"embeddable":true,"href":"https:\/\/collectifmdm-idf.org\/annuaire5\/wp-json\/wp\/v2\/users\/1"}],"replies":[{"embeddable":true,"href":"https:\/\/collectifmdm-idf.org\/annuaire5\/wp-json\/wp\/v2\/comments?post=61"}],"version-history":[{"count":0,"href":"https:\/\/collectifmdm-idf.org\/annuaire5\/wp-json\/wp\/v2\/posts\/61\/revisions"}],"wp:attachment":[{"href":"https:\/\/collectifmdm-idf.org\/annuaire5\/wp-json\/wp\/v2\/media?parent=61"}],"wp:term":[{"taxonomy":"category","embeddable":true,"href":"https:\/\/collectifmdm-idf.org\/annuaire5\/wp-json\/wp\/v2\/categories?post=61"},{"taxonomy":"post_tag","embeddable":true,"href":"https:\/\/collectifmdm-idf.org\/annuaire5\/wp-json\/wp\/v2\/tags?post=61"}],"curies":[{"name":"wp","href":"https:\/\/api.w.org\/{rel}","templated":true}]}}