{"id":5973,"date":"2022-06-23T18:00:32","date_gmt":"2022-06-23T16:00:32","guid":{"rendered":"https:\/\/collectifmdm-idf.org\/?p=5973"},"modified":"2023-01-30T17:59:28","modified_gmt":"2023-01-30T16:59:28","slug":"helena-recalde-les-dames-de-la-joliette-au-point-fort","status":"publish","type":"post","link":"https:\/\/collectifmdm-idf.org\/annuaire5\/helena-recalde-les-dames-de-la-joliette-au-point-fort\/","title":{"rendered":"Helena R\u00e9calde + Les Dames de la Joliette au Point Fort"},"content":{"rendered":"\n<p><a href=\"https:\/\/www.facebook.com\/helenarecaldemusic?__cft__[0]=AZWtfueg1OhSDonTuWkF_INZDjKcrUNVliJ3HpgH26hkP04oAWDHOUOybEeuZaHgwgq2ZPk1KCeaACsoCmLpXxLOYtwFnWSYQcE6BHPlnTCTTC1BMoHl6CdUatV-kNzxGMHNTQlSLeIn0H3MBylM6SI6Kzjblnwdr2EDFoC-ZzvJ0BK560fLGlp5UQrFQp3YBgQjH1-nJDlHBhA7VkED1vm7&amp;__tn__=-]K-R\">Helena R\u00e9calde<\/a> nous a fait d\u00e9couvrir, le 17 Juin, son tr\u00e8s beau nouvel album sur la sc\u00e8ne sur la sc\u00e8ne Le Point Fort d&#8217;Aubervilliers !<\/p>\n\n\n\n<p>Parmi les nombreux\u2022es artistes qui ont accompagn\u00e9 Helena, Fady Farah (piano), Javier Estrella (batterie), <a href=\"https:\/\/www.facebook.com\/NinonValderartiste\/?__cft__[0]=AZWtfueg1OhSDonTuWkF_INZDjKcrUNVliJ3HpgH26hkP04oAWDHOUOybEeuZaHgwgq2ZPk1KCeaACsoCmLpXxLOYtwFnWSYQcE6BHPlnTCTTC1BMoHl6CdUatV-kNzxGMHNTQlSLeIn0H3MBylM6SI6Kzjblnwdr2EDFoC-ZzvJ0BK560fLGlp5UQrFQp3YBgQjH1-nJDlHBhA7VkED1vm7&amp;__tn__=kK-R\">Ninon Valder &#8211; page artiste<\/a> (fl\u00fbte), Kana Sekiguchi (choeurs), Alexandre Martin (choeurs) et Tamayo !<\/p>\n\n\n\n<p>Un concert unique aux couleurs Afro Andina et Latin Jazz.<\/p>\n\n\n\n<p><a href=\"https:\/\/www.facebook.com\/lesdamesdelajoliette?__cft__[0]=AZUQtnfiAU0uMEJ_ARXi2K5L5Zj2Yt7JZJEkl-2Od4eOIgRVHxGVMTDEBMquY94PrXddtdCidkrudxj5yrJ-ase05LKjKVm0D7syHRKIcm11kQakwDALjiG0lPSW6WY2LaGYvnM4SscQZlImxpoUO59gAAIpxLX8xWEt_7K4T3omhJuuh7p8z-jNsgeUQUyp53oP-nsSpcb-sg5fpqffPyXjqprwXzzkjost2yTkTzw7qA&amp;__tn__=-]K-R\">Les Dames de la Joliette<\/a>, laur\u00e9ates du Prix des Musiques d&#8217;ICI 2021, nous ont \u00e9galement fait l&#8217;honneur de pr\u00e9senter leur nouvel album lors d&#8217;un show vibrant !<\/p>\n\n\n\n<p>Port\u00e9s\u2022es par leurs polyphonies, les 5 Reines de la M\u00e9diterran\u00e9e nous ont embarqu\u00e9s\u2022es dans un merveilleux voyage sur les textes de po\u00e9tesses du monde<\/p>\n\n\n\n<p>\u00a9 Fatima Jellaoui<\/p>\n\n\n\n<figure class=\"wp-block-gallery has-nested-images columns-default is-cropped wp-block-gallery-1 is-layout-flex wp-block-gallery-is-layout-flex\">\n<figure class=\"wp-block-image size-large\"><img fetchpriority=\"high\" decoding=\"async\" width=\"2560\" height=\"1707\" data-id=\"5979\" src=\"https:\/\/collectifmdm-idf.org\/wp-content\/uploads\/2022\/06\/helena_recalde_17juin_11-scaled.jpeg\" alt=\"\" class=\"wp-image-5979\" srcset=\"https:\/\/collectifmdm-idf.org\/annuaire5\/wp-content\/uploads\/2022\/06\/helena_recalde_17juin_11-scaled.jpeg 2560w, https:\/\/collectifmdm-idf.org\/annuaire5\/wp-content\/uploads\/2022\/06\/helena_recalde_17juin_11-300x200.jpeg 300w, https:\/\/collectifmdm-idf.org\/annuaire5\/wp-content\/uploads\/2022\/06\/helena_recalde_17juin_11-1024x683.jpeg 1024w, https:\/\/collectifmdm-idf.org\/annuaire5\/wp-content\/uploads\/2022\/06\/helena_recalde_17juin_11-768x512.jpeg 768w, https:\/\/collectifmdm-idf.org\/annuaire5\/wp-content\/uploads\/2022\/06\/helena_recalde_17juin_11-1536x1024.jpeg 1536w, https:\/\/collectifmdm-idf.org\/annuaire5\/wp-content\/uploads\/2022\/06\/helena_recalde_17juin_11-2048x1366.jpeg 2048w\" sizes=\"(max-width: 2560px) 100vw, 2560px\" \/><\/figure>\n\n\n\n<figure class=\"wp-block-image size-large\"><img decoding=\"async\" width=\"2118\" height=\"1412\" data-id=\"5980\" src=\"https:\/\/collectifmdm-idf.org\/wp-content\/uploads\/2022\/06\/helena_recalde_17juin_12.jpeg\" alt=\"\" class=\"wp-image-5980\" srcset=\"https:\/\/collectifmdm-idf.org\/annuaire5\/wp-content\/uploads\/2022\/06\/helena_recalde_17juin_12.jpeg 2118w, https:\/\/collectifmdm-idf.org\/annuaire5\/wp-content\/uploads\/2022\/06\/helena_recalde_17juin_12-300x200.jpeg 300w, https:\/\/collectifmdm-idf.org\/annuaire5\/wp-content\/uploads\/2022\/06\/helena_recalde_17juin_12-1024x683.jpeg 1024w, https:\/\/collectifmdm-idf.org\/annuaire5\/wp-content\/uploads\/2022\/06\/helena_recalde_17juin_12-768x512.jpeg 768w, https:\/\/collectifmdm-idf.org\/annuaire5\/wp-content\/uploads\/2022\/06\/helena_recalde_17juin_12-1536x1024.jpeg 1536w, https:\/\/collectifmdm-idf.org\/annuaire5\/wp-content\/uploads\/2022\/06\/helena_recalde_17juin_12-2048x1365.jpeg 2048w\" sizes=\"(max-width: 2118px) 100vw, 2118px\" \/><\/figure>\n\n\n\n<figure class=\"wp-block-image size-large\"><img decoding=\"async\" width=\"2560\" height=\"1707\" data-id=\"5981\" src=\"https:\/\/collectifmdm-idf.org\/wp-content\/uploads\/2022\/06\/helena_recalde_17juin_13-scaled.jpeg\" alt=\"\" class=\"wp-image-5981\" srcset=\"https:\/\/collectifmdm-idf.org\/annuaire5\/wp-content\/uploads\/2022\/06\/helena_recalde_17juin_13-scaled.jpeg 2560w, https:\/\/collectifmdm-idf.org\/annuaire5\/wp-content\/uploads\/2022\/06\/helena_recalde_17juin_13-300x200.jpeg 300w, https:\/\/collectifmdm-idf.org\/annuaire5\/wp-content\/uploads\/2022\/06\/helena_recalde_17juin_13-1024x683.jpeg 1024w, https:\/\/collectifmdm-idf.org\/annuaire5\/wp-content\/uploads\/2022\/06\/helena_recalde_17juin_13-768x512.jpeg 768w, https:\/\/collectifmdm-idf.org\/annuaire5\/wp-content\/uploads\/2022\/06\/helena_recalde_17juin_13-1536x1024.jpeg 1536w, https:\/\/collectifmdm-idf.org\/annuaire5\/wp-content\/uploads\/2022\/06\/helena_recalde_17juin_13-2048x1365.jpeg 2048w\" sizes=\"(max-width: 2560px) 100vw, 2560px\" \/><\/figure>\n\n\n\n<figure class=\"wp-block-image size-large\"><img loading=\"lazy\" decoding=\"async\" width=\"2482\" height=\"1655\" data-id=\"6026\" src=\"https:\/\/collectifmdm-idf.org\/wp-content\/uploads\/2022\/06\/helena_recalde_17juin_5-4.jpeg\" alt=\"\" class=\"wp-image-6026\" srcset=\"https:\/\/collectifmdm-idf.org\/annuaire5\/wp-content\/uploads\/2022\/06\/helena_recalde_17juin_5-4.jpeg 2482w, https:\/\/collectifmdm-idf.org\/annuaire5\/wp-content\/uploads\/2022\/06\/helena_recalde_17juin_5-4-300x200.jpeg 300w, https:\/\/collectifmdm-idf.org\/annuaire5\/wp-content\/uploads\/2022\/06\/helena_recalde_17juin_5-4-1024x683.jpeg 1024w, https:\/\/collectifmdm-idf.org\/annuaire5\/wp-content\/uploads\/2022\/06\/helena_recalde_17juin_5-4-768x512.jpeg 768w, https:\/\/collectifmdm-idf.org\/annuaire5\/wp-content\/uploads\/2022\/06\/helena_recalde_17juin_5-4-1536x1024.jpeg 1536w, https:\/\/collectifmdm-idf.org\/annuaire5\/wp-content\/uploads\/2022\/06\/helena_recalde_17juin_5-4-2048x1366.jpeg 2048w, https:\/\/collectifmdm-idf.org\/annuaire5\/wp-content\/uploads\/2022\/06\/helena_recalde_17juin_5-4-272x182.jpeg 272w\" sizes=\"(max-width: 2482px) 100vw, 2482px\" \/><\/figure>\n\n\n\n<figure class=\"wp-block-image size-large\"><img loading=\"lazy\" decoding=\"async\" width=\"1697\" height=\"2545\" data-id=\"6027\" src=\"https:\/\/collectifmdm-idf.org\/wp-content\/uploads\/2022\/06\/helena_recalde_17juin_7-3.jpeg\" alt=\"\" class=\"wp-image-6027\" srcset=\"https:\/\/collectifmdm-idf.org\/annuaire5\/wp-content\/uploads\/2022\/06\/helena_recalde_17juin_7-3.jpeg 1697w, https:\/\/collectifmdm-idf.org\/annuaire5\/wp-content\/uploads\/2022\/06\/helena_recalde_17juin_7-3-200x300.jpeg 200w, https:\/\/collectifmdm-idf.org\/annuaire5\/wp-content\/uploads\/2022\/06\/helena_recalde_17juin_7-3-683x1024.jpeg 683w, https:\/\/collectifmdm-idf.org\/annuaire5\/wp-content\/uploads\/2022\/06\/helena_recalde_17juin_7-3-768x1152.jpeg 768w, https:\/\/collectifmdm-idf.org\/annuaire5\/wp-content\/uploads\/2022\/06\/helena_recalde_17juin_7-3-1024x1536.jpeg 1024w, https:\/\/collectifmdm-idf.org\/annuaire5\/wp-content\/uploads\/2022\/06\/helena_recalde_17juin_7-3-1366x2048.jpeg 1366w\" sizes=\"(max-width: 1697px) 100vw, 1697px\" \/><\/figure>\n\n\n\n<figure class=\"wp-block-image size-large\"><img loading=\"lazy\" decoding=\"async\" width=\"2560\" height=\"1706\" data-id=\"6028\" src=\"https:\/\/collectifmdm-idf.org\/wp-content\/uploads\/2022\/06\/helena_recalde_17juin_8-3-scaled.jpeg\" alt=\"\" class=\"wp-image-6028\" srcset=\"https:\/\/collectifmdm-idf.org\/annuaire5\/wp-content\/uploads\/2022\/06\/helena_recalde_17juin_8-3-scaled.jpeg 2560w, https:\/\/collectifmdm-idf.org\/annuaire5\/wp-content\/uploads\/2022\/06\/helena_recalde_17juin_8-3-300x200.jpeg 300w, https:\/\/collectifmdm-idf.org\/annuaire5\/wp-content\/uploads\/2022\/06\/helena_recalde_17juin_8-3-1024x683.jpeg 1024w, https:\/\/collectifmdm-idf.org\/annuaire5\/wp-content\/uploads\/2022\/06\/helena_recalde_17juin_8-3-768x512.jpeg 768w, https:\/\/collectifmdm-idf.org\/annuaire5\/wp-content\/uploads\/2022\/06\/helena_recalde_17juin_8-3-1536x1024.jpeg 1536w, https:\/\/collectifmdm-idf.org\/annuaire5\/wp-content\/uploads\/2022\/06\/helena_recalde_17juin_8-3-2048x1365.jpeg 2048w, https:\/\/collectifmdm-idf.org\/annuaire5\/wp-content\/uploads\/2022\/06\/helena_recalde_17juin_8-3-272x182.jpeg 272w\" sizes=\"(max-width: 2560px) 100vw, 2560px\" \/><\/figure>\n\n\n\n<figure class=\"wp-block-image size-large\"><img loading=\"lazy\" decoding=\"async\" width=\"2560\" height=\"1706\" data-id=\"6029\" src=\"https:\/\/collectifmdm-idf.org\/wp-content\/uploads\/2022\/06\/helena_recalde_17juin_9-3-scaled.jpeg\" alt=\"\" class=\"wp-image-6029\" srcset=\"https:\/\/collectifmdm-idf.org\/annuaire5\/wp-content\/uploads\/2022\/06\/helena_recalde_17juin_9-3-scaled.jpeg 2560w, https:\/\/collectifmdm-idf.org\/annuaire5\/wp-content\/uploads\/2022\/06\/helena_recalde_17juin_9-3-300x200.jpeg 300w, https:\/\/collectifmdm-idf.org\/annuaire5\/wp-content\/uploads\/2022\/06\/helena_recalde_17juin_9-3-1024x683.jpeg 1024w, https:\/\/collectifmdm-idf.org\/annuaire5\/wp-content\/uploads\/2022\/06\/helena_recalde_17juin_9-3-768x512.jpeg 768w, https:\/\/collectifmdm-idf.org\/annuaire5\/wp-content\/uploads\/2022\/06\/helena_recalde_17juin_9-3-1536x1024.jpeg 1536w, https:\/\/collectifmdm-idf.org\/annuaire5\/wp-content\/uploads\/2022\/06\/helena_recalde_17juin_9-3-2048x1365.jpeg 2048w, https:\/\/collectifmdm-idf.org\/annuaire5\/wp-content\/uploads\/2022\/06\/helena_recalde_17juin_9-3-272x182.jpeg 272w\" sizes=\"(max-width: 2560px) 100vw, 2560px\" \/><\/figure>\n\n\n\n<figure class=\"wp-block-image size-large\"><img loading=\"lazy\" decoding=\"async\" width=\"2560\" height=\"1707\" data-id=\"5978\" src=\"https:\/\/collectifmdm-idf.org\/wp-content\/uploads\/2022\/06\/helena_recalde_17juin_10-scaled.jpeg\" alt=\"\" class=\"wp-image-5978\" srcset=\"https:\/\/collectifmdm-idf.org\/annuaire5\/wp-content\/uploads\/2022\/06\/helena_recalde_17juin_10-scaled.jpeg 2560w, https:\/\/collectifmdm-idf.org\/annuaire5\/wp-content\/uploads\/2022\/06\/helena_recalde_17juin_10-300x200.jpeg 300w, https:\/\/collectifmdm-idf.org\/annuaire5\/wp-content\/uploads\/2022\/06\/helena_recalde_17juin_10-1024x683.jpeg 1024w, https:\/\/collectifmdm-idf.org\/annuaire5\/wp-content\/uploads\/2022\/06\/helena_recalde_17juin_10-768x512.jpeg 768w, https:\/\/collectifmdm-idf.org\/annuaire5\/wp-content\/uploads\/2022\/06\/helena_recalde_17juin_10-1536x1024.jpeg 1536w, https:\/\/collectifmdm-idf.org\/annuaire5\/wp-content\/uploads\/2022\/06\/helena_recalde_17juin_10-2048x1365.jpeg 2048w\" sizes=\"(max-width: 2560px) 100vw, 2560px\" \/><\/figure>\n<\/figure>\n\n\n\n<figure class=\"wp-block-gallery has-nested-images columns-default is-cropped wp-block-gallery-2 is-layout-flex wp-block-gallery-is-layout-flex\">\n<figure class=\"wp-block-image size-large\"><img loading=\"lazy\" decoding=\"async\" width=\"2560\" height=\"1707\" data-id=\"6004\" src=\"https:\/\/collectifmdm-idf.org\/wp-content\/uploads\/2022\/06\/les_dames_17juin_9-scaled.jpeg\" alt=\"\" class=\"wp-image-6004\" srcset=\"https:\/\/collectifmdm-idf.org\/annuaire5\/wp-content\/uploads\/2022\/06\/les_dames_17juin_9-scaled.jpeg 2560w, https:\/\/collectifmdm-idf.org\/annuaire5\/wp-content\/uploads\/2022\/06\/les_dames_17juin_9-300x200.jpeg 300w, https:\/\/collectifmdm-idf.org\/annuaire5\/wp-content\/uploads\/2022\/06\/les_dames_17juin_9-1024x683.jpeg 1024w, https:\/\/collectifmdm-idf.org\/annuaire5\/wp-content\/uploads\/2022\/06\/les_dames_17juin_9-768x512.jpeg 768w, https:\/\/collectifmdm-idf.org\/annuaire5\/wp-content\/uploads\/2022\/06\/les_dames_17juin_9-1536x1024.jpeg 1536w, https:\/\/collectifmdm-idf.org\/annuaire5\/wp-content\/uploads\/2022\/06\/les_dames_17juin_9-2048x1365.jpeg 2048w\" sizes=\"(max-width: 2560px) 100vw, 2560px\" \/><\/figure>\n\n\n\n<figure class=\"wp-block-image size-large\"><img loading=\"lazy\" decoding=\"async\" width=\"2560\" height=\"1706\" data-id=\"6003\" src=\"https:\/\/collectifmdm-idf.org\/wp-content\/uploads\/2022\/06\/les_dames_17juin_8-scaled.jpeg\" alt=\"\" class=\"wp-image-6003\" srcset=\"https:\/\/collectifmdm-idf.org\/annuaire5\/wp-content\/uploads\/2022\/06\/les_dames_17juin_8-scaled.jpeg 2560w, https:\/\/collectifmdm-idf.org\/annuaire5\/wp-content\/uploads\/2022\/06\/les_dames_17juin_8-300x200.jpeg 300w, https:\/\/collectifmdm-idf.org\/annuaire5\/wp-content\/uploads\/2022\/06\/les_dames_17juin_8-1024x683.jpeg 1024w, https:\/\/collectifmdm-idf.org\/annuaire5\/wp-content\/uploads\/2022\/06\/les_dames_17juin_8-768x512.jpeg 768w, https:\/\/collectifmdm-idf.org\/annuaire5\/wp-content\/uploads\/2022\/06\/les_dames_17juin_8-1536x1024.jpeg 1536w, https:\/\/collectifmdm-idf.org\/annuaire5\/wp-content\/uploads\/2022\/06\/les_dames_17juin_8-2048x1365.jpeg 2048w\" sizes=\"(max-width: 2560px) 100vw, 2560px\" \/><\/figure>\n\n\n\n<figure class=\"wp-block-image size-large\"><img loading=\"lazy\" decoding=\"async\" width=\"1565\" height=\"2348\" data-id=\"6002\" src=\"https:\/\/collectifmdm-idf.org\/wp-content\/uploads\/2022\/06\/les_dames_17juin_7.jpeg\" alt=\"\" class=\"wp-image-6002\" srcset=\"https:\/\/collectifmdm-idf.org\/annuaire5\/wp-content\/uploads\/2022\/06\/les_dames_17juin_7.jpeg 1565w, https:\/\/collectifmdm-idf.org\/annuaire5\/wp-content\/uploads\/2022\/06\/les_dames_17juin_7-200x300.jpeg 200w, https:\/\/collectifmdm-idf.org\/annuaire5\/wp-content\/uploads\/2022\/06\/les_dames_17juin_7-683x1024.jpeg 683w, https:\/\/collectifmdm-idf.org\/annuaire5\/wp-content\/uploads\/2022\/06\/les_dames_17juin_7-768x1152.jpeg 768w, https:\/\/collectifmdm-idf.org\/annuaire5\/wp-content\/uploads\/2022\/06\/les_dames_17juin_7-1024x1536.jpeg 1024w, https:\/\/collectifmdm-idf.org\/annuaire5\/wp-content\/uploads\/2022\/06\/les_dames_17juin_7-1365x2048.jpeg 1365w\" sizes=\"(max-width: 1565px) 100vw, 1565px\" \/><\/figure>\n\n\n\n<figure class=\"wp-block-image size-large\"><img loading=\"lazy\" decoding=\"async\" width=\"1707\" height=\"2560\" data-id=\"6001\" src=\"https:\/\/collectifmdm-idf.org\/wp-content\/uploads\/2022\/06\/les_dames_17juin_6-scaled.jpeg\" alt=\"\" class=\"wp-image-6001\" srcset=\"https:\/\/collectifmdm-idf.org\/annuaire5\/wp-content\/uploads\/2022\/06\/les_dames_17juin_6-scaled.jpeg 1707w, https:\/\/collectifmdm-idf.org\/annuaire5\/wp-content\/uploads\/2022\/06\/les_dames_17juin_6-200x300.jpeg 200w, https:\/\/collectifmdm-idf.org\/annuaire5\/wp-content\/uploads\/2022\/06\/les_dames_17juin_6-683x1024.jpeg 683w, https:\/\/collectifmdm-idf.org\/annuaire5\/wp-content\/uploads\/2022\/06\/les_dames_17juin_6-768x1152.jpeg 768w, https:\/\/collectifmdm-idf.org\/annuaire5\/wp-content\/uploads\/2022\/06\/les_dames_17juin_6-1024x1536.jpeg 1024w, https:\/\/collectifmdm-idf.org\/annuaire5\/wp-content\/uploads\/2022\/06\/les_dames_17juin_6-1366x2048.jpeg 1366w\" sizes=\"(max-width: 1707px) 100vw, 1707px\" \/><\/figure>\n\n\n\n<figure class=\"wp-block-image size-large\"><img loading=\"lazy\" decoding=\"async\" width=\"1706\" height=\"2560\" data-id=\"6000\" src=\"https:\/\/collectifmdm-idf.org\/wp-content\/uploads\/2022\/06\/les_dames_17juin_5-scaled.jpeg\" alt=\"\" class=\"wp-image-6000\" srcset=\"https:\/\/collectifmdm-idf.org\/annuaire5\/wp-content\/uploads\/2022\/06\/les_dames_17juin_5-scaled.jpeg 1706w, https:\/\/collectifmdm-idf.org\/annuaire5\/wp-content\/uploads\/2022\/06\/les_dames_17juin_5-200x300.jpeg 200w, https:\/\/collectifmdm-idf.org\/annuaire5\/wp-content\/uploads\/2022\/06\/les_dames_17juin_5-683x1024.jpeg 683w, https:\/\/collectifmdm-idf.org\/annuaire5\/wp-content\/uploads\/2022\/06\/les_dames_17juin_5-768x1152.jpeg 768w, https:\/\/collectifmdm-idf.org\/annuaire5\/wp-content\/uploads\/2022\/06\/les_dames_17juin_5-1024x1536.jpeg 1024w, https:\/\/collectifmdm-idf.org\/annuaire5\/wp-content\/uploads\/2022\/06\/les_dames_17juin_5-1365x2048.jpeg 1365w\" sizes=\"(max-width: 1706px) 100vw, 1706px\" \/><\/figure>\n\n\n\n<figure class=\"wp-block-image size-large\"><img loading=\"lazy\" decoding=\"async\" width=\"2560\" height=\"1707\" data-id=\"6035\" src=\"https:\/\/collectifmdm-idf.org\/wp-content\/uploads\/2022\/06\/les_dames_17juin_4-scaled.jpeg\" alt=\"\" class=\"wp-image-6035\" srcset=\"https:\/\/collectifmdm-idf.org\/annuaire5\/wp-content\/uploads\/2022\/06\/les_dames_17juin_4-scaled.jpeg 2560w, https:\/\/collectifmdm-idf.org\/annuaire5\/wp-content\/uploads\/2022\/06\/les_dames_17juin_4-300x200.jpeg 300w, https:\/\/collectifmdm-idf.org\/annuaire5\/wp-content\/uploads\/2022\/06\/les_dames_17juin_4-1024x683.jpeg 1024w, https:\/\/collectifmdm-idf.org\/annuaire5\/wp-content\/uploads\/2022\/06\/les_dames_17juin_4-768x512.jpeg 768w, https:\/\/collectifmdm-idf.org\/annuaire5\/wp-content\/uploads\/2022\/06\/les_dames_17juin_4-1536x1024.jpeg 1536w, https:\/\/collectifmdm-idf.org\/annuaire5\/wp-content\/uploads\/2022\/06\/les_dames_17juin_4-2048x1365.jpeg 2048w, https:\/\/collectifmdm-idf.org\/annuaire5\/wp-content\/uploads\/2022\/06\/les_dames_17juin_4-272x182.jpeg 272w\" sizes=\"(max-width: 2560px) 100vw, 2560px\" \/><\/figure>\n\n\n\n<figure class=\"wp-block-image size-large\"><img loading=\"lazy\" decoding=\"async\" width=\"2560\" height=\"1707\" data-id=\"6017\" src=\"https:\/\/collectifmdm-idf.org\/wp-content\/uploads\/2022\/06\/les_dames_17juin_3-2-scaled.jpeg\" alt=\"\" class=\"wp-image-6017\" srcset=\"https:\/\/collectifmdm-idf.org\/annuaire5\/wp-content\/uploads\/2022\/06\/les_dames_17juin_3-2-scaled.jpeg 2560w, https:\/\/collectifmdm-idf.org\/annuaire5\/wp-content\/uploads\/2022\/06\/les_dames_17juin_3-2-300x200.jpeg 300w, https:\/\/collectifmdm-idf.org\/annuaire5\/wp-content\/uploads\/2022\/06\/les_dames_17juin_3-2-1024x683.jpeg 1024w, https:\/\/collectifmdm-idf.org\/annuaire5\/wp-content\/uploads\/2022\/06\/les_dames_17juin_3-2-768x512.jpeg 768w, https:\/\/collectifmdm-idf.org\/annuaire5\/wp-content\/uploads\/2022\/06\/les_dames_17juin_3-2-1536x1024.jpeg 1536w, https:\/\/collectifmdm-idf.org\/annuaire5\/wp-content\/uploads\/2022\/06\/les_dames_17juin_3-2-2048x1365.jpeg 2048w, https:\/\/collectifmdm-idf.org\/annuaire5\/wp-content\/uploads\/2022\/06\/les_dames_17juin_3-2-272x182.jpeg 272w\" sizes=\"(max-width: 2560px) 100vw, 2560px\" \/><\/figure>\n<\/figure>\n","protected":false},"excerpt":{"rendered":"<p>Helena R\u00e9calde nous a fait d\u00e9couvrir, le 17 Juin, son tr\u00e8s beau nouvel album sur la sc\u00e8ne sur la sc\u00e8ne Le Point Fort d&#8217;Aubervilliers ! Parmi les nombreux\u2022es artistes qui ont accompagn\u00e9 Helena, Fady Farah (piano), Javier Estrella (batterie), Ninon Valder &#8211;<\/p>\n<p class=\"link-more\"><a class=\"myButt \" href=\"https:\/\/collectifmdm-idf.org\/annuaire5\/helena-recalde-les-dames-de-la-joliette-au-point-fort\/\">EN SAVOIR +<\/a><\/p>\n","protected":false},"author":1,"featured_media":5979,"comment_status":"open","ping_status":"open","sticky":false,"template":"","format":"standard","meta":{"_rtcl_gb_attr":"","footnotes":""},"categories":[10,7,1,87],"tags":[],"class_list":["post-5973","post","type-post","status-publish","format-standard","has-post-thumbnail","hentry","category-album","category-concert","category-non-classe","category-spectacles-collectif-en-tournee-3"],"_links":{"self":[{"href":"https:\/\/collectifmdm-idf.org\/annuaire5\/wp-json\/wp\/v2\/posts\/5973","targetHints":{"allow":["GET"]}}],"collection":[{"href":"https:\/\/collectifmdm-idf.org\/annuaire5\/wp-json\/wp\/v2\/posts"}],"about":[{"href":"https:\/\/collectifmdm-idf.org\/annuaire5\/wp-json\/wp\/v2\/types\/post"}],"author":[{"embeddable":true,"href":"https:\/\/collectifmdm-idf.org\/annuaire5\/wp-json\/wp\/v2\/users\/1"}],"replies":[{"embeddable":true,"href":"https:\/\/collectifmdm-idf.org\/annuaire5\/wp-json\/wp\/v2\/comments?post=5973"}],"version-history":[{"count":0,"href":"https:\/\/collectifmdm-idf.org\/annuaire5\/wp-json\/wp\/v2\/posts\/5973\/revisions"}],"wp:featuredmedia":[{"embeddable":true,"href":"https:\/\/collectifmdm-idf.org\/annuaire5\/wp-json\/wp\/v2\/media\/5979"}],"wp:attachment":[{"href":"https:\/\/collectifmdm-idf.org\/annuaire5\/wp-json\/wp\/v2\/media?parent=5973"}],"wp:term":[{"taxonomy":"category","embeddable":true,"href":"https:\/\/collectifmdm-idf.org\/annuaire5\/wp-json\/wp\/v2\/categories?post=5973"},{"taxonomy":"post_tag","embeddable":true,"href":"https:\/\/collectifmdm-idf.org\/annuaire5\/wp-json\/wp\/v2\/tags?post=5973"}],"curies":[{"name":"wp","href":"https:\/\/api.w.org\/{rel}","templated":true}]}}