{"id":5841,"date":"2022-04-08T12:12:31","date_gmt":"2022-04-08T10:12:31","guid":{"rendered":"https:\/\/collectifmdm-idf.org\/?p=5841"},"modified":"2022-04-08T12:12:34","modified_gmt":"2022-04-08T10:12:34","slug":"plaidoyer-pour-une-france-riche-des-musiques-et-danses-de-la-diversite-culturelle","status":"publish","type":"post","link":"https:\/\/collectifmdm-idf.org\/annuaire5\/plaidoyer-pour-une-france-riche-des-musiques-et-danses-de-la-diversite-culturelle\/","title":{"rendered":"PLAIDOYER &#8211; POUR UNE FRANCE RICHE DES MUSIQUES ET DANSES DE LA DIVERSIT\u00c9 CULTURELLE"},"content":{"rendered":"\n<p><\/p>\n\n\n\n<div style=\"height:41px\" aria-hidden=\"true\" class=\"wp-block-spacer\"><\/div>\n\n\n\n<p class=\"has-medium-font-size\">La diversit\u00e9 culturelle est une r\u00e9alit\u00e9 en France.\u00a0Gomm\u00e9es, rel\u00e9gu\u00e9es, uniformis\u00e9es, les identit\u00e9s multiples qui la composent sont pourtant un levier d\u2019\u00e9changes, de partage, d\u2019\u00e9galit\u00e9, de dignit\u00e9 pour mieux faire et vivre ensemble.\u00a0<br><br>\u00c0 l\u2019occasion des \u00e9lections pr\u00e9sidentielles et l\u00e9gislatives de 2022, la <strong>FAMDT <\/strong>porte avec <strong>ZONE FRANCHE<\/strong> (<a href=\"https:\/\/famdt.us16.list-manage.com\/track\/click?u=d5c9cf78262e265d64c1b6cb8&amp;id=0490a48349&amp;e=006e5ab23a\" target=\"_blank\" rel=\"noreferrer noopener\">Le R\u00e9seau des Musiques du Monde<\/a>) un plaidoyer pour la mise en oeuvre de politiques et d\u2019actions qui soutiennent la reconnaissance et la valorisation de toutes les expressions de la diversit\u00e9 culturelle.<br><br>Plus qu\u2019un genre esth\u00e9tique, les musiques traditionnelles et du monde sont un outil politique et social qui valorise la richesse de la diversit\u00e9 culturelle. Elles incarnent le souffle des musiques et des r\u00e9cits d\u2019ici et d\u2019ailleurs.<\/p>\n\n\n\n<ul class=\"has-medium-font-size wp-block-list\"><li>Parce que la politique publique de la culture doit \u00eatre le reflet de notre soci\u00e9t\u00e9 et coller \u00e0 la r\u00e9alit\u00e9 plurielle des identit\u00e9s qui font la richesse de notre pays&nbsp;;&nbsp;<\/li><li>Parce que dans la p\u00e9riode de crispation et de repli sur soi exacerb\u00e9e que nous connaissons, les musiques de la diversit\u00e9 sont des leviers d\u2019\u00e9changes, de partage, d&#8217;\u00e9galit\u00e9, de dignit\u00e9 pour mieux faire et vivre ensemble&nbsp;;&nbsp;<\/li><li>Parce qu\u2019il est n\u00e9cessaire de donner une repr\u00e9sentativit\u00e9 aux 170 nationalit\u00e9s et langues qui font nos territoires&#8230;<\/li><\/ul>\n\n\n\n<p class=\"has-medium-font-size\">Nous demandons aux candidat\u00b7e\u00b7s en lice pour les \u00e9lections pr\u00e9sidentielles et l\u00e9gislatives de 2022 de suivre 5 engagements\u00a0 \u00ab\u00a0<strong>Pour une France riche des musiques et danses de la diversit\u00e9 culturelle<\/strong>\u00a0\u00bb.<\/p>\n\n\n\n<div style=\"height:24px\" aria-hidden=\"true\" class=\"wp-block-spacer\"><\/div>\n\n\n\n<p class=\"has-text-align-center has-medium-font-size\"><strong><a href=\"https:\/\/famdt.us16.list-manage.com\/track\/click?u=d5c9cf78262e265d64c1b6cb8&amp;id=2a67e5adbd&amp;e=006e5ab23a\" target=\"_blank\" rel=\"noreferrer noopener\">T\u00e9l\u00e9charger le plaidoyer sur  site de la FAMDT <\/a><\/strong><\/p>\n\n\n\n<div style=\"height:49px\" aria-hidden=\"true\" class=\"wp-block-spacer\"><\/div>\n\n\n\n<h2 class=\"has-text-align-center wp-block-heading\">Conf\u00e9rence de presse au Printemps de Bourges 2022<\/h2>\n\n\n\n<div class=\"wp-block-image\"><figure class=\"aligncenter size-full is-resized\"><a href=\"https:\/\/famdt.us16.list-manage.com\/track\/click?u=d5c9cf78262e265d64c1b6cb8&amp;id=42957cf325&amp;e=006e5ab23a\" target=\"_blank\" rel=\"noopener\"><img fetchpriority=\"high\" decoding=\"async\" src=\"https:\/\/collectifmdm-idf.org\/wp-content\/uploads\/2022\/04\/playdoyer-pour-la-diversite-conferece.png\" alt=\"\" class=\"wp-image-5842\" width=\"718\" height=\"404\" srcset=\"https:\/\/collectifmdm-idf.org\/annuaire5\/wp-content\/uploads\/2022\/04\/playdoyer-pour-la-diversite-conferece.png 1000w, https:\/\/collectifmdm-idf.org\/annuaire5\/wp-content\/uploads\/2022\/04\/playdoyer-pour-la-diversite-conferece-300x169.png 300w, https:\/\/collectifmdm-idf.org\/annuaire5\/wp-content\/uploads\/2022\/04\/playdoyer-pour-la-diversite-conferece-768x432.png 768w\" sizes=\"(max-width: 718px) 100vw, 718px\" \/><\/a><\/figure><\/div>\n\n\n\n<div style=\"height:22px\" aria-hidden=\"true\" class=\"wp-block-spacer\"><\/div>\n\n\n\n<p class=\"has-text-align-center has-medium-font-size\"><strong>CONF\u00c9RENCE DE PRESSE AU PRINTEMPS DE BOURGES &#8211;<\/strong><br><strong>\u00a0PLAIDOYER &#8211; POUR UNE FRANCE RICHE DES MUSIQUES ET DANSES DE LA DIVERSIT\u00c9 CULTURELLE\u00a0<\/strong><\/p>\n\n\n\n<p class=\"has-text-align-center has-medium-font-size\"><strong>20 avril 2022 &#8211; 14h30&nbsp;au Printemps de Bourges<\/strong><\/p>\n\n\n\n<p class=\"has-medium-font-size\">Avec :<\/p>\n\n\n\n<ul class=\"has-medium-font-size wp-block-list\"><li><strong>Na\u00efma Huber-Yahi<\/strong> &#8211; Historienne<\/li><li><strong>C\u00e9cile H\u00e9raudeau<\/strong> &#8211; Vice Pr\u00e9sidente de Zone Franche<\/li><li><strong>Ricet Gallet<\/strong> &#8211; Pr\u00e9sident de la FAMDT<\/li><\/ul>\n\n\n\n<p>Co-mod\u00e9ration :<\/p>\n\n\n\n<ul class=\"wp-block-list\"><li><strong>Alban Cogrel <\/strong>&#8211; Directeur de la FAMDT<\/li><li><strong>Pierre-Henri Frappat<\/strong> &#8211; Directeur de Zone Franche<\/li><\/ul>\n\n\n\n<div style=\"height:20px\" aria-hidden=\"true\" class=\"wp-block-spacer\"><\/div>\n\n\n\n<p class=\"has-text-align-center has-medium-font-size\"><strong>++\u00a0 d&#8217;infos <a href=\"https:\/\/famdt.us16.list-manage.com\/track\/click?u=d5c9cf78262e265d64c1b6cb8&amp;id=42957cf325&amp;e=006e5ab23a\" target=\"_blank\" rel=\"noreferrer noopener\">ici<\/a><\/strong><\/p>\n\n\n\n<div style=\"height:29px\" aria-hidden=\"true\" class=\"wp-block-spacer\"><\/div>\n\n\n\n<p>Rappel : le\u00a0<strong><a href=\"https:\/\/collectifmdm-idf.org\/a-propos-de\/\">Collectif MDM IDF<\/a>\u00a0<\/strong>est membre de la\u00a0<strong><a href=\"http:\/\/www.famdt.com\/\" target=\"_blank\" rel=\"noreferrer noopener\">FAMDT<\/a><\/strong>.<\/p>\n\n\n\n<div style=\"height:51px\" aria-hidden=\"true\" class=\"wp-block-spacer\"><\/div>\n\n\n\n<p class=\"has-text-align-center has-luminous-vivid-amber-color has-text-color has-medium-font-size\"><strong>&#8212;o&#8212;<\/strong><\/p>\n","protected":false},"excerpt":{"rendered":"<p>PLAIDOYER &#8211; POUR UNE FRANCE RICHE DES MUSIQUES ET DANSES DE LA DIVERSIT\u00c9 CULTURELLE<\/p>\n","protected":false},"author":1,"featured_media":5848,"comment_status":"open","ping_status":"open","sticky":false,"template":"","format":"standard","meta":{"_rtcl_gb_attr":"","footnotes":""},"categories":[36,38],"tags":[],"class_list":["post-5841","post","type-post","status-publish","format-standard","has-post-thumbnail","hentry","category-communiques","category-tribune"],"_links":{"self":[{"href":"https:\/\/collectifmdm-idf.org\/annuaire5\/wp-json\/wp\/v2\/posts\/5841","targetHints":{"allow":["GET"]}}],"collection":[{"href":"https:\/\/collectifmdm-idf.org\/annuaire5\/wp-json\/wp\/v2\/posts"}],"about":[{"href":"https:\/\/collectifmdm-idf.org\/annuaire5\/wp-json\/wp\/v2\/types\/post"}],"author":[{"embeddable":true,"href":"https:\/\/collectifmdm-idf.org\/annuaire5\/wp-json\/wp\/v2\/users\/1"}],"replies":[{"embeddable":true,"href":"https:\/\/collectifmdm-idf.org\/annuaire5\/wp-json\/wp\/v2\/comments?post=5841"}],"version-history":[{"count":0,"href":"https:\/\/collectifmdm-idf.org\/annuaire5\/wp-json\/wp\/v2\/posts\/5841\/revisions"}],"wp:featuredmedia":[{"embeddable":true,"href":"https:\/\/collectifmdm-idf.org\/annuaire5\/wp-json\/wp\/v2\/media\/5848"}],"wp:attachment":[{"href":"https:\/\/collectifmdm-idf.org\/annuaire5\/wp-json\/wp\/v2\/media?parent=5841"}],"wp:term":[{"taxonomy":"category","embeddable":true,"href":"https:\/\/collectifmdm-idf.org\/annuaire5\/wp-json\/wp\/v2\/categories?post=5841"},{"taxonomy":"post_tag","embeddable":true,"href":"https:\/\/collectifmdm-idf.org\/annuaire5\/wp-json\/wp\/v2\/tags?post=5841"}],"curies":[{"name":"wp","href":"https:\/\/api.w.org\/{rel}","templated":true}]}}