{"id":579,"date":"2019-11-09T19:39:00","date_gmt":"2019-11-09T18:39:00","guid":{"rendered":"http:\/\/collectifmdm-idf.org\/?p=579"},"modified":"2020-02-09T19:49:07","modified_gmt":"2020-02-09T18:49:07","slug":"appel-a-candidature-scene-du-monde-au-canal","status":"publish","type":"post","link":"https:\/\/collectifmdm-idf.org\/annuaire5\/appel-a-candidature-scene-du-monde-au-canal\/","title":{"rendered":"APPEL \u00c0 CANDIDATURE &#8211; SC\u00c8NE DU MONDE AU CANAL"},"content":{"rendered":"\n<h2 class=\"wp-block-heading\"><\/h2>\n\n\n\n<p class=\"has-text-align-center has-medium-font-size\"><strong>DATE LIMITE DE CANDIDATURE : 30 NOVEMBRE 2019<\/strong><\/p>\n\n\n\n<h2 class=\"wp-block-heading\"><\/h2>\n\n\n\n<p class=\"has-medium-font-size\"><strong>SC\u00c8NE<\/strong> <strong>DU<\/strong> <strong>MONDE<\/strong> <strong>AU<\/strong> <strong>CANAL<\/strong> est une programmation propos\u00e9e par l\u2019association \u00ab<strong>Collectif Musiques et Danses du Monde en \u00cele-de-France<\/strong>\u00bb, accueillie et promue par l\u2019association <strong>CRL10 <\/strong>\u00e0 <strong>La Sc\u00e8ne du Canal <\/strong>de l\u2019<strong>Espace Jemmapes<\/strong>, 116 Quai de Jemmapes, 75010 Paris.<\/p>\n\n\n\n<p class=\"has-medium-font-size\">La premi\u00e8re \u00e9dition de <strong>Sc\u00e8ne du Monde au Canal<\/strong> est compos\u00e9e de <strong>six soir\u00e9es<\/strong> programm\u00e9es en <strong>NOVEMBRE 2020, JANVIER, F\u00c9VRIER, MARS, AVRIL et MAI 2021<\/strong>. <\/p>\n\n\n\n<p class=\"has-medium-font-size\">La soir\u00e9e de cl\u00f4ture, en MAI 2021, est consacr\u00e9e au laur\u00e9at ou finaliste \u00cele-de-France du Prix des Musiques d\u2019Ici 2020.<\/p>\n\n\n\n<p class=\"has-medium-font-size\"><strong>AIDEZ NOUS \u00c0 DIFFUSER CET APPEL \u00c0 CANDIDATURES<\/strong><\/p>\n\n\n\n<p class=\"has-medium-font-size\"> -> en<strong> le communiquant \u00e0 qui pourrait \u00eatre int\u00e9ress\u00e9<\/strong> <\/p>\n\n\n\n<p class=\"has-medium-font-size\">-> en en aimant et partageant <strong>la page Facebook <\/strong><a rel=\"noreferrer noopener\" target=\"_blank\" href=\"https:\/\/www.facebook.com\/SceneDuMondeAuCanal\/\">https:\/\/www.facebook.com\/SceneDuMondeAuCanal\/<\/a> <\/p>\n\n\n\n<p class=\"has-medium-font-size\">-> en en partageant<strong> l&#8217;Ev\u00e9nement Facebook <\/strong><a rel=\"noreferrer noopener\" target=\"_blank\" href=\"http:\/\/%20https:\/\/www.facebook.com\/events\/780684589030549\/\">https:\/\/www.facebook.com\/events\/780684589030549\/<\/a> <\/p>\n\n\n\n<p class=\"has-medium-font-size\">-> en retwteetant <strong>le tweet <\/strong>du Collectif MDMIDF <a rel=\"noreferrer noopener\" target=\"_blank\" href=\"https:\/\/twitter.com\/MDMIdF\/status\/1188456239111516160\">https:\/\/twitter.com\/MDMIdF\/status\/1188456239111516160<\/a><\/p>\n\n\n\n<p class=\"has-text-align-center has-medium-font-size\"><strong>jusqu&#8217;au 30 novembre 2020<\/strong><\/p>\n\n\n\n<p class=\"has-text-align-center has-medium-font-size\"><br><strong>FORMULAIRE DE CANDIDATURE disponible ici :<br> <\/strong><\/p>\n\n\n\n<p class=\"has-text-align-center has-medium-font-size\"> MERCI<\/p>\n\n\n\n<h2 class=\"wp-block-heading\"><\/h2>\n\n\n\n<hr class=\"wp-block-separator\"\/>\n\n\n\n<p class=\"has-text-color has-text-align-center has-medium-font-size has-luminous-vivid-orange-color\"><strong>&#8212;O&#8212;<\/strong><\/p>\n\n\n\n<hr class=\"wp-block-separator\"\/>\n","protected":false},"excerpt":{"rendered":"<p>DATE LIMITE DE CANDIDATURE : 30 NOVEMBRE 2019 SC\u00c8NE DU MONDE AU CANAL est une programmation propos\u00e9e par l\u2019association \u00abCollectif Musiques et Danses du Monde en \u00cele-de-France\u00bb, accueillie et promue par l\u2019association CRL10 \u00e0 La Sc\u00e8ne du Canal de l\u2019Espace Jemmapes, 116<\/p>\n<p class=\"link-more\"><a class=\"myButt \" href=\"https:\/\/collectifmdm-idf.org\/annuaire5\/appel-a-candidature-scene-du-monde-au-canal\/\">EN SAVOIR +<\/a><\/p>\n","protected":false},"author":1,"featured_media":580,"comment_status":"open","ping_status":"open","sticky":false,"template":"","format":"standard","meta":{"_rtcl_gb_attr":"","footnotes":""},"categories":[7,8,15],"tags":[],"class_list":["post-579","post","type-post","status-publish","format-standard","has-post-thumbnail","hentry","category-concert","category-danse","category-evenement"],"_links":{"self":[{"href":"https:\/\/collectifmdm-idf.org\/annuaire5\/wp-json\/wp\/v2\/posts\/579","targetHints":{"allow":["GET"]}}],"collection":[{"href":"https:\/\/collectifmdm-idf.org\/annuaire5\/wp-json\/wp\/v2\/posts"}],"about":[{"href":"https:\/\/collectifmdm-idf.org\/annuaire5\/wp-json\/wp\/v2\/types\/post"}],"author":[{"embeddable":true,"href":"https:\/\/collectifmdm-idf.org\/annuaire5\/wp-json\/wp\/v2\/users\/1"}],"replies":[{"embeddable":true,"href":"https:\/\/collectifmdm-idf.org\/annuaire5\/wp-json\/wp\/v2\/comments?post=579"}],"version-history":[{"count":0,"href":"https:\/\/collectifmdm-idf.org\/annuaire5\/wp-json\/wp\/v2\/posts\/579\/revisions"}],"wp:featuredmedia":[{"embeddable":true,"href":"https:\/\/collectifmdm-idf.org\/annuaire5\/wp-json\/wp\/v2\/media\/580"}],"wp:attachment":[{"href":"https:\/\/collectifmdm-idf.org\/annuaire5\/wp-json\/wp\/v2\/media?parent=579"}],"wp:term":[{"taxonomy":"category","embeddable":true,"href":"https:\/\/collectifmdm-idf.org\/annuaire5\/wp-json\/wp\/v2\/categories?post=579"},{"taxonomy":"post_tag","embeddable":true,"href":"https:\/\/collectifmdm-idf.org\/annuaire5\/wp-json\/wp\/v2\/tags?post=579"}],"curies":[{"name":"wp","href":"https:\/\/api.w.org\/{rel}","templated":true}]}}