{"id":5766,"date":"2022-04-04T14:14:41","date_gmt":"2022-04-04T12:14:41","guid":{"rendered":"https:\/\/collectifmdm-idf.org\/?p=5766"},"modified":"2022-04-04T14:14:45","modified_gmt":"2022-04-04T12:14:45","slug":"les-ragas-de-la-nuit-a-paris-75-au-centre-mandapa-le-23-avril-2022","status":"publish","type":"post","link":"https:\/\/collectifmdm-idf.org\/annuaire5\/les-ragas-de-la-nuit-a-paris-75-au-centre-mandapa-le-23-avril-2022\/","title":{"rendered":"Les Ragas de la Nuit \u00e0 Paris (75) au Centre Mandapa le 23 avril 2022"},"content":{"rendered":"\n<div style=\"height:31px\" aria-hidden=\"true\" class=\"wp-block-spacer\"><\/div>\n\n\n\n<p class=\"has-medium-font-size\">Du cr\u00e9puscule au milieu de la nuit,<br>au gr\u00e9 des \u00e9motions du moment et des rythmes du temps,<br>ce concert vous invite \u00e0 l\u2019\u00e9coute des Ragas de la Nuit<\/p>\n\n\n\n<p class=\"has-medium-font-size\">en harmonie avec les heures\u2026<\/p>\n\n\n\n<p class=\"has-medium-font-size\"><strong>Sept musiciens, indiens et non indiens, tous aussi virtuoses que passionn\u00e9s, choisiront les plus beaux Ragas de la Nuit<\/strong>, les plus vibrants d\u2019\u00e9motions et de r\u00eaves, tous respectueux de l\u2019instant cosmique qui leur a donn\u00e9 vie.<\/p>\n\n\n\n<p class=\"has-medium-font-size\">&#8220;Milena Salvini&#8221;<\/p>\n\n\n\n<p class=\"has-medium-font-size\"><strong>Programme de la soir\u00e9e :<\/strong><\/p>\n\n\n\n<p class=\"has-medium-font-size\">19h :&nbsp;<strong>Philippe Brugui\u00e8re<\/strong>, rudra et veena accompagn\u00e9 par&nbsp;<strong>John Boswell<\/strong>, pakhawaj<br>20h :&nbsp;<strong>Henri Tournier<\/strong>, bansuri accompagn\u00e9 par&nbsp;<strong>Mosin Kawa<\/strong>, tabla<\/p>\n\n\n\n<p class=\"has-medium-font-size\">21h : COLLATION<\/p>\n\n\n\n<p class=\"has-medium-font-size\">22h :&nbsp;<strong>Thomas Jacquot<\/strong>, surbahar et sitar accompagn\u00e9 par&nbsp;<strong>Alexis Weisgerber<\/strong>, tabla et pakhawaj<br>23h: Joyeeta Sanyal, sitar accompagn\u00e9e par Mosin Kawa, tabla<\/p>\n\n\n\n<p class=\"has-medium-font-size\"><strong>Conclusion: duo de sitar<\/strong><\/p>\n\n\n\n<div style=\"height:39px\" aria-hidden=\"true\" class=\"wp-block-spacer\"><\/div>\n\n\n\n<p class=\"has-text-align-center has-medium-font-size\"><strong>Le Mandapa,\u00a0<em>une petite sc\u00e8ne sur la Bi\u00e8vre<\/em><\/strong><\/p>\n\n\n\n<p class=\"has-text-align-center has-medium-font-size\">6 rue Wurtz, 75013 Paris<\/p>\n\n\n\n<p class=\"has-text-align-center has-medium-font-size\">Tel: 01 45 89 99 00<\/p>\n\n\n\n<p class=\"has-text-align-center has-medium-font-size\"><a href=\"mailto:reservations@centre-mandapa.fr\">reservations@centre-mandapa.fr<\/a><\/p>\n\n\n\n<div style=\"height:39px\" aria-hidden=\"true\" class=\"wp-block-spacer\"><\/div>\n\n\n\n<div class=\"wp-block-image\"><figure class=\"aligncenter size-full is-resized\"><a href=\"https:\/\/www.centre-mandapa.fr\/event-details\/ragas-de-la-nuit\"><img fetchpriority=\"high\" decoding=\"async\" src=\"https:\/\/collectifmdm-idf.org\/wp-content\/uploads\/2022\/04\/raga-de-la-nuit.png\" alt=\"Les Ragas de la Nuit \u00e0 Paris (75) au Centre Mandapa le 23 avril 2022\" class=\"wp-image-5769\" width=\"371\" height=\"525\" srcset=\"https:\/\/collectifmdm-idf.org\/annuaire5\/wp-content\/uploads\/2022\/04\/raga-de-la-nuit.png 495w, https:\/\/collectifmdm-idf.org\/annuaire5\/wp-content\/uploads\/2022\/04\/raga-de-la-nuit-212x300.png 212w\" sizes=\"(max-width: 371px) 100vw, 371px\" \/><\/a><\/figure><\/div>\n\n\n\n<div style=\"height:39px\" aria-hidden=\"true\" class=\"wp-block-spacer\"><\/div>\n\n\n\n<p class=\"has-text-align-center has-luminous-vivid-amber-color has-text-color has-medium-font-size\"><strong>&#8212;o&#8212;<\/strong><\/p>\n","protected":false},"excerpt":{"rendered":"<p>Les Ragas de la Nuit \u00e0 Paris (75) au Centre Mandapa le 23 avril 2022<\/p>\n","protected":false},"author":1,"featured_media":5768,"comment_status":"open","ping_status":"open","sticky":false,"template":"","format":"standard","meta":{"_rtcl_gb_attr":"","footnotes":""},"categories":[7],"tags":[],"class_list":["post-5766","post","type-post","status-publish","format-standard","has-post-thumbnail","hentry","category-concert"],"_links":{"self":[{"href":"https:\/\/collectifmdm-idf.org\/annuaire5\/wp-json\/wp\/v2\/posts\/5766","targetHints":{"allow":["GET"]}}],"collection":[{"href":"https:\/\/collectifmdm-idf.org\/annuaire5\/wp-json\/wp\/v2\/posts"}],"about":[{"href":"https:\/\/collectifmdm-idf.org\/annuaire5\/wp-json\/wp\/v2\/types\/post"}],"author":[{"embeddable":true,"href":"https:\/\/collectifmdm-idf.org\/annuaire5\/wp-json\/wp\/v2\/users\/1"}],"replies":[{"embeddable":true,"href":"https:\/\/collectifmdm-idf.org\/annuaire5\/wp-json\/wp\/v2\/comments?post=5766"}],"version-history":[{"count":0,"href":"https:\/\/collectifmdm-idf.org\/annuaire5\/wp-json\/wp\/v2\/posts\/5766\/revisions"}],"wp:featuredmedia":[{"embeddable":true,"href":"https:\/\/collectifmdm-idf.org\/annuaire5\/wp-json\/wp\/v2\/media\/5768"}],"wp:attachment":[{"href":"https:\/\/collectifmdm-idf.org\/annuaire5\/wp-json\/wp\/v2\/media?parent=5766"}],"wp:term":[{"taxonomy":"category","embeddable":true,"href":"https:\/\/collectifmdm-idf.org\/annuaire5\/wp-json\/wp\/v2\/categories?post=5766"},{"taxonomy":"post_tag","embeddable":true,"href":"https:\/\/collectifmdm-idf.org\/annuaire5\/wp-json\/wp\/v2\/tags?post=5766"}],"curies":[{"name":"wp","href":"https:\/\/api.w.org\/{rel}","templated":true}]}}