{"id":5692,"date":"2022-03-30T00:01:57","date_gmt":"2022-03-29T22:01:57","guid":{"rendered":"http:\/\/collectifmdm-idf.org\/?p=5692"},"modified":"2022-04-08T14:51:49","modified_gmt":"2022-04-08T12:51:49","slug":"natacha-fialkovsky-2022","status":"publish","type":"post","link":"https:\/\/collectifmdm-idf.org\/annuaire5\/natacha-fialkovsky-2022\/","title":{"rendered":"NATACHA FIALKOVSKY 2022"},"content":{"rendered":"\n<div class=\"wp-block-image is-style-default\"><figure class=\"aligncenter size-full\"><img fetchpriority=\"high\" decoding=\"async\" width=\"750\" height=\"70\" src=\"https:\/\/collectifmdm-idf.org\/wp-content\/uploads\/2022\/03\/bgtitr_head750_cet3_v02a.jpg\" alt=\"Petit ent\u00eate Collectif en Tourn\u00e9e\" class=\"wp-image-4306\" srcset=\"https:\/\/collectifmdm-idf.org\/annuaire5\/wp-content\/uploads\/2022\/03\/bgtitr_head750_cet3_v02a.jpg 750w, https:\/\/collectifmdm-idf.org\/annuaire5\/wp-content\/uploads\/2022\/03\/bgtitr_head750_cet3_v02a-300x28.jpg 300w\" sizes=\"(max-width: 750px) 100vw, 750px\" \/><\/figure><\/div>\n\n\n\n<p class=\"has-text-align-center h1 has-text-color has-x-large-font-size\" id=\"nom-de-l-artiste\" style=\"color:#6dbac7\"><strong>NATACHA FIALKOVSKY<\/strong><\/p>\n\n\n\n<div class=\"wp-block-image is-style-default\"><figure class=\"aligncenter size-full\"><img decoding=\"async\" src=\"https:\/\/collectifmdm-idf.org\/wp-content\/uploads\/2022\/03\/bgtitr_foot750_cet3_v03.jpg\" alt=\"\" class=\"wp-image-4102\"\/><\/figure><\/div>\n\n\n\n<p class=\"has-text-align-center txt_Cet3 has-blue-color has-text-color has-medium-font-size\"><strong><strong><strong>NUITS DE MONTMARTRE<\/strong><\/strong><\/strong><\/p>\n\n\n\n<div class=\"wp-block-columns is-layout-flex wp-container-core-columns-is-layout-9d6595d7 wp-block-columns-is-layout-flex\">\n<div class=\"wp-block-column is-layout-flow wp-block-column-is-layout-flow\">\n<p>En 1927, Joseph Kessel a 30 ans lorsqu\u2019il \u00e9crit \u00ab <em><strong>Nuits de Princes <\/strong><\/em>\u00bb et \u00ab <strong><em>Nuits de Montmartre<\/em><\/strong> \u00bb. Ces deux romans correspondent \u00e0 une p\u00e9riode de sa vie \u2013 de ses jours et de ses nuits \u2013 o\u00f9 l\u2019\u00e9crivain se laisse emporter par <strong>la vie tr\u00e9pidante aux multiples exc\u00e8s des cabarets russes de Montmartre<\/strong>. <\/p>\n\n\n\n<p>Aujourd\u2019hui, un com\u00e9dien, une chanteuse et des musiciens ouvrent le rideau sur<strong> une aventure d\u2019une heure quinze, enchev\u00eatrant musique et texte<\/strong>, passant de la vie quotidienne au conte de <strong>ces nuits folles de Pigalle des ann\u00e9es vingt<\/strong>. <\/p>\n\n\n\n<p>Par la voix du com\u00e9dien et la musique des interpr\u00e8tes, les r\u00e9cits de Joseph Kessel d\u00e9crivent avec force et tendresse ces personnages, princes ou voyous, tous \u00e9mouvants et dr\u00f4les dans un Paris qui vibrait \u00e0 l&#8217;est.<\/p>\n<\/div>\n\n\n\n<div class=\"wp-block-column is-layout-flow wp-block-column-is-layout-flow\">\n<figure class=\"wp-block-gallery has-nested-images columns-default is-cropped wp-block-gallery-1 is-layout-flex wp-block-gallery-is-layout-flex\">\n<figure class=\"wp-block-image size-full is-style-rounded\"><a href=\"https:\/\/collectifmdm-idf.org\/wp-content\/uploads\/2022\/03\/NUITS-DE-MONTMARTRE-2-700.jpg\" data-rel=\"lightbox-image-0\" data-rl_title=\"\" data-rl_caption=\"\" title=\"\"><img decoding=\"async\" width=\"700\" height=\"592\" data-id=\"5695\" src=\"https:\/\/collectifmdm-idf.org\/wp-content\/uploads\/2022\/03\/NUITS-DE-MONTMARTRE-2-700.jpg\" alt=\"NUITS DE MONTMARTRE Natacha FIALKOVSKY\" class=\"wp-image-5695\" srcset=\"https:\/\/collectifmdm-idf.org\/annuaire5\/wp-content\/uploads\/2022\/03\/NUITS-DE-MONTMARTRE-2-700.jpg 700w, https:\/\/collectifmdm-idf.org\/annuaire5\/wp-content\/uploads\/2022\/03\/NUITS-DE-MONTMARTRE-2-700-300x254.jpg 300w\" sizes=\"(max-width: 700px) 100vw, 700px\" \/><\/a><\/figure>\n<\/figure>\n<\/div>\n<\/div>\n\n\n\n<div class=\"wp-block-columns is-layout-flex wp-container-core-columns-is-layout-9d6595d7 wp-block-columns-is-layout-flex\">\n<div class=\"wp-block-column is-layout-flow wp-block-column-is-layout-flow\">\n<div class=\"wp-block-media-text alignwide is-stacked-on-mobile\" style=\"grid-template-columns:24% auto\"><figure class=\"wp-block-media-text__media\"><img decoding=\"async\" src=\"https:\/\/collectifmdm-idf.org\/wp-content\/uploads\/2021\/04\/Pict_perso_30px.png\" alt=\"nombre de participant\" class=\"wp-image-2034 size-full\"\/><\/figure><div class=\"wp-block-media-text__content\">\n<p class=\"txt_Cet3 has-normal-font-size\"><strong>3 \u00e0 4  artistes<\/strong><\/p>\n<\/div><\/div>\n<\/div>\n\n\n\n<div class=\"wp-block-column has-white-background-color has-background is-layout-flow wp-block-column-is-layout-flow\">\n<div class=\"wp-block-media-text alignwide is-stacked-on-mobile\" style=\"grid-template-columns:20% auto\"><figure class=\"wp-block-media-text__media\"><img decoding=\"async\" src=\"https:\/\/collectifmdm-idf.org\/wp-content\/uploads\/2021\/04\/Sonor_100.gif\" alt=\"spectacle sonoris\u00e9\" class=\"wp-image-1904 size-full\"\/><\/figure><div class=\"wp-block-media-text__content\">\n<p class=\"txt_Cet3 has-normal-font-size\"><strong>Sonoris\u00e9<\/strong><\/p>\n<\/div><\/div>\n<\/div>\n\n\n\n<div class=\"wp-block-column is-layout-flow wp-block-column-is-layout-flow\">\n<div class=\"wp-block-media-text alignwide is-stacked-on-mobile\" style=\"grid-template-columns:23% auto\"><figure class=\"wp-block-media-text__media\"><img decoding=\"async\" src=\"https:\/\/collectifmdm-idf.org\/wp-content\/uploads\/2021\/04\/Pict_temps_30px.png\" alt=\"Dur\u00e9e de la prestation\" class=\"wp-image-2036 size-full\"\/><\/figure><div class=\"wp-block-media-text__content\">\n<p class=\"txt_Cet3 has-normal-font-size\"><strong>1h30<\/strong><\/p>\n<\/div><\/div>\n<\/div>\n\n\n\n<div class=\"wp-block-column is-layout-flow wp-block-column-is-layout-flow\">\n<div class=\"wp-block-media-text alignwide is-stacked-on-mobile\" style=\"grid-template-columns:24% auto\"><figure class=\"wp-block-media-text__media\"><img decoding=\"async\" src=\"https:\/\/collectifmdm-idf.org\/wp-content\/uploads\/2022\/03\/Pict_prix_30px.png\" alt=\"Pict prix euro\" class=\"wp-image-5165 size-full\"\/><\/figure><div class=\"wp-block-media-text__content\">\n<p class=\"txt_Cet3 has-vivid-green-cyan-color has-text-color has-normal-font-size\"><strong><a href=\"\/les-tarifs-des-prestations---collectif-en-tournee-3---2022\/\">TARIFS<\/a><\/strong><\/p>\n<\/div><\/div>\n<\/div>\n<\/div>\n\n\n\n<div class=\"wp-block-columns has-black-color has-text-color has-background is-layout-flex wp-container-core-columns-is-layout-9d6595d7 wp-block-columns-is-layout-flex\" style=\"background-color:#6dbac7\">\n<div class=\"wp-block-column is-layout-flow wp-block-column-is-layout-flow\">\n<h3 class=\"has-vivid-red-color has-white-color has-text-color wp-block-heading\" id=\"contact\">CONTACT<\/h3>\n\n\n\n<p class=\"txt_Cet3 has-black-color has-text-color has-medium-font-size\"><strong>Natacha Fialkovsky<\/strong><br><strong>AACS<br><strong><strong>06 78 68 24 97<\/strong><\/strong><\/strong><\/p>\n<\/div>\n\n\n\n<div class=\"wp-block-column is-layout-flow wp-block-column-is-layout-flow\">\n<div class=\"wp-block-media-text alignwide is-stacked-on-mobile\" style=\"grid-template-columns:15% auto\"><figure class=\"wp-block-media-text__media\"><img decoding=\"async\" src=\"https:\/\/collectifmdm-idf.org\/wp-content\/uploads\/2021\/05\/Picto_mel_60px.png\" alt=\"Adresse e-mail\" class=\"wp-image-2454 size-full\"\/><\/figure><div class=\"wp-block-media-text__content\">\n<p class=\"coord_Cet3 has-normal-font-size\"><a href=\"mailto:natacha.f@noos.fr\">natacha.f@noos.fr<\/a><\/p>\n<\/div><\/div>\n\n\n\n<div class=\"wp-block-media-text alignwide is-stacked-on-mobile\" style=\"grid-template-columns:15% auto\"><figure class=\"wp-block-media-text__media\"><img decoding=\"async\" src=\"https:\/\/collectifmdm-idf.org\/wp-content\/uploads\/2021\/05\/Picto_web_60px.png\" alt=\"Site web\" class=\"wp-image-2456 size-full\"\/><\/figure><div class=\"wp-block-media-text__content\">\n<p class=\"coord_Cet3 has-normal-font-size\"><\/p>\n<\/div><\/div>\n\n\n\n<div class=\"wp-block-columns is-layout-flex wp-container-core-columns-is-layout-9d6595d7 wp-block-columns-is-layout-flex\">\n<div class=\"wp-block-column is-layout-flow wp-block-column-is-layout-flow\">\n<figure class=\"wp-block-image size-large is-resized is-style-default\"><a href=\"https:\/\/www.facebook.com\/nuitsdemontmartre\" target=\"_blank\" rel=\"noopener\"><img decoding=\"async\" src=\"https:\/\/collectifmdm-idf.org\/wp-content\/uploads\/2021\/05\/Picto_Fb_60px.png\" alt=\"Suivez-nous sur Facebook\" class=\"wp-image-2452\" width=\"60\" height=\"60\"\/><\/a><\/figure>\n<\/div>\n\n\n\n<div class=\"wp-block-column is-layout-flow wp-block-column-is-layout-flow\"><\/div>\n\n\n\n<div class=\"wp-block-column is-layout-flow wp-block-column-is-layout-flow\"><\/div>\n<\/div>\n<\/div>\n<\/div>\n\n\n\n<div style=\"height:30px\" aria-hidden=\"true\" class=\"wp-block-spacer\"><\/div>\n\n\n\n<div class=\"wp-block-columns is-layout-flex wp-container-core-columns-is-layout-9d6595d7 wp-block-columns-is-layout-flex\">\n<div class=\"wp-block-column is-layout-flow wp-block-column-is-layout-flow\">\n<div class=\"wp-block-buttons is-horizontal is-content-justification-center is-layout-flex wp-container-core-buttons-is-layout-499968f5 wp-block-buttons-is-layout-flex\">\n<div class=\"wp-block-button has-custom-width wp-block-button__width-50 is-style-fill\"><a class=\"wp-block-button__link has-luminous-vivid-amber-background-color has-background\" href=\"\/collectif-en-tournee-3-2022\/#liste\">Retour \u00e0 la liste<\/a><\/div>\n<\/div>\n<\/div>\n\n\n\n<div class=\"wp-block-column is-layout-flow wp-block-column-is-layout-flow\">\n<div class=\"wp-block-buttons is-layout-flex wp-block-buttons-is-layout-flex\">\n<div class=\"wp-block-button has-custom-width wp-block-button__width-75\"><a class=\"wp-block-button__link has-luminous-vivid-amber-background-color has-background\" href=\"https:\/\/collectifmdm-idf.org\/wp-content\/uploads\/2022\/04\/NATACHA-FIALKOVSKY-Nuits-de-Montmartre-2022-collectifmdmidf.pdf\" target=\"_blank\" rel=\"noreferrer noopener\">T\u00e9l\u00e9charger la fiche<\/a><\/div>\n<\/div>\n<\/div>\n<\/div>\n\n\n\n<div style=\"height:60px\" aria-hidden=\"true\" class=\"wp-block-spacer\"><\/div>\n\n\n\n<figure class=\"wp-block-embed is-type-video is-provider-youtube wp-block-embed-youtube wp-embed-aspect-16-9 wp-has-aspect-ratio\"><div class=\"wp-block-embed__wrapper\">\n<div class=\"responsive-container\"><iframe title=\"&quot;Nuits de Montmartre&quot;   d&#039;apr\u00e8s Joseph KESSEL\" width=\"640\" height=\"360\" src=\"https:\/\/www.youtube.com\/embed\/Eb02ybuAkk8?feature=oembed\" frameborder=\"0\" allow=\"accelerometer; autoplay; clipboard-write; encrypted-media; gyroscope; picture-in-picture; web-share\" referrerpolicy=\"strict-origin-when-cross-origin\" allowfullscreen><\/iframe><\/div>\n<\/div><\/figure>\n\n\n\n<div class=\"wp-block-buttons is-layout-flex wp-block-buttons-is-layout-flex\">\n<div class=\"wp-block-button has-custom-width wp-block-button__width-100 is-style-fill\"><a class=\"wp-block-button__link has-white-color has-luminous-vivid-amber-background-color has-text-color has-background\" href=\"\/collectif-en-tournee-3-2022\/#liste\">Retour \u00e0 la liste<\/a><\/div>\n<\/div>\n\n\n\n<div style=\"height:60px\" aria-hidden=\"true\" class=\"wp-block-spacer\"><\/div>\n\n\n\n<p><\/p>\n","protected":false},"excerpt":{"rendered":"<p>NATACHA FIALKOVSKY<br \/>\nNUITS DE MONTMARTRE<br \/>\nEn 1927, Joseph Kessel a 30 ans lorsqu\u2019il \u00e9crit \u00ab Nuits de Princes \u00bb et \u00ab Nuits de Montmartre \u00bb.<\/p>\n","protected":false},"author":1,"featured_media":5697,"comment_status":"closed","ping_status":"open","sticky":false,"template":"","format":"standard","meta":{"_rtcl_gb_attr":"","footnotes":""},"categories":[80,84,81,89,87],"tags":[],"class_list":["post-5692","post","type-post","status-publish","format-standard","has-post-thumbnail","hentry","category-collectif-en-tournee-3","category-europe-musique-cet3","category-musique-cet3","category-spectacle-sonorise-collectif-en-tournee-3","category-spectacles-collectif-en-tournee-3"],"_links":{"self":[{"href":"https:\/\/collectifmdm-idf.org\/annuaire5\/wp-json\/wp\/v2\/posts\/5692","targetHints":{"allow":["GET"]}}],"collection":[{"href":"https:\/\/collectifmdm-idf.org\/annuaire5\/wp-json\/wp\/v2\/posts"}],"about":[{"href":"https:\/\/collectifmdm-idf.org\/annuaire5\/wp-json\/wp\/v2\/types\/post"}],"author":[{"embeddable":true,"href":"https:\/\/collectifmdm-idf.org\/annuaire5\/wp-json\/wp\/v2\/users\/1"}],"replies":[{"embeddable":true,"href":"https:\/\/collectifmdm-idf.org\/annuaire5\/wp-json\/wp\/v2\/comments?post=5692"}],"version-history":[{"count":0,"href":"https:\/\/collectifmdm-idf.org\/annuaire5\/wp-json\/wp\/v2\/posts\/5692\/revisions"}],"wp:featuredmedia":[{"embeddable":true,"href":"https:\/\/collectifmdm-idf.org\/annuaire5\/wp-json\/wp\/v2\/media\/5697"}],"wp:attachment":[{"href":"https:\/\/collectifmdm-idf.org\/annuaire5\/wp-json\/wp\/v2\/media?parent=5692"}],"wp:term":[{"taxonomy":"category","embeddable":true,"href":"https:\/\/collectifmdm-idf.org\/annuaire5\/wp-json\/wp\/v2\/categories?post=5692"},{"taxonomy":"post_tag","embeddable":true,"href":"https:\/\/collectifmdm-idf.org\/annuaire5\/wp-json\/wp\/v2\/tags?post=5692"}],"curies":[{"name":"wp","href":"https:\/\/api.w.org\/{rel}","templated":true}]}}