{"id":5609,"date":"2022-03-24T16:12:04","date_gmt":"2022-03-24T15:12:04","guid":{"rendered":"http:\/\/collectifmdm-idf.org\/?p=5609"},"modified":"2023-01-30T17:58:47","modified_gmt":"2023-01-30T16:58:47","slug":"11e-edition-du-festival-rares-talents-du-16-au-23-avril-2022-a-montreuil-93","status":"publish","type":"post","link":"https:\/\/collectifmdm-idf.org\/annuaire5\/11e-edition-du-festival-rares-talents-du-16-au-23-avril-2022-a-montreuil-93\/","title":{"rendered":"11e \u00e9dition du Festival Rares Talents \u2013 du 16 au 23 Avril 2022 \u00e0 Montreuil (93)\u00a0"},"content":{"rendered":"\n<div style=\"height:15px\" aria-hidden=\"true\" class=\"wp-block-spacer\"><\/div>\n\n\n\n<h2 class=\"wp-block-heading\">Le Festival Rares Talents &#8211; 11\u00e8me \u00c9dition<\/h2>\n\n\n\n<p class=\"has-medium-font-size\"><strong>Suite aux deux pr\u00e9c\u00e9dentes \u00e9ditions annul\u00e9es pour cause de pand\u00e9mie, c\u2019est avec une \u00e9norme motivation que nous esp\u00e9rons enfin concr\u00e9tiser cette 11\u00e8me \u00e9dition. Cette ann\u00e9e, toujours dans la p\u00e9rennit\u00e9 et fid\u00e9lit\u00e9 de nos convictions, le d\u00e9sir de proposer un \u00e9v\u00e9nement lumineux, intense et f\u00e9d\u00e9rateur est toujours bien pr\u00e9sent et intact.<\/strong><\/p>\n\n\n\n<p class=\"has-medium-font-size\">Notre rendez-vous printanier de Montreuil continuera d\u2019associer univers musicaux vari\u00e9s et g\u00e9n\u00e9rations d\u2019artistes afin de repr\u00e9senter tous les publics du territoire favorisant la diversit\u00e9 culturelle et une plus grande coh\u00e9sion sociale.<\/p>\n\n\n\n<p class=\"has-medium-font-size\">Cette programmation fera la part belle \u00e0 la<strong> rumba congolaise<\/strong>,&nbsp;inscrite au patrimoine culturel immat\u00e9riel de l\u2019humanit\u00e9 de l\u2019<em>Unesco<\/em>&nbsp;depuis cette ann\u00e9e. En commen\u00e7ant par le projet&nbsp;<strong><em>Kinshasa 78<\/em><\/strong>, avec la participation de&nbsp;<strong>Nyboma<\/strong>, le producteur et&nbsp;<strong>DJ Martin Meissonnier<\/strong>&nbsp;; et pour cl\u00f4turer \u00ab&nbsp;<strong><em>The Rumba Kings<\/em><\/strong>\u00ab&nbsp;, le film qui sera projet\u00e9 au cin\u00e9ma le M\u00e9li\u00e8s. <\/p>\n\n\n\n<p class=\"has-medium-font-size\">Nous avons \u00e9galement d\u00e9cid\u00e9 de c\u00e9l\u00e9brer ce cher Georges Brassens dont on a f\u00eat\u00e9 r\u00e9cemment le 100\u1d49 anniversaire de la naissance en version cr\u00e9ole et africaine avec&nbsp;<strong>Sam Alpha<\/strong>&nbsp;et&nbsp;<strong>Kristo Numpuby<\/strong>, sans oublier bien entendu comme chaque ann\u00e9e de promouvoir les voix des femmes, repr\u00e9sent\u00e9es par&nbsp;<strong>Natascha Rogers<\/strong>&nbsp;et le groupe&nbsp;<strong>Selkies<\/strong>&nbsp;d\u00e9j\u00e0 pr\u00e9vues l\u2019an pass\u00e9 ainsi que&nbsp;<strong>Kandy Guira<\/strong>&nbsp;et&nbsp;<strong>Kim Dee<\/strong>.<\/p>\n\n\n\n<p class=\"has-medium-font-size\"><strong>Les Opalien-nes<\/strong>, artistes et artisans d\u2019Opale (lieu g\u00e9r\u00e9 par Plateau Urbain), se joindront \u00e9galement aux Rares Talents cette ann\u00e9e pour <strong>une exposition <\/strong>et <strong>un march\u00e9 de cr\u00e9ateurs<\/strong> o\u00f9 vous pourrez y d\u00e9couvrir leurs \u0153uvres.<\/p>\n\n\n\n<p class=\"has-medium-font-size\">L\u2019\u00e9v\u00e9nement sur <strong>Facebook<\/strong> :&nbsp;<a href=\"https:\/\/fb.me\/e\/2VCWFr31E\" target=\"_blank\" rel=\"noreferrer noopener\">c\u2019est par ici !<\/a> <\/p>\n\n\n\n<p class=\"has-medium-font-size\"><strong>Bienvenu.e.s dans le Monde des Rares Talents !<\/strong><br><\/p>\n\n\n\n<figure class=\"wp-block-embed is-type-rich is-provider-prise-en-charge-des-contenus-embarques wp-block-embed-prise-en-charge-des-contenus-embarques wp-embed-aspect-16-9 wp-has-aspect-ratio\"><div class=\"wp-block-embed__wrapper\">\n<div class=\"responsive-container\"><iframe title=\"Festival Rares Talents 2022 | Teaser \u00e9dition #11\" width=\"640\" height=\"360\" src=\"https:\/\/www.youtube.com\/embed\/X2NsJJt_eUk?feature=oembed\" frameborder=\"0\" allow=\"accelerometer; autoplay; clipboard-write; encrypted-media; gyroscope; picture-in-picture; web-share\" referrerpolicy=\"strict-origin-when-cross-origin\" allowfullscreen><\/iframe><\/div>\n<\/div><\/figure>\n\n\n\n<div style=\"height:15px\" aria-hidden=\"true\" class=\"wp-block-spacer\"><\/div>\n\n\n\n<p class=\"has-text-align-center has-large-font-size\"><strong><a href=\"http:\/\/rarestalents.com\/festival-rares-talents-2020\/\" target=\"_blank\" rel=\"noreferrer noopener\" aria-label=\"www.rarestalents.com (s\u2019ouvre dans un nouvel onglet)\">www.rarestalents.com<\/a><\/strong><\/p>\n\n\n\n<div style=\"height:50px\" aria-hidden=\"true\" class=\"wp-block-spacer\"><\/div>\n\n\n\n<div class=\"wp-block-image\"><figure class=\"aligncenter size-full\"><img fetchpriority=\"high\" decoding=\"async\" width=\"495\" height=\"700\" src=\"https:\/\/collectifmdm-idf.org\/wp-content\/uploads\/2022\/03\/Rares-Talents-2022-700.jpg\" alt=\"\" class=\"wp-image-5615\" srcset=\"https:\/\/collectifmdm-idf.org\/annuaire5\/wp-content\/uploads\/2022\/03\/Rares-Talents-2022-700.jpg 495w, https:\/\/collectifmdm-idf.org\/annuaire5\/wp-content\/uploads\/2022\/03\/Rares-Talents-2022-700-212x300.jpg 212w\" sizes=\"(max-width: 495px) 100vw, 495px\" \/><\/figure><\/div>\n\n\n\n<p class=\"has-text-align-center has-luminous-vivid-orange-color has-text-color has-medium-font-size\"><strong>&#8212;o&#8212;<\/strong><\/p>\n\n\n\n<hr class=\"wp-block-separator\"\/>\n","protected":false},"excerpt":{"rendered":"<p>11e \u00e9dition du Festival Rares Talents \u2013 du 16 au 23 Avril 2022 \u00e0 Montreuil (93)<br \/>\nLe rendez-vous printanier de Montreuil continuera d\u2019associer univers musicaux vari\u00e9s et g\u00e9n\u00e9rations d\u2019artistes afin de repr\u00e9senter tous les publics du territoire\u00a0<\/p>\n","protected":false},"author":1,"featured_media":5611,"comment_status":"open","ping_status":"open","sticky":false,"template":"","format":"standard","meta":{"_rtcl_gb_attr":"","footnotes":""},"categories":[7,16,6,22],"tags":[],"class_list":["post-5609","post","type-post","status-publish","format-standard","has-post-thumbnail","hentry","category-concert","category-exposition","category-festival","category-stage"],"_links":{"self":[{"href":"https:\/\/collectifmdm-idf.org\/annuaire5\/wp-json\/wp\/v2\/posts\/5609","targetHints":{"allow":["GET"]}}],"collection":[{"href":"https:\/\/collectifmdm-idf.org\/annuaire5\/wp-json\/wp\/v2\/posts"}],"about":[{"href":"https:\/\/collectifmdm-idf.org\/annuaire5\/wp-json\/wp\/v2\/types\/post"}],"author":[{"embeddable":true,"href":"https:\/\/collectifmdm-idf.org\/annuaire5\/wp-json\/wp\/v2\/users\/1"}],"replies":[{"embeddable":true,"href":"https:\/\/collectifmdm-idf.org\/annuaire5\/wp-json\/wp\/v2\/comments?post=5609"}],"version-history":[{"count":0,"href":"https:\/\/collectifmdm-idf.org\/annuaire5\/wp-json\/wp\/v2\/posts\/5609\/revisions"}],"wp:featuredmedia":[{"embeddable":true,"href":"https:\/\/collectifmdm-idf.org\/annuaire5\/wp-json\/wp\/v2\/media\/5611"}],"wp:attachment":[{"href":"https:\/\/collectifmdm-idf.org\/annuaire5\/wp-json\/wp\/v2\/media?parent=5609"}],"wp:term":[{"taxonomy":"category","embeddable":true,"href":"https:\/\/collectifmdm-idf.org\/annuaire5\/wp-json\/wp\/v2\/categories?post=5609"},{"taxonomy":"post_tag","embeddable":true,"href":"https:\/\/collectifmdm-idf.org\/annuaire5\/wp-json\/wp\/v2\/tags?post=5609"}],"curies":[{"name":"wp","href":"https:\/\/api.w.org\/{rel}","templated":true}]}}