{"id":5374,"date":"2022-03-24T16:14:07","date_gmt":"2022-03-24T15:14:07","guid":{"rendered":"http:\/\/collectifmdm-idf.org\/?p=5374"},"modified":"2023-01-30T17:58:42","modified_gmt":"2023-01-30T16:58:42","slug":"collectif-en-tournee-3-pour-vos-spectacles-et-concerts-dete-2022","status":"publish","type":"post","link":"https:\/\/collectifmdm-idf.org\/annuaire5\/collectif-en-tournee-3-pour-vos-spectacles-et-concerts-dete-2022\/","title":{"rendered":"ColLectiF en Tourn\u00e9e #3  pour vos spectacles et concerts d\u2019\u00e9t\u00e9 2022"},"content":{"rendered":"\n<div style=\"height:50px\" aria-hidden=\"true\" class=\"wp-block-spacer\"><\/div>\n\n\n\n<p class=\"has-medium-font-size\"><strong>Programmateurs, organisateurs&nbsp;: l\u2019heure de la saison estivale s\u2019annonce&nbsp;!<\/strong><\/p>\n\n\n\n<p class=\"has-medium-font-size\">Le Collectif Musiques et Danses du Monde en \u00cele-de-France vous invite \u00e0 d\u00e9couvrir Collectif en Tourn\u00e9e&nbsp;#3, le <strong>nouveau catalogue des propositions artistiques franciliennes,<\/strong> pour vos <strong>spectacles et concerts d\u2019\u00e9t\u00e9,<\/strong><\/p>\n\n\n\n<p class=\"has-medium-font-size\"><strong>\u00e0 taille humaine, au plus pr\u00e8s des habitants.<\/strong><\/p>\n\n\n\n<div style=\"height:10px\" aria-hidden=\"true\" class=\"wp-block-spacer\"><\/div>\n\n\n\n<p class=\"has-medium-font-size\"><strong>LE PRINCIPE DU CATALOGUE<\/strong><\/p>\n\n\n\n<p class=\"has-medium-font-size\"><strong><a href=\"\/collectif-en-tournee-3-2022\/\">Un catalogue en ligne<\/a><\/strong> aux entr\u00e9es multiples&nbsp;:<\/p>\n\n\n\n<ul class=\"has-medium-font-size wp-block-list\"><li>esth\u00e9tique<\/li><li>aire g\u00e9ographique<\/li><li>alphab\u00e9tique<\/li><\/ul>\n\n\n\n<p class=\"has-medium-font-size\"><strong>De nombreuses esth\u00e9tiques<\/strong>&nbsp;: groove africain, chanson kabyle, danses des Balkans, voix a cappella, rythmes latinos, fusion jazz\u2026<\/p>\n\n\n\n<p class=\"has-medium-font-size\"><strong>Des formes vari\u00e9es<\/strong>&nbsp;: concert, bal, conte, humour, d\u00e9ambulation, conf\u00e9rence.<\/p>\n\n\n\n<p class=\"has-medium-font-size\"><strong>Un fonctionnement simple et rapide<\/strong> pour faciliter votre programmation&nbsp;:<\/p>\n\n\n\n<div class=\"wp-block-columns is-layout-flex wp-container-core-columns-is-layout-9d6595d7 wp-block-columns-is-layout-flex\">\n<div class=\"wp-block-column is-layout-flow wp-block-column-is-layout-flow\" style=\"flex-basis:100%\">\n<ul class=\"has-medium-font-size wp-block-list\"><li>Avec pr\u00e8s de 80 propositions, il y en a forc\u00e9ment une pour vous&nbsp;!<\/li><li>Vous pouvez choisir le spectacle qui correspond \u00e0 votre budget artistique.<\/li><li>Vous avez le contact direct du groupe<\/li><li>Vous signez un contrat de cession directement avec le groupe s\u2019il a une structure pour embaucher ses artistes<\/li><li> S\u2019il n\u2019a pas de structure pour embaucher ses artistes, le Collectif MDM IdF s\u2019en occupe et vous signez un contrat de cession avec le Collectif.<\/li><\/ul>\n<\/div>\n<\/div>\n\n\n\n<p class=\"has-text-align-center\" style=\"font-size:25px\"><strong>Contact&nbsp;: <a href=\"mailto:prod.collectifmdmidf@gmail.com\">prod.collectifmdmidf@gmail.com<\/a><\/strong><\/p>\n\n\n\n<div style=\"height:39px\" aria-hidden=\"true\" class=\"wp-block-spacer\"><\/div>\n\n\n\n<div class=\"wp-block-buttons is-horizontal is-content-justification-center is-layout-flex wp-container-core-buttons-is-layout-499968f5 wp-block-buttons-is-layout-flex\">\n<div class=\"wp-block-button is-style-fill\"><a class=\"wp-block-button__link has-background\" href=\"\/collectif-en-tournee-3-2022\/\" style=\"background-color:#6dbac7\"><strong>Retour \u00e0 l&#8217;accueil<\/strong><\/a><\/div>\n<\/div>\n\n\n\n<div style=\"height:39px\" aria-hidden=\"true\" class=\"wp-block-spacer\"><\/div>\n\n\n\n<div class=\"wp-block-image\"><figure class=\"aligncenter size-full\"><a href=\"\/collectif-en-tournee-3-2022\/\"><img fetchpriority=\"high\" decoding=\"async\" width=\"495\" height=\"700\" src=\"https:\/\/collectifmdm-idf.org\/wp-content\/uploads\/2022\/03\/20220307_MDM-Collectif-en-Tournee_A4_final_BD-700.jpg\" alt=\"\" class=\"wp-image-5379\" srcset=\"https:\/\/collectifmdm-idf.org\/annuaire5\/wp-content\/uploads\/2022\/03\/20220307_MDM-Collectif-en-Tournee_A4_final_BD-700.jpg 495w, https:\/\/collectifmdm-idf.org\/annuaire5\/wp-content\/uploads\/2022\/03\/20220307_MDM-Collectif-en-Tournee_A4_final_BD-700-212x300.jpg 212w\" sizes=\"(max-width: 495px) 100vw, 495px\" \/><\/a><\/figure><\/div>\n\n\n\n<div style=\"height:50px\" aria-hidden=\"true\" class=\"wp-block-spacer\"><\/div>\n\n\n\n<p class=\"has-text-align-center has-luminous-vivid-amber-color has-text-color\"><strong>&#8212; o &#8212;<\/strong><\/p>\n","protected":false},"excerpt":{"rendered":"<p>ColLectiF en Tourn\u00e9e #3  pour vos spectacles et concerts d\u2019\u00e9t\u00e9 2022<br \/>\nProgrammateurs, organisateurs\u00a0: l\u2019heure de la saison estivale s\u2019annonce\u00a0!<\/p>\n","protected":false},"author":1,"featured_media":5375,"comment_status":"open","ping_status":"open","sticky":false,"template":"","format":"standard","meta":{"_rtcl_gb_attr":"","footnotes":""},"categories":[36],"tags":[],"class_list":["post-5374","post","type-post","status-publish","format-standard","has-post-thumbnail","hentry","category-communiques"],"_links":{"self":[{"href":"https:\/\/collectifmdm-idf.org\/annuaire5\/wp-json\/wp\/v2\/posts\/5374","targetHints":{"allow":["GET"]}}],"collection":[{"href":"https:\/\/collectifmdm-idf.org\/annuaire5\/wp-json\/wp\/v2\/posts"}],"about":[{"href":"https:\/\/collectifmdm-idf.org\/annuaire5\/wp-json\/wp\/v2\/types\/post"}],"author":[{"embeddable":true,"href":"https:\/\/collectifmdm-idf.org\/annuaire5\/wp-json\/wp\/v2\/users\/1"}],"replies":[{"embeddable":true,"href":"https:\/\/collectifmdm-idf.org\/annuaire5\/wp-json\/wp\/v2\/comments?post=5374"}],"version-history":[{"count":0,"href":"https:\/\/collectifmdm-idf.org\/annuaire5\/wp-json\/wp\/v2\/posts\/5374\/revisions"}],"wp:featuredmedia":[{"embeddable":true,"href":"https:\/\/collectifmdm-idf.org\/annuaire5\/wp-json\/wp\/v2\/media\/5375"}],"wp:attachment":[{"href":"https:\/\/collectifmdm-idf.org\/annuaire5\/wp-json\/wp\/v2\/media?parent=5374"}],"wp:term":[{"taxonomy":"category","embeddable":true,"href":"https:\/\/collectifmdm-idf.org\/annuaire5\/wp-json\/wp\/v2\/categories?post=5374"},{"taxonomy":"post_tag","embeddable":true,"href":"https:\/\/collectifmdm-idf.org\/annuaire5\/wp-json\/wp\/v2\/tags?post=5374"}],"curies":[{"name":"wp","href":"https:\/\/api.w.org\/{rel}","templated":true}]}}