{"id":4844,"date":"2022-03-16T15:18:45","date_gmt":"2022-03-16T14:18:45","guid":{"rendered":"http:\/\/collectifmdm-idf.org\/?p=4844"},"modified":"2022-03-25T23:21:43","modified_gmt":"2022-03-25T22:21:43","slug":"nawal-voice-of-comoros-2022","status":"publish","type":"post","link":"https:\/\/collectifmdm-idf.org\/annuaire5\/nawal-voice-of-comoros-2022\/","title":{"rendered":"NAWAL ( Voice of Comoros) 2022"},"content":{"rendered":"\n<div class=\"wp-block-image is-style-default\"><figure class=\"aligncenter size-full\"><img fetchpriority=\"high\" decoding=\"async\" width=\"750\" height=\"70\" src=\"https:\/\/collectifmdm-idf.org\/wp-content\/uploads\/2022\/03\/bgtitr_head750_cet3_v02a.jpg\" alt=\"Petit ent\u00eate Collectif en Tourn\u00e9e\" class=\"wp-image-4306\" srcset=\"https:\/\/collectifmdm-idf.org\/annuaire5\/wp-content\/uploads\/2022\/03\/bgtitr_head750_cet3_v02a.jpg 750w, https:\/\/collectifmdm-idf.org\/annuaire5\/wp-content\/uploads\/2022\/03\/bgtitr_head750_cet3_v02a-300x28.jpg 300w\" sizes=\"(max-width: 750px) 100vw, 750px\" \/><\/figure><\/div>\n\n\n\n<p class=\"has-text-align-center h1 has-text-color has-x-large-font-size\" id=\"nom-de-l-artiste\" style=\"color:#6dbac7\"><strong>NAWAL ( Voice of Comoros)<\/strong><\/p>\n\n\n\n<div class=\"wp-block-image is-style-default\"><figure class=\"aligncenter size-full\"><img decoding=\"async\" src=\"https:\/\/collectifmdm-idf.org\/wp-content\/uploads\/2022\/03\/bgtitr_foot750_cet3_v03.jpg\" alt=\"\" class=\"wp-image-4102\"\/><\/figure><\/div>\n\n\n\n<p class=\"has-text-align-center txt_Cet3 has-blue-color has-text-color has-medium-font-size\"><strong><strong><strong>VOIX DES COMORES AFRO SOUFI ROOTS<\/strong><\/strong><\/strong><\/p>\n\n\n\n<div class=\"wp-block-columns is-layout-flex wp-container-core-columns-is-layout-9d6595d7 wp-block-columns-is-layout-flex\">\n<div class=\"wp-block-column is-layout-flow wp-block-column-is-layout-flow\">\n<p>Seule ou accompagn\u00e9e, <strong>Nawal chante a cappella<\/strong>, joue de la guitare, du <em>\u201cgambusi\u201d<\/em> (instrument \u00e0 cordes des Comores h\u00e9rit\u00e9 du Y\u00e9men), du <em>\u201cdaf\u201d<\/em> (un grand tambour sur cadre de la tradition persane), du <em>\u201chalo pan\u201d<\/em> (percussion m\u00e9lodique de la famille du \u201chang\u201d) ou du <em>\u201cmbira\u201d<\/em> (piano \u00e0 pouces du Zimbabwe).<\/p>\n\n\n\n<p>\u00ab&nbsp;Rares sont les femmes <strong>auteures-compositrices aux Comores. Nawal est une exception<\/strong>. Seule ou avec des invit\u00e9s, la chanteuse multi-instrumentiste puise dans ses racines afro-soufie un souffle unique. Elle cr\u00e9e un lien entre <strong>la culture de ses anc\u00eatres et l\u2019imaginaire intemporel des grandes voix de la libert\u00e9<\/strong> \u00bb \u00e9crit Benjamin MiNiMuM, journaliste sp\u00e9cialiste des musiques du monde.<\/p>\n\n\n\n<p><\/p>\n<\/div>\n\n\n\n<div class=\"wp-block-column is-layout-flow wp-block-column-is-layout-flow\">\n<figure class=\"wp-block-gallery has-nested-images columns-default is-cropped wp-block-gallery-1 is-layout-flex wp-block-gallery-is-layout-flex\">\n<figure class=\"wp-block-image size-large is-style-rounded\"><a href=\"https:\/\/collectifmdm-idf.org\/wp-content\/uploads\/2021\/05\/Nawal-02_gd.jpg\" data-rel=\"lightbox-image-0\" data-rl_title=\"\" data-rl_caption=\"\" title=\"\"><img decoding=\"async\" width=\"1024\" height=\"833\" data-id=\"2911\" src=\"https:\/\/collectifmdm-idf.org\/wp-content\/uploads\/2021\/05\/Nawal-02_gd-1024x833.jpg\" alt=\"NAWAL, AFRO SOUFI ROOTS\" class=\"wp-image-2911\" srcset=\"https:\/\/collectifmdm-idf.org\/annuaire5\/wp-content\/uploads\/2021\/05\/Nawal-02_gd-1024x833.jpg 1024w, https:\/\/collectifmdm-idf.org\/annuaire5\/wp-content\/uploads\/2021\/05\/Nawal-02_gd-300x244.jpg 300w, https:\/\/collectifmdm-idf.org\/annuaire5\/wp-content\/uploads\/2021\/05\/Nawal-02_gd-768x625.jpg 768w, https:\/\/collectifmdm-idf.org\/annuaire5\/wp-content\/uploads\/2021\/05\/Nawal-02_gd.jpg 1200w\" sizes=\"(max-width: 1024px) 100vw, 1024px\" \/><\/a><\/figure>\n<\/figure>\n<\/div>\n<\/div>\n\n\n\n<div class=\"wp-block-columns is-layout-flex wp-container-core-columns-is-layout-9d6595d7 wp-block-columns-is-layout-flex\">\n<div class=\"wp-block-column is-layout-flow wp-block-column-is-layout-flow\">\n<div class=\"wp-block-media-text alignwide is-stacked-on-mobile\" style=\"grid-template-columns:24% auto\"><figure class=\"wp-block-media-text__media\"><img decoding=\"async\" src=\"https:\/\/collectifmdm-idf.org\/wp-content\/uploads\/2021\/04\/Pict_perso_30px.png\" alt=\"nombre de participant\" class=\"wp-image-2034 size-full\"\/><\/figure><div class=\"wp-block-media-text__content\">\n<p class=\"txt_Cet3 has-normal-font-size\"><strong>1 artiste<\/strong><\/p>\n<\/div><\/div>\n<\/div>\n\n\n\n<div class=\"wp-block-column has-white-background-color has-background is-layout-flow wp-block-column-is-layout-flow\">\n<div class=\"wp-block-media-text alignwide is-stacked-on-mobile\" style=\"grid-template-columns:20% auto\"><figure class=\"wp-block-media-text__media\"><img decoding=\"async\" src=\"https:\/\/collectifmdm-idf.org\/wp-content\/uploads\/2021\/04\/Sonor_100.gif\" alt=\"spectacle sonoris\u00e9\" class=\"wp-image-1904 size-full\"\/><\/figure><div class=\"wp-block-media-text__content\">\n<p class=\"txt_Cet3 has-normal-font-size\"><strong>Acoustique<\/strong><\/p>\n<\/div><\/div>\n<\/div>\n\n\n\n<div class=\"wp-block-column is-layout-flow wp-block-column-is-layout-flow\">\n<div class=\"wp-block-media-text alignwide is-stacked-on-mobile\" style=\"grid-template-columns:23% auto\"><figure class=\"wp-block-media-text__media\"><img decoding=\"async\" src=\"https:\/\/collectifmdm-idf.org\/wp-content\/uploads\/2021\/04\/Pict_temps_30px.png\" alt=\"Dur\u00e9e de la prestation\" class=\"wp-image-2036 size-full\"\/><\/figure><div class=\"wp-block-media-text__content\">\n<p class=\"txt_Cet3 has-normal-font-size\"><strong>1h15<\/strong><\/p>\n<\/div><\/div>\n<\/div>\n\n\n\n<div class=\"wp-block-column is-layout-flow wp-block-column-is-layout-flow\">\n<div class=\"wp-block-media-text alignwide is-stacked-on-mobile\" style=\"grid-template-columns:24% auto\"><figure class=\"wp-block-media-text__media\"><img decoding=\"async\" src=\"https:\/\/collectifmdm-idf.org\/wp-content\/uploads\/2022\/03\/Pict_prix_30px.png\" alt=\"Pict prix euro\" class=\"wp-image-5165 size-full\"\/><\/figure><div class=\"wp-block-media-text__content\">\n<p class=\"txt_Cet3 has-vivid-green-cyan-color has-text-color has-normal-font-size\"><strong><a href=\"\/les-tarifs-des-prestations---collectif-en-tournee-3---2022\/\">TARIFS<\/a><\/strong><\/p>\n<\/div><\/div>\n<\/div>\n<\/div>\n\n\n\n<div class=\"wp-block-columns has-black-color has-text-color has-background is-layout-flex wp-container-core-columns-is-layout-9d6595d7 wp-block-columns-is-layout-flex\" style=\"background-color:#6dbac7\">\n<div class=\"wp-block-column is-layout-flow wp-block-column-is-layout-flow\">\n<h3 class=\"has-vivid-red-color has-white-color has-text-color wp-block-heading\" id=\"contact\">CONTACT<\/h3>\n\n\n\n<p class=\"txt_Cet3 has-black-color has-text-color has-medium-font-size\"><strong><strong><strong>Nawal Mlanao<br>Association Art T\u00e9moin<\/strong><\/strong><br><strong><strong>07 54 82 65 47<\/strong><\/strong><\/strong><\/p>\n<\/div>\n\n\n\n<div class=\"wp-block-column is-layout-flow wp-block-column-is-layout-flow\">\n<div class=\"wp-block-media-text alignwide is-stacked-on-mobile\" style=\"grid-template-columns:15% auto\"><figure class=\"wp-block-media-text__media\"><img decoding=\"async\" src=\"https:\/\/collectifmdm-idf.org\/wp-content\/uploads\/2021\/05\/Picto_mel_60px.png\" alt=\"Adresse e-mail\" class=\"wp-image-2454 size-full\"\/><\/figure><div class=\"wp-block-media-text__content\">\n<p class=\"coord_Cet3 has-normal-font-size\"><a href=\"mailto:art-temoin@nawali.com\" target=\"_blank\" rel=\"noreferrer noopener\">art-temoin@nawali.com<\/a><\/p>\n<\/div><\/div>\n\n\n\n<div class=\"wp-block-media-text alignwide is-stacked-on-mobile\" style=\"grid-template-columns:15% auto\"><figure class=\"wp-block-media-text__media\"><img decoding=\"async\" src=\"https:\/\/collectifmdm-idf.org\/wp-content\/uploads\/2021\/05\/Picto_web_60px.png\" alt=\"Site web\" class=\"wp-image-2456 size-full\"\/><\/figure><div class=\"wp-block-media-text__content\">\n<p class=\"coord_Cet3 has-normal-font-size\"><a href=\"http:\/\/www.nawali.com\" target=\"_blank\" rel=\"noreferrer noopener\">nawali.com<\/a><\/p>\n<\/div><\/div>\n\n\n\n<div class=\"wp-block-columns is-layout-flex wp-container-core-columns-is-layout-9d6595d7 wp-block-columns-is-layout-flex\">\n<div class=\"wp-block-column is-layout-flow wp-block-column-is-layout-flow\">\n<figure class=\"wp-block-image size-large is-resized is-style-default\"><a href=\"https:\/\/www.facebook.com\/NawalComores\" target=\"_blank\" rel=\"noopener\"><img decoding=\"async\" src=\"https:\/\/collectifmdm-idf.org\/wp-content\/uploads\/2021\/05\/Picto_Fb_60px.png\" alt=\"Suivez-nous sur Facebook\" class=\"wp-image-2452\" width=\"60\" height=\"60\"\/><\/a><\/figure>\n<\/div>\n\n\n\n<div class=\"wp-block-column is-layout-flow wp-block-column-is-layout-flow\">\n<figure class=\"wp-block-image size-large is-resized is-style-default\"><a href=\"https:\/\/www.instagram.com\/nawalvoiceof\/\" target=\"_blank\" rel=\"noopener\"><img loading=\"lazy\" decoding=\"async\" src=\"https:\/\/collectifmdm-idf.org\/wp-content\/uploads\/2021\/05\/Picto_insta_60px.png\" alt=\"Venez-nous voir sur Instagram\" class=\"wp-image-2453\" width=\"60\" height=\"60\"\/><\/a><\/figure>\n<\/div>\n\n\n\n<div class=\"wp-block-column is-layout-flow wp-block-column-is-layout-flow\"><\/div>\n<\/div>\n<\/div>\n<\/div>\n\n\n\n<div style=\"height:30px\" aria-hidden=\"true\" class=\"wp-block-spacer\"><\/div>\n\n\n\n<div class=\"wp-block-columns is-layout-flex wp-container-core-columns-is-layout-9d6595d7 wp-block-columns-is-layout-flex\">\n<div class=\"wp-block-column is-layout-flow wp-block-column-is-layout-flow\">\n<div class=\"wp-block-buttons is-horizontal is-content-justification-center is-layout-flex wp-container-core-buttons-is-layout-499968f5 wp-block-buttons-is-layout-flex\">\n<div class=\"wp-block-button has-custom-width wp-block-button__width-50 is-style-fill\"><a class=\"wp-block-button__link has-luminous-vivid-amber-background-color has-background\" href=\"\/collectif-en-tournee-3-2022\/#liste\">Retour \u00e0 la liste<\/a><\/div>\n<\/div>\n<\/div>\n\n\n\n<div class=\"wp-block-column is-layout-flow wp-block-column-is-layout-flow\">\n<div class=\"wp-block-buttons is-layout-flex wp-block-buttons-is-layout-flex\">\n<div class=\"wp-block-button has-custom-width wp-block-button__width-75\"><a class=\"wp-block-button__link has-luminous-vivid-amber-background-color has-background\" href=\"https:\/\/collectifmdm-idf.org\/wp-content\/uploads\/2022\/03\/NAWAL-Voice-of-Comoros-2022-collectifmdmidf-CET3-Collectif-en-Tournee-2022.pdf\" target=\"_blank\" rel=\"noreferrer noopener\">T\u00e9l\u00e9charger la fiche<\/a><\/div>\n<\/div>\n<\/div>\n<\/div>\n\n\n\n<div style=\"height:60px\" aria-hidden=\"true\" class=\"wp-block-spacer\"><\/div>\n\n\n\n<figure class=\"wp-block-embed is-type-video is-provider-youtube wp-block-embed-youtube wp-embed-aspect-16-9 wp-has-aspect-ratio\"><div class=\"wp-block-embed__wrapper\">\n<div class=\"responsive-container\"><iframe title=\"Nawal - Hima\" width=\"640\" height=\"360\" src=\"https:\/\/www.youtube.com\/embed\/ZssvgKwdlg4?feature=oembed\" frameborder=\"0\" allow=\"accelerometer; autoplay; clipboard-write; encrypted-media; gyroscope; picture-in-picture; web-share\" referrerpolicy=\"strict-origin-when-cross-origin\" allowfullscreen><\/iframe><\/div>\n<\/div><\/figure>\n\n\n\n<div class=\"wp-block-buttons is-layout-flex wp-block-buttons-is-layout-flex\">\n<div class=\"wp-block-button has-custom-width wp-block-button__width-100 is-style-fill\"><a class=\"wp-block-button__link has-white-color has-luminous-vivid-amber-background-color has-text-color has-background\" href=\"\/collectif-en-tournee-3-2022\/#liste\">Retour \u00e0 la liste<\/a><\/div>\n<\/div>\n\n\n\n<div style=\"height:60px\" aria-hidden=\"true\" class=\"wp-block-spacer\"><\/div>\n\n\n\n<p><\/p>\n","protected":false},"excerpt":{"rendered":"<p>NAWAL ( Voice of Comoros)<br \/>\nVOIX DES COMORES AFRO SOUFI ROOTS<\/p>\n","protected":false},"author":1,"featured_media":4258,"comment_status":"closed","ping_status":"open","sticky":false,"template":"","format":"standard","meta":{"_rtcl_gb_attr":"","footnotes":""},"categories":[97,80,81,88,87],"tags":[],"class_list":["post-4844","post","type-post","status-publish","format-standard","has-post-thumbnail","hentry","category-afrique-musique-cet3","category-collectif-en-tournee-3","category-musique-cet3","category-spectacle-acoustique-collectif-en-tournee-3","category-spectacles-collectif-en-tournee-3"],"_links":{"self":[{"href":"https:\/\/collectifmdm-idf.org\/annuaire5\/wp-json\/wp\/v2\/posts\/4844","targetHints":{"allow":["GET"]}}],"collection":[{"href":"https:\/\/collectifmdm-idf.org\/annuaire5\/wp-json\/wp\/v2\/posts"}],"about":[{"href":"https:\/\/collectifmdm-idf.org\/annuaire5\/wp-json\/wp\/v2\/types\/post"}],"author":[{"embeddable":true,"href":"https:\/\/collectifmdm-idf.org\/annuaire5\/wp-json\/wp\/v2\/users\/1"}],"replies":[{"embeddable":true,"href":"https:\/\/collectifmdm-idf.org\/annuaire5\/wp-json\/wp\/v2\/comments?post=4844"}],"version-history":[{"count":0,"href":"https:\/\/collectifmdm-idf.org\/annuaire5\/wp-json\/wp\/v2\/posts\/4844\/revisions"}],"wp:featuredmedia":[{"embeddable":true,"href":"https:\/\/collectifmdm-idf.org\/annuaire5\/wp-json\/wp\/v2\/media\/4258"}],"wp:attachment":[{"href":"https:\/\/collectifmdm-idf.org\/annuaire5\/wp-json\/wp\/v2\/media?parent=4844"}],"wp:term":[{"taxonomy":"category","embeddable":true,"href":"https:\/\/collectifmdm-idf.org\/annuaire5\/wp-json\/wp\/v2\/categories?post=4844"},{"taxonomy":"post_tag","embeddable":true,"href":"https:\/\/collectifmdm-idf.org\/annuaire5\/wp-json\/wp\/v2\/tags?post=4844"}],"curies":[{"name":"wp","href":"https:\/\/api.w.org\/{rel}","templated":true}]}}