{"id":4829,"date":"2022-03-16T13:50:49","date_gmt":"2022-03-16T12:50:49","guid":{"rendered":"http:\/\/collectifmdm-idf.org\/?p=4829"},"modified":"2022-03-25T23:23:49","modified_gmt":"2022-03-25T22:23:49","slug":"faouzi-abdennour-et-son-groupe-2022","status":"publish","type":"post","link":"https:\/\/collectifmdm-idf.org\/annuaire5\/faouzi-abdennour-et-son-groupe-2022\/","title":{"rendered":"Faouzi Abdennour et son groupe  2022"},"content":{"rendered":"\n<div class=\"wp-block-image is-style-default\"><figure class=\"aligncenter size-full\"><img fetchpriority=\"high\" decoding=\"async\" width=\"750\" height=\"70\" src=\"https:\/\/collectifmdm-idf.org\/wp-content\/uploads\/2022\/03\/bgtitr_head750_cet3_v02a.jpg\" alt=\"Petit ent\u00eate Collectif en Tourn\u00e9e\" class=\"wp-image-4306\" srcset=\"https:\/\/collectifmdm-idf.org\/annuaire5\/wp-content\/uploads\/2022\/03\/bgtitr_head750_cet3_v02a.jpg 750w, https:\/\/collectifmdm-idf.org\/annuaire5\/wp-content\/uploads\/2022\/03\/bgtitr_head750_cet3_v02a-300x28.jpg 300w\" sizes=\"(max-width: 750px) 100vw, 750px\" \/><\/figure><\/div>\n\n\n\n<p class=\"has-text-align-center h1 has-text-color has-x-large-font-size\" id=\"nom-de-l-artiste\" style=\"color:#6dbac7\"><strong>Faouzi Abdennour et son groupe<\/strong><\/p>\n\n\n\n<div class=\"wp-block-image is-style-default\"><figure class=\"aligncenter size-full\"><img decoding=\"async\" src=\"https:\/\/collectifmdm-idf.org\/wp-content\/uploads\/2022\/03\/bgtitr_foot750_cet3_v03.jpg\" alt=\"\" class=\"wp-image-4102\"\/><\/figure><\/div>\n\n\n\n<p class=\"has-text-align-center txt_Cet3 has-blue-color has-text-color has-medium-font-size\"><strong><strong><strong>LA MUSIQUE MALOUF EN PLEIN AIR&nbsp;: L\u2019ART ET LA NATURE<\/strong><\/strong><\/strong><\/p>\n\n\n\n<div class=\"wp-block-columns is-layout-flex wp-container-core-columns-is-layout-9d6595d7 wp-block-columns-is-layout-flex\">\n<div class=\"wp-block-column is-layout-flow wp-block-column-is-layout-flow\">\n<p>Jadis <strong>le malouf \u00e9tait jou\u00e9 au c\u0153ur des palais<\/strong>. Douce et classique, cette musique se marie harmonieusement au chant des oiseaux. En lien avec la nature, elle cr\u00e9e <strong>une ambiance chaude et conviviale<\/strong>, loin des bruits importuns. Elle est source de joie et de gaiet\u00e9 pour celles et ceux qui l\u2019\u00e9coutent. C\u2019est pourquoi les artistes souhaitent se produire dans les jardins et parcs d\u2019Ile-de-France.<\/p>\n\n\n\n<p>Faouzi Abdennour est un musicien et chanteur originaire de Constantine en Alg\u00e9rie, la ville o\u00f9 s\u2019est d\u00e9velopp\u00e9 l\u2019art du Malouf. Initiateur de nombreux projets musicaux en France et dans le monde, il a tiss\u00e9 des liens forts d\u2019amiti\u00e9 et de travail avec <strong>les grands ma\u00eetres de la musique arabo-andalouse<\/strong>. \u00c0 Paris, il a fond\u00e9 sa propre \u00e9cole de Malouf.<\/p>\n\n\n\n<p><\/p>\n<\/div>\n\n\n\n<div class=\"wp-block-column is-layout-flow wp-block-column-is-layout-flow\">\n<figure class=\"wp-block-gallery has-nested-images columns-default is-cropped wp-block-gallery-1 is-layout-flex wp-block-gallery-is-layout-flex\">\n<figure class=\"wp-block-image size-full is-style-rounded\"><a href=\"https:\/\/collectifmdm-idf.org\/wp-content\/uploads\/2021\/05\/FAOUZI-2.jpg\" data-rel=\"lightbox-image-0\" data-rl_title=\"\" data-rl_caption=\"\" title=\"\"><img decoding=\"async\" width=\"750\" height=\"738\" data-id=\"2227\" src=\"https:\/\/collectifmdm-idf.org\/wp-content\/uploads\/2021\/05\/FAOUZI-2.jpg\" alt=\"Fouazi Abdennour musicien et chanteur alg\u00e9rien de Constantine\" class=\"wp-image-2227\" srcset=\"https:\/\/collectifmdm-idf.org\/annuaire5\/wp-content\/uploads\/2021\/05\/FAOUZI-2.jpg 750w, https:\/\/collectifmdm-idf.org\/annuaire5\/wp-content\/uploads\/2021\/05\/FAOUZI-2-300x295.jpg 300w\" sizes=\"(max-width: 750px) 100vw, 750px\" \/><\/a><\/figure>\n<\/figure>\n<\/div>\n<\/div>\n\n\n\n<div class=\"wp-block-columns is-layout-flex wp-container-core-columns-is-layout-9d6595d7 wp-block-columns-is-layout-flex\">\n<div class=\"wp-block-column is-layout-flow wp-block-column-is-layout-flow\">\n<div class=\"wp-block-media-text alignwide is-stacked-on-mobile\" style=\"grid-template-columns:24% auto\"><figure class=\"wp-block-media-text__media\"><img decoding=\"async\" src=\"https:\/\/collectifmdm-idf.org\/wp-content\/uploads\/2021\/04\/Pict_perso_30px.png\" alt=\"nombre de participant\" class=\"wp-image-2034 size-full\"\/><\/figure><div class=\"wp-block-media-text__content\">\n<p class=\"txt_Cet3 has-normal-font-size\"><strong>1 \u00e0 4 artistes<\/strong><\/p>\n<\/div><\/div>\n<\/div>\n\n\n\n<div class=\"wp-block-column has-white-background-color has-background is-layout-flow wp-block-column-is-layout-flow\">\n<div class=\"wp-block-media-text alignwide is-stacked-on-mobile\" style=\"grid-template-columns:20% auto\"><figure class=\"wp-block-media-text__media\"><img decoding=\"async\" src=\"https:\/\/collectifmdm-idf.org\/wp-content\/uploads\/2021\/04\/Sonor_100.gif\" alt=\"spectacle sonoris\u00e9\" class=\"wp-image-1904 size-full\"\/><\/figure><div class=\"wp-block-media-text__content\">\n<p class=\"txt_Cet3 has-normal-font-size\"><strong>Sonoris\u00e9<\/strong><\/p>\n<\/div><\/div>\n<\/div>\n\n\n\n<div class=\"wp-block-column is-layout-flow wp-block-column-is-layout-flow\">\n<div class=\"wp-block-media-text alignwide is-stacked-on-mobile\" style=\"grid-template-columns:23% auto\"><figure class=\"wp-block-media-text__media\"><img decoding=\"async\" src=\"https:\/\/collectifmdm-idf.org\/wp-content\/uploads\/2021\/04\/Pict_temps_30px.png\" alt=\"Dur\u00e9e de la prestation\" class=\"wp-image-2036 size-full\"\/><\/figure><div class=\"wp-block-media-text__content\">\n<p class=\"txt_Cet3 has-normal-font-size\"><strong>20 mn \u00e0 2h00<\/strong><\/p>\n<\/div><\/div>\n<\/div>\n\n\n\n<div class=\"wp-block-column is-layout-flow wp-block-column-is-layout-flow\">\n<div class=\"wp-block-media-text alignwide is-stacked-on-mobile\" style=\"grid-template-columns:24% auto\"><figure class=\"wp-block-media-text__media\"><img decoding=\"async\" src=\"https:\/\/collectifmdm-idf.org\/wp-content\/uploads\/2022\/03\/Pict_prix_30px.png\" alt=\"Pict prix euro\" class=\"wp-image-5165 size-full\"\/><\/figure><div class=\"wp-block-media-text__content\">\n<p class=\"txt_Cet3 has-vivid-green-cyan-color has-text-color has-normal-font-size\"><strong><a href=\"\/les-tarifs-des-prestations---collectif-en-tournee-3---2022\/\">TARIFS<\/a><\/strong><\/p>\n<\/div><\/div>\n<\/div>\n<\/div>\n\n\n\n<div class=\"wp-block-columns has-black-color has-text-color has-background is-layout-flex wp-container-core-columns-is-layout-9d6595d7 wp-block-columns-is-layout-flex\" style=\"background-color:#6dbac7\">\n<div class=\"wp-block-column is-layout-flow wp-block-column-is-layout-flow\">\n<h3 class=\"has-vivid-red-color has-white-color has-text-color wp-block-heading\" id=\"contact\">CONTACT<\/h3>\n\n\n\n<p class=\"txt_Cet3 has-black-color has-text-color has-medium-font-size\"><strong><strong><strong>Faouzi Abdennour<\/strong><\/strong><br><strong><strong>06 41 67 74 27<\/strong><\/strong><\/strong><\/p>\n<\/div>\n\n\n\n<div class=\"wp-block-column is-layout-flow wp-block-column-is-layout-flow\">\n<div class=\"wp-block-media-text alignwide is-stacked-on-mobile\" style=\"grid-template-columns:15% auto\"><figure class=\"wp-block-media-text__media\"><img decoding=\"async\" src=\"https:\/\/collectifmdm-idf.org\/wp-content\/uploads\/2021\/05\/Picto_mel_60px.png\" alt=\"Adresse e-mail\" class=\"wp-image-2454 size-full\"\/><\/figure><div class=\"wp-block-media-text__content\">\n<p class=\"coord_Cet3 has-normal-font-size\"><a href=\"mailto:andaloussia@gmail.com\" target=\"_blank\" rel=\"noreferrer noopener\">andaloussia@gmail.com<\/a><\/p>\n<\/div><\/div>\n\n\n\n<div class=\"wp-block-columns is-layout-flex wp-container-core-columns-is-layout-9d6595d7 wp-block-columns-is-layout-flex\">\n<div class=\"wp-block-column is-layout-flow wp-block-column-is-layout-flow\">\n<figure class=\"wp-block-image size-large is-resized is-style-default\"><a href=\"https:\/\/www.facebook.com\/faouzi.abdennour\" target=\"_blank\" rel=\"noopener\"><img decoding=\"async\" src=\"https:\/\/collectifmdm-idf.org\/wp-content\/uploads\/2021\/05\/Picto_Fb_60px.png\" alt=\"Suivez-nous sur Facebook\" class=\"wp-image-2452\" width=\"60\" height=\"60\"\/><\/a><\/figure>\n<\/div>\n\n\n\n<div class=\"wp-block-column is-layout-flow wp-block-column-is-layout-flow\"><\/div>\n\n\n\n<div class=\"wp-block-column is-layout-flow wp-block-column-is-layout-flow\"><\/div>\n<\/div>\n<\/div>\n<\/div>\n\n\n\n<div style=\"height:30px\" aria-hidden=\"true\" class=\"wp-block-spacer\"><\/div>\n\n\n\n<div class=\"wp-block-columns is-layout-flex wp-container-core-columns-is-layout-9d6595d7 wp-block-columns-is-layout-flex\">\n<div class=\"wp-block-column is-layout-flow wp-block-column-is-layout-flow\">\n<div class=\"wp-block-buttons is-horizontal is-content-justification-center is-layout-flex wp-container-core-buttons-is-layout-499968f5 wp-block-buttons-is-layout-flex\">\n<div class=\"wp-block-button has-custom-width wp-block-button__width-50 is-style-fill\"><a class=\"wp-block-button__link has-luminous-vivid-amber-background-color has-background\" href=\"\/collectif-en-tournee-3-2022\/#liste\">Retour \u00e0 la liste<\/a><\/div>\n<\/div>\n<\/div>\n\n\n\n<div class=\"wp-block-column is-layout-flow wp-block-column-is-layout-flow\">\n<div class=\"wp-block-buttons is-layout-flex wp-block-buttons-is-layout-flex\">\n<div class=\"wp-block-button has-custom-width wp-block-button__width-75\"><a class=\"wp-block-button__link has-luminous-vivid-amber-background-color has-background\" href=\"https:\/\/collectifmdm-idf.org\/wp-content\/uploads\/2022\/03\/faouzi-abdennour-et-son-groupe-2022-collectifmdmidf-CET3-Collectif-en-Tournee-2022.pdf\" target=\"_blank\" rel=\"noreferrer noopener\">T\u00e9l\u00e9charger la fiche<\/a><\/div>\n<\/div>\n<\/div>\n<\/div>\n\n\n\n<div style=\"height:60px\" aria-hidden=\"true\" class=\"wp-block-spacer\"><\/div>\n\n\n\n<figure class=\"wp-block-embed is-type-video is-provider-youtube wp-block-embed-youtube wp-embed-aspect-16-9 wp-has-aspect-ratio\"><div class=\"wp-block-embed__wrapper\">\nhttps:\/\/www.youtube.com\/watch?v=F9CPe5OfHQc\n<\/div><\/figure>\n\n\n\n<figure class=\"wp-block-embed is-type-video is-provider-youtube wp-block-embed-youtube wp-embed-aspect-16-9 wp-has-aspect-ratio\"><div class=\"wp-block-embed__wrapper\">\nhttps:\/\/www.youtube.com\/watch?v=GqnbugJCA_g\n<\/div><\/figure>\n\n\n\n<div style=\"height:51px\" aria-hidden=\"true\" class=\"wp-block-spacer\"><\/div>\n\n\n\n<div class=\"wp-block-buttons is-layout-flex wp-block-buttons-is-layout-flex\">\n<div class=\"wp-block-button has-custom-width wp-block-button__width-100 is-style-fill\"><a class=\"wp-block-button__link has-white-color has-luminous-vivid-amber-background-color has-text-color has-background\" href=\"\/collectif-en-tournee-3-2022\/#liste\">Retour \u00e0 la liste<\/a><\/div>\n<\/div>\n\n\n\n<div style=\"height:60px\" aria-hidden=\"true\" class=\"wp-block-spacer\"><\/div>\n\n\n\n<p><\/p>\n","protected":false},"excerpt":{"rendered":"<p>Faouzi Abdennour et son groupe<br \/>\nLA MUSIQUE MALOUF EN PLEIN AIR\u00a0: L\u2019ART ET LA NATURE<\/p>\n","protected":false},"author":1,"featured_media":4247,"comment_status":"closed","ping_status":"open","sticky":false,"template":"","format":"standard","meta":{"_rtcl_gb_attr":"","footnotes":""},"categories":[80,85,81],"tags":[],"class_list":["post-4829","post","type-post","status-publish","format-standard","has-post-thumbnail","hentry","category-collectif-en-tournee-3","category-maghreb-musique-cet3","category-musique-cet3"],"_links":{"self":[{"href":"https:\/\/collectifmdm-idf.org\/annuaire5\/wp-json\/wp\/v2\/posts\/4829","targetHints":{"allow":["GET"]}}],"collection":[{"href":"https:\/\/collectifmdm-idf.org\/annuaire5\/wp-json\/wp\/v2\/posts"}],"about":[{"href":"https:\/\/collectifmdm-idf.org\/annuaire5\/wp-json\/wp\/v2\/types\/post"}],"author":[{"embeddable":true,"href":"https:\/\/collectifmdm-idf.org\/annuaire5\/wp-json\/wp\/v2\/users\/1"}],"replies":[{"embeddable":true,"href":"https:\/\/collectifmdm-idf.org\/annuaire5\/wp-json\/wp\/v2\/comments?post=4829"}],"version-history":[{"count":0,"href":"https:\/\/collectifmdm-idf.org\/annuaire5\/wp-json\/wp\/v2\/posts\/4829\/revisions"}],"wp:featuredmedia":[{"embeddable":true,"href":"https:\/\/collectifmdm-idf.org\/annuaire5\/wp-json\/wp\/v2\/media\/4247"}],"wp:attachment":[{"href":"https:\/\/collectifmdm-idf.org\/annuaire5\/wp-json\/wp\/v2\/media?parent=4829"}],"wp:term":[{"taxonomy":"category","embeddable":true,"href":"https:\/\/collectifmdm-idf.org\/annuaire5\/wp-json\/wp\/v2\/categories?post=4829"},{"taxonomy":"post_tag","embeddable":true,"href":"https:\/\/collectifmdm-idf.org\/annuaire5\/wp-json\/wp\/v2\/tags?post=4829"}],"curies":[{"name":"wp","href":"https:\/\/api.w.org\/{rel}","templated":true}]}}