{"id":4695,"date":"2022-03-15T19:54:24","date_gmt":"2022-03-15T18:54:24","guid":{"rendered":"http:\/\/collectifmdm-idf.org\/?p=4695"},"modified":"2022-03-25T23:34:06","modified_gmt":"2022-03-25T22:34:06","slug":"ngita-2022","status":"publish","type":"post","link":"https:\/\/collectifmdm-idf.org\/annuaire5\/ngita-2022\/","title":{"rendered":"NGITA 2022"},"content":{"rendered":"\n<div class=\"wp-block-image is-style-default\"><figure class=\"aligncenter size-full\"><img fetchpriority=\"high\" decoding=\"async\" width=\"750\" height=\"70\" src=\"https:\/\/collectifmdm-idf.org\/wp-content\/uploads\/2022\/03\/bgtitr_head750_cet3_v02a.jpg\" alt=\"Petit ent\u00eate Collectif en Tourn\u00e9e\" class=\"wp-image-4306\" srcset=\"https:\/\/collectifmdm-idf.org\/annuaire5\/wp-content\/uploads\/2022\/03\/bgtitr_head750_cet3_v02a.jpg 750w, https:\/\/collectifmdm-idf.org\/annuaire5\/wp-content\/uploads\/2022\/03\/bgtitr_head750_cet3_v02a-300x28.jpg 300w\" sizes=\"(max-width: 750px) 100vw, 750px\" \/><\/figure><\/div>\n\n\n\n<p class=\"has-text-align-center h1 has-text-color has-x-large-font-size\" id=\"nom-de-l-artiste\" style=\"color:#6dbac7\"><strong>NGITA<\/strong><\/p>\n\n\n\n<div class=\"wp-block-image is-style-default\"><figure class=\"aligncenter size-full\"><img decoding=\"async\" src=\"https:\/\/collectifmdm-idf.org\/wp-content\/uploads\/2022\/03\/bgtitr_foot750_cet3_v03.jpg\" alt=\"\" class=\"wp-image-4102\"\/><\/figure><\/div>\n\n\n\n<p class=\"has-text-align-center txt_Cet3 has-blue-color has-text-color has-medium-font-size\"><strong><strong>MANGINA (<em>SOYEZ SILENCIEUX<\/em>)<\/strong><\/strong><\/p>\n\n\n\n<div class=\"wp-block-columns is-layout-flex wp-container-core-columns-is-layout-9d6595d7 wp-block-columns-is-layout-flex\">\n<div class=\"wp-block-column is-layout-flow wp-block-column-is-layout-flow\">\n<p><strong>Ngita et ses musiciens vous transporte dans les rythmes multiples et vari\u00e9es de Madagascar<\/strong> . Chaque r\u00e9gion et chacune des 18 ethnies de la Grande \u00cele, a sa musique et sonorit\u00e9 qui lui est propre . Ngita chante avec la fusion de ses diff\u00e9rentes cultures Malgache , elles fait \u00e9galement un m\u00e9lange fougueux de la musique traditionnelle, contemporaine et populaire de l\u2019ile. <br>Madagascar est un pays o\u00f9 l&#8217;on chante et o\u00f9 l&#8217;on joue de la musique en toutes circonstances. de Ngita chansons sont inspir\u00e9es du quotidien des habitants de l\u2019ile , mais expriment \u00e9galement la d\u00e9fense de grandes causes, telles que la lutte contre la d\u00e9forestation et la la s\u00e9cheresse , l&#8217;exil .<\/p>\n\n\n\n<p><\/p>\n<\/div>\n\n\n\n<div class=\"wp-block-column is-layout-flow wp-block-column-is-layout-flow\">\n<figure class=\"wp-block-gallery has-nested-images columns-default is-cropped wp-block-gallery-1 is-layout-flex wp-block-gallery-is-layout-flex\">\n<figure class=\"wp-block-image size-full is-style-rounded\"><a href=\"https:\/\/collectifmdm-idf.org\/wp-content\/uploads\/2022\/03\/NGITA6trez40.jpg\" data-rel=\"lightbox-image-0\" data-rl_title=\"\" data-rl_caption=\"\" title=\"\"><img decoding=\"async\" width=\"567\" height=\"853\" data-id=\"4706\" src=\"https:\/\/collectifmdm-idf.org\/wp-content\/uploads\/2022\/03\/NGITA6trez40.jpg\" alt=\"NGITA\" class=\"wp-image-4706\" srcset=\"https:\/\/collectifmdm-idf.org\/annuaire5\/wp-content\/uploads\/2022\/03\/NGITA6trez40.jpg 567w, https:\/\/collectifmdm-idf.org\/annuaire5\/wp-content\/uploads\/2022\/03\/NGITA6trez40-199x300.jpg 199w\" sizes=\"(max-width: 567px) 100vw, 567px\" \/><\/a><\/figure>\n<\/figure>\n<\/div>\n<\/div>\n\n\n\n<div class=\"wp-block-columns is-layout-flex wp-container-core-columns-is-layout-9d6595d7 wp-block-columns-is-layout-flex\">\n<div class=\"wp-block-column is-layout-flow wp-block-column-is-layout-flow\">\n<div class=\"wp-block-media-text alignwide is-stacked-on-mobile\" style=\"grid-template-columns:24% auto\"><figure class=\"wp-block-media-text__media\"><img decoding=\"async\" src=\"https:\/\/collectifmdm-idf.org\/wp-content\/uploads\/2021\/04\/Pict_perso_30px.png\" alt=\"nombre de participant\" class=\"wp-image-2034 size-full\"\/><\/figure><div class=\"wp-block-media-text__content\">\n<p class=\"txt_Cet3 has-normal-font-size\"><strong>2 \u00e0 4 artistes<\/strong><\/p>\n<\/div><\/div>\n<\/div>\n\n\n\n<div class=\"wp-block-column has-white-background-color has-background is-layout-flow wp-block-column-is-layout-flow\">\n<div class=\"wp-block-media-text alignwide is-stacked-on-mobile\" style=\"grid-template-columns:20% auto\"><figure class=\"wp-block-media-text__media\"><img decoding=\"async\" src=\"https:\/\/collectifmdm-idf.org\/wp-content\/uploads\/2021\/04\/Sonor_100.gif\" alt=\"spectacle sonoris\u00e9\" class=\"wp-image-1904 size-full\"\/><\/figure><div class=\"wp-block-media-text__content\">\n<p class=\"txt_Cet3 has-normal-font-size\"><strong>Acoustique <\/strong><\/p>\n<\/div><\/div>\n<\/div>\n\n\n\n<div class=\"wp-block-column is-layout-flow wp-block-column-is-layout-flow\">\n<div class=\"wp-block-media-text alignwide is-stacked-on-mobile\" style=\"grid-template-columns:23% auto\"><figure class=\"wp-block-media-text__media\"><img decoding=\"async\" src=\"https:\/\/collectifmdm-idf.org\/wp-content\/uploads\/2021\/04\/Pict_temps_30px.png\" alt=\"Dur\u00e9e de la prestation\" class=\"wp-image-2036 size-full\"\/><\/figure><div class=\"wp-block-media-text__content\">\n<p class=\"txt_Cet3 has-normal-font-size\"><strong>1h00 \u00e0  1h30<\/strong><\/p>\n<\/div><\/div>\n<\/div>\n\n\n\n<div class=\"wp-block-column is-layout-flow wp-block-column-is-layout-flow\">\n<div class=\"wp-block-media-text alignwide is-stacked-on-mobile\" style=\"grid-template-columns:24% auto\"><figure class=\"wp-block-media-text__media\"><img decoding=\"async\" src=\"https:\/\/collectifmdm-idf.org\/wp-content\/uploads\/2022\/03\/Pict_prix_30px.png\" alt=\"Pict prix euro\" class=\"wp-image-5165 size-full\"\/><\/figure><div class=\"wp-block-media-text__content\">\n<p class=\"txt_Cet3 has-vivid-green-cyan-color has-text-color has-normal-font-size\"><strong><a href=\"\/les-tarifs-des-prestations---collectif-en-tournee-3---2022\/\">TARIFS<\/a><\/strong><\/p>\n<\/div><\/div>\n<\/div>\n<\/div>\n\n\n\n<div class=\"wp-block-columns has-black-color has-text-color has-background is-layout-flex wp-container-core-columns-is-layout-9d6595d7 wp-block-columns-is-layout-flex\" style=\"background-color:#6dbac7\">\n<div class=\"wp-block-column is-layout-flow wp-block-column-is-layout-flow\">\n<h3 class=\"has-vivid-red-color has-white-color has-text-color wp-block-heading\" id=\"contact\">CONTACT<\/h3>\n\n\n\n<p class=\"txt_Cet3 has-black-color has-text-color has-medium-font-size\"><strong><strong>Andriatsahavojaona Mamy<\/strong><br><strong>06 69 57 75 09<\/strong><\/strong><\/p>\n<\/div>\n\n\n\n<div class=\"wp-block-column is-layout-flow wp-block-column-is-layout-flow\">\n<div class=\"wp-block-media-text alignwide is-stacked-on-mobile\" style=\"grid-template-columns:15% auto\"><figure class=\"wp-block-media-text__media\"><img decoding=\"async\" src=\"https:\/\/collectifmdm-idf.org\/wp-content\/uploads\/2021\/05\/Picto_mel_60px.png\" alt=\"Adresse e-mail\" class=\"wp-image-2454 size-full\"\/><\/figure><div class=\"wp-block-media-text__content\">\n<p class=\"coord_Cet3 has-normal-font-size\"><a href=\"mailto:ngita.contact@gmail.com\">ngita.contact@gmail.com<\/a><\/p>\n<\/div><\/div>\n\n\n\n<div class=\"wp-block-columns is-layout-flex wp-container-core-columns-is-layout-9d6595d7 wp-block-columns-is-layout-flex\">\n<div class=\"wp-block-column is-layout-flow wp-block-column-is-layout-flow\">\n<figure class=\"wp-block-image size-large is-resized is-style-default\"><a href=\"https:\/\/www.facebook.com\/mamy.brunette\" target=\"_blank\" rel=\"noopener\"><img decoding=\"async\" src=\"https:\/\/collectifmdm-idf.org\/wp-content\/uploads\/2021\/05\/Picto_Fb_60px.png\" alt=\"Suivez-nous sur Facebook\" class=\"wp-image-2452\" width=\"60\" height=\"60\"\/><\/a><\/figure>\n<\/div>\n\n\n\n<div class=\"wp-block-column is-layout-flow wp-block-column-is-layout-flow\">\n<figure class=\"wp-block-image size-large is-resized is-style-default\"><a href=\"https:\/\/www.instagram.com\/ngita_officiel\/\" target=\"_blank\" rel=\"noopener\"><img loading=\"lazy\" decoding=\"async\" src=\"https:\/\/collectifmdm-idf.org\/wp-content\/uploads\/2021\/05\/Picto_insta_60px.png\" alt=\"Venez-nous voir sur Instagram\" class=\"wp-image-2453\" width=\"60\" height=\"60\"\/><\/a><\/figure>\n<\/div>\n\n\n\n<div class=\"wp-block-column is-layout-flow wp-block-column-is-layout-flow\"><\/div>\n<\/div>\n<\/div>\n<\/div>\n\n\n\n<div style=\"height:30px\" aria-hidden=\"true\" class=\"wp-block-spacer\"><\/div>\n\n\n\n<div class=\"wp-block-columns is-layout-flex wp-container-core-columns-is-layout-9d6595d7 wp-block-columns-is-layout-flex\">\n<div class=\"wp-block-column is-layout-flow wp-block-column-is-layout-flow\">\n<div class=\"wp-block-buttons is-horizontal is-content-justification-center is-layout-flex wp-container-core-buttons-is-layout-499968f5 wp-block-buttons-is-layout-flex\">\n<div class=\"wp-block-button has-custom-width wp-block-button__width-50 is-style-fill\"><a class=\"wp-block-button__link has-luminous-vivid-amber-background-color has-background\" href=\"\/collectif-en-tournee-3-2022\/#liste\">Retour \u00e0 la liste<\/a><\/div>\n<\/div>\n<\/div>\n\n\n\n<div class=\"wp-block-column is-layout-flow wp-block-column-is-layout-flow\">\n<div class=\"wp-block-buttons is-layout-flex wp-block-buttons-is-layout-flex\">\n<div class=\"wp-block-button has-custom-width wp-block-button__width-75\"><a class=\"wp-block-button__link has-luminous-vivid-amber-background-color has-background\" href=\"https:\/\/collectifmdm-idf.org\/wp-content\/uploads\/2022\/03\/NGITA-2022-collectifmdmidf-CET3-Collectif-en-Tournee-2022.pdf\" target=\"_blank\" rel=\"noreferrer noopener\">T\u00e9l\u00e9charger la fiche<\/a><\/div>\n<\/div>\n<\/div>\n<\/div>\n\n\n\n<figure class=\"wp-block-embed is-type-video is-provider-youtube wp-block-embed-youtube wp-embed-aspect-16-9 wp-has-aspect-ratio\"><div class=\"wp-block-embed__wrapper\">\n<div class=\"responsive-container\"><iframe title=\"Ngita - Manign&#039;olo\" width=\"640\" height=\"360\" src=\"https:\/\/www.youtube.com\/embed\/n3-x_6DnBMg?feature=oembed\" frameborder=\"0\" allow=\"accelerometer; autoplay; clipboard-write; encrypted-media; gyroscope; picture-in-picture; web-share\" referrerpolicy=\"strict-origin-when-cross-origin\" allowfullscreen><\/iframe><\/div>\n<\/div><\/figure>\n\n\n\n<figure class=\"wp-block-embed is-type-video is-provider-youtube wp-block-embed-youtube wp-embed-aspect-4-3 wp-has-aspect-ratio\"><div class=\"wp-block-embed__wrapper\">\n<div class=\"responsive-container\"><iframe title=\"Ngita - Minty extrait de l&#039;album Zaho oe\" width=\"640\" height=\"480\" src=\"https:\/\/www.youtube.com\/embed\/dl1d9Vfw_CQ?feature=oembed\" frameborder=\"0\" allow=\"accelerometer; autoplay; clipboard-write; encrypted-media; gyroscope; picture-in-picture; web-share\" referrerpolicy=\"strict-origin-when-cross-origin\" allowfullscreen><\/iframe><\/div>\n<\/div><\/figure>\n\n\n\n<figure class=\"wp-block-embed is-type-rich is-provider-soundcloud wp-block-embed-soundcloud\"><div class=\"wp-block-embed__wrapper\">\n<div class=\"responsive-container\"><iframe title=\"Ngita -Mangataka Havelo by Ngita\" width=\"640\" height=\"400\" scrolling=\"no\" frameborder=\"no\" src=\"https:\/\/w.soundcloud.com\/player\/?visual=true&#038;url=https%3A%2F%2Fapi.soundcloud.com%2Ftracks%2F1220124304&#038;show_artwork=true&#038;maxheight=960&#038;maxwidth=640\"><\/iframe><\/div>\n<\/div><\/figure>\n\n\n\n<figure class=\"wp-block-embed is-type-rich is-provider-soundcloud wp-block-embed-soundcloud\"><div class=\"wp-block-embed__wrapper\">\n<div class=\"responsive-container\"><iframe title=\"Ngita -Zaho E by Ngita\" width=\"640\" height=\"400\" scrolling=\"no\" frameborder=\"no\" src=\"https:\/\/w.soundcloud.com\/player\/?visual=true&#038;url=https%3A%2F%2Fapi.soundcloud.com%2Ftracks%2F1220124031&#038;show_artwork=true&#038;maxheight=960&#038;maxwidth=640\"><\/iframe><\/div>\n<\/div><\/figure>\n\n\n\n<div style=\"height:60px\" aria-hidden=\"true\" class=\"wp-block-spacer\"><\/div>\n\n\n\n<div class=\"wp-block-buttons is-layout-flex wp-block-buttons-is-layout-flex\">\n<div class=\"wp-block-button has-custom-width wp-block-button__width-100 is-style-fill\"><a class=\"wp-block-button__link has-white-color has-luminous-vivid-amber-background-color has-text-color has-background\" href=\"\/collectif-en-tournee-3-2022\/#liste\"><strong>Retour \u00e0 la liste<\/strong><\/a><\/div>\n<\/div>\n\n\n\n<div style=\"height:60px\" aria-hidden=\"true\" class=\"wp-block-spacer\"><\/div>\n\n\n\n<p><\/p>\n","protected":false},"excerpt":{"rendered":"<p>NGITA<br \/>\nMANGINA (SOYEZ SILENCIEUX)<\/p>\n","protected":false},"author":1,"featured_media":4705,"comment_status":"closed","ping_status":"open","sticky":false,"template":"","format":"standard","meta":{"_rtcl_gb_attr":"","footnotes":""},"categories":[97,80,81,88],"tags":[],"class_list":["post-4695","post","type-post","status-publish","format-standard","has-post-thumbnail","hentry","category-afrique-musique-cet3","category-collectif-en-tournee-3","category-musique-cet3","category-spectacle-acoustique-collectif-en-tournee-3"],"_links":{"self":[{"href":"https:\/\/collectifmdm-idf.org\/annuaire5\/wp-json\/wp\/v2\/posts\/4695","targetHints":{"allow":["GET"]}}],"collection":[{"href":"https:\/\/collectifmdm-idf.org\/annuaire5\/wp-json\/wp\/v2\/posts"}],"about":[{"href":"https:\/\/collectifmdm-idf.org\/annuaire5\/wp-json\/wp\/v2\/types\/post"}],"author":[{"embeddable":true,"href":"https:\/\/collectifmdm-idf.org\/annuaire5\/wp-json\/wp\/v2\/users\/1"}],"replies":[{"embeddable":true,"href":"https:\/\/collectifmdm-idf.org\/annuaire5\/wp-json\/wp\/v2\/comments?post=4695"}],"version-history":[{"count":0,"href":"https:\/\/collectifmdm-idf.org\/annuaire5\/wp-json\/wp\/v2\/posts\/4695\/revisions"}],"wp:featuredmedia":[{"embeddable":true,"href":"https:\/\/collectifmdm-idf.org\/annuaire5\/wp-json\/wp\/v2\/media\/4705"}],"wp:attachment":[{"href":"https:\/\/collectifmdm-idf.org\/annuaire5\/wp-json\/wp\/v2\/media?parent=4695"}],"wp:term":[{"taxonomy":"category","embeddable":true,"href":"https:\/\/collectifmdm-idf.org\/annuaire5\/wp-json\/wp\/v2\/categories?post=4695"},{"taxonomy":"post_tag","embeddable":true,"href":"https:\/\/collectifmdm-idf.org\/annuaire5\/wp-json\/wp\/v2\/tags?post=4695"}],"curies":[{"name":"wp","href":"https:\/\/api.w.org\/{rel}","templated":true}]}}