{"id":455,"date":"2020-01-22T19:47:00","date_gmt":"2020-01-22T18:47:00","guid":{"rendered":"http:\/\/collectifmdm-idf.org\/?p=455"},"modified":"2020-02-09T19:51:59","modified_gmt":"2020-02-09T18:51:59","slug":"pourquoi-la-musique-est-bonne-pour-le-cerveau","status":"publish","type":"post","link":"https:\/\/collectifmdm-idf.org\/annuaire5\/pourquoi-la-musique-est-bonne-pour-le-cerveau\/","title":{"rendered":"Pourquoi la musique est bonne pour le cerveau"},"content":{"rendered":"\n<h2 class=\"wp-block-heading\"><\/h2>\n\n\n\n<h2 class=\"wp-block-heading\"><\/h2>\n\n\n\n<blockquote class=\"wp-block-quote is-style-large is-layout-flow wp-block-quote-is-layout-flow\"><p> Aussi universelle que le langage, pr\u00e9sente depuis la nuit des temps, la musique d\u00e9veloppe nos capacit\u00e9s intellectuelles et aide \u00e0 lutter contre Alzheimer. <\/p><\/blockquote>\n\n\n\n<p class=\"has-text-align-right has-medium-font-size\"><br><a rel=\"noreferrer noopener\" aria-label=\"Lire la suite sur le site du POINT (s\u2019ouvre dans un nouvel onglet)\" href=\"https:\/\/www.lepoint.fr\/privileges\/culture\/quand-la-musique-est-bonne-pour-le-cerveau-30-10-2015-1978011_2580.php\" target=\"_blank\"><strong><em>Lire la suite sur le site du POINT<\/em><\/strong><\/a><\/p>\n\n\n\n<hr class=\"wp-block-separator\"\/>\n\n\n\n<p class=\"has-text-color has-text-align-center has-medium-font-size has-luminous-vivid-orange-color\"><strong>&#8212;o&#8212;<\/strong><\/p>\n\n\n\n<hr class=\"wp-block-separator\"\/>\n","protected":false},"excerpt":{"rendered":"<p>Aussi universelle que le langage, pr\u00e9sente depuis la nuit des temps, la musique d\u00e9veloppe nos capacit\u00e9s intellectuelles et aide \u00e0 lutter contre Alzheimer. Lire la suite sur le site du POINT &#8212;o&#8212;<\/p>\n","protected":false},"author":1,"featured_media":529,"comment_status":"open","ping_status":"open","sticky":false,"template":"","format":"standard","meta":{"_rtcl_gb_attr":"","footnotes":""},"categories":[5],"tags":[],"class_list":["post-455","post","type-post","status-publish","format-standard","has-post-thumbnail","hentry","category-breves"],"_links":{"self":[{"href":"https:\/\/collectifmdm-idf.org\/annuaire5\/wp-json\/wp\/v2\/posts\/455","targetHints":{"allow":["GET"]}}],"collection":[{"href":"https:\/\/collectifmdm-idf.org\/annuaire5\/wp-json\/wp\/v2\/posts"}],"about":[{"href":"https:\/\/collectifmdm-idf.org\/annuaire5\/wp-json\/wp\/v2\/types\/post"}],"author":[{"embeddable":true,"href":"https:\/\/collectifmdm-idf.org\/annuaire5\/wp-json\/wp\/v2\/users\/1"}],"replies":[{"embeddable":true,"href":"https:\/\/collectifmdm-idf.org\/annuaire5\/wp-json\/wp\/v2\/comments?post=455"}],"version-history":[{"count":0,"href":"https:\/\/collectifmdm-idf.org\/annuaire5\/wp-json\/wp\/v2\/posts\/455\/revisions"}],"wp:featuredmedia":[{"embeddable":true,"href":"https:\/\/collectifmdm-idf.org\/annuaire5\/wp-json\/wp\/v2\/media\/529"}],"wp:attachment":[{"href":"https:\/\/collectifmdm-idf.org\/annuaire5\/wp-json\/wp\/v2\/media?parent=455"}],"wp:term":[{"taxonomy":"category","embeddable":true,"href":"https:\/\/collectifmdm-idf.org\/annuaire5\/wp-json\/wp\/v2\/categories?post=455"},{"taxonomy":"post_tag","embeddable":true,"href":"https:\/\/collectifmdm-idf.org\/annuaire5\/wp-json\/wp\/v2\/tags?post=455"}],"curies":[{"name":"wp","href":"https:\/\/api.w.org\/{rel}","templated":true}]}}