{"id":4098,"date":"2022-02-21T08:00:00","date_gmt":"2022-02-21T07:00:00","guid":{"rendered":"http:\/\/collectifmdm-idf.org\/?p=4098"},"modified":"2022-03-28T09:27:00","modified_gmt":"2022-03-28T07:27:00","slug":"les-politiques-culturelles-aux-couleurs-de-la-diversite","status":"publish","type":"post","link":"https:\/\/collectifmdm-idf.org\/annuaire5\/les-politiques-culturelles-aux-couleurs-de-la-diversite\/","title":{"rendered":"\u00abLES POLITIQUES CULTURELLES AUX COULEURS DE LA DIVERSIT\u00c9 ?\u00bb"},"content":{"rendered":"\n<h2 class=\"wp-block-heading\"><\/h2>\n\n\n\n<p class=\"has-medium-font-size\"><strong>Table ronde<\/strong>&nbsp;22 f\u00e9vrier 2022 au CNAM (Conservatoire National des Arts et M\u00e9tiers) \u2013 Paris.<br>Suivie d\u2019une&nbsp;<strong>visite guid\u00e9e de l\u2019exposition \u00ab<\/strong><em><strong>Douce France<\/strong><\/em><strong>\u00bb (des musiques de l\u2019exil aux musiques urbaines).<\/strong><\/p>\n\n\n\n<p class=\"has-medium-font-size\">\u2022 14h30 : accueil th\u00e9\/caf\u00e9, coursive Dupin, devant l\u2019amphith\u00e9\u00e2tre Abb\u00e9 Gr\u00e9goire.<br>\u2022 15h-16h45 : table ronde \u2013 amphith\u00e9\u00e2tre Abb\u00e9 Gr\u00e9goire<br>\u2022 17h-18h : visite guid\u00e9e de l\u2019exposition Douce France<br>\u2022 18h : ap\u00e9ro, Caf\u00e9 des techniques au CNAM.<br>***<br><strong>&gt;&gt;&gt; PROGRAMME COMPLET :&nbsp;<\/strong><br><strong>&gt;&gt;&gt; SUR INSCRIPTION :&nbsp;<\/strong><br>***<\/p>\n\n\n\n<p class=\"has-medium-font-size\">Diversit\u00e9, mixit\u00e9, alt\u00e9rit\u00e9&#8230; autant de notions qui continuent de questionner les politiques publiques en faveur de la culture et le sens des projets des acteur\u00b7trice\u00b7s du champ artistique et culturel. Loin des discours et postures id\u00e9ologiques, ces notions demeurent centrales pour rester en phase avec les r\u00e9alit\u00e9s d\u2019une soci\u00e9t\u00e9 multiculturelle en mouvement.<\/p>\n\n\n\n<p class=\"has-medium-font-size\">Comment les politiques publiques s\u2019emparent-elles aujourd\u2019hui de ces questions et traduisent les nombreuses initiatives de concertation et co-construction en dispositifs op\u00e9rants ouverts sur les droits culturels, et la promotion des identit\u00e9s multiples ? Comment les acteur\u00b7rice\u00b7s culturel\u00b7le\u00b7s se nourrissent et nourrissent les diversit\u00e9s ? Se retrouvent-ils\u00b7elles en capacit\u00e9 de se saisir des outils de politiques publiques, voire d\u2019en inspirer ? Comment se mobilisent-ils\u00b7elles autour d\u2019exp\u00e9riences de terrain, de moments pour faire et penser, de coop\u00e9rations du local \u00e0 international ?<br>Ils\u00b7elles organisent des festivals, des r\u00e9sidences, programment, produisent du r\u00e9cit, arpentent, documentent et travaillent ensemble. Cette r\u00e9alit\u00e9, fruit de d\u00e9marches plurielles, questionne et pose le fondement de nouvelles formes de politiques publiques \u00e0 l\u2019aune de l\u2019agenda politique \u00e0 venir, esquissant des solutions pour une transition soutenable. \u00c0 travers le regard de chercheur\u00b7euse\u00b7s, d\u2019acteur\u00b7trice\u00b7s et d\u2019\u00e9lu\u00b7e\u00b7s, cette table ronde questionnera la nature des politiques publiques, d\u2019aujourd\u2019hui et de demain, en lien avec les multiples facettes de la diversit\u00e9.<br>***<\/p>\n\n\n\n<p class=\"has-medium-font-size\">Avec :<br>\u2022 Fr\u00e9d\u00e9ric Hocquard, Adjoint \u00e0 la Maire de Paris charg\u00e9 du Tourisme et de la Vie nocturne et Pr\u00e9sident de la FNCC.<br>\u2022 Agn\u00e8s Saal, Haute fonctionnaire \u00e0 la responsabilit\u00e9 sociale des organisations, Cheffe de la Mission Expertise culturelle internationale, au minist\u00e8re de la Culture.<br>\u2022 Emmanuel Verg\u00e8s, Co-directeur de l\u2019OPC &#8211; Observatoire des Politiques Culturelles de Grenoble.<br>\u2022 C\u00e9cile H\u00e9raudeau, Co-directrice Festival Convivencia &#8211; Sc\u00e8ne navigante de musiques du monde, Vice-Pr\u00e9sidente de Zone Franche.<br>\u2022 Ma\u00ebl Hougron, Directeur du Nouveau Pavillon (Nantes), Vice-Pr\u00e9sident de la FAMDT.<br>\u2022 DRAC \u00cele-de-France &#8211; \u00e0 confirmer<br>Mod\u00e9ration\/intervention :<br>\u2022 Na\u00efma Huber-Yahi, Directrice adjointe Villes des Musiques du Monde.<br>***<\/p>\n\n\n\n<p class=\"has-medium-font-size\">Une rencontre\/d\u00e9bat propos\u00e9e par&nbsp;<strong>Zone Franche<\/strong>, la&nbsp;<strong>FAMDT<\/strong>&nbsp;et la&nbsp;<strong>FEDELIMA<\/strong>&nbsp;en coop\u00e9ration avec&nbsp;<strong>Villes des Musiques du Monde<\/strong>. En collaboration&nbsp;<strong>Les \u00e9ditions de l\u2019Attribut<\/strong>&nbsp;dans le cadre du cycle \u00abdiversit\u00e9\u00bb initi\u00e9 par la FAMDT et Zone Franche depuis le festival&nbsp;<strong>Les SUDS \u00e0 ARLES<\/strong>&nbsp;sur l\u2019\u00e9t\u00e9 2021.<br>Avec le soutien du minist\u00e8re de la Culture, du CNM, de la Sacem, de la SCPP, de l\u2019Adami et de la Spedidam.<br>Avec la participation du CNAM (Conservatoire National des Arts et M\u00e9tiers) de Paris.<\/p>\n\n\n\n<h2 class=\"wp-block-heading\"><\/h2>\n\n\n\n<h2 class=\"has-text-align-center has-luminous-vivid-amber-color has-text-color wp-block-heading\" id=\"o\"><strong>&#8212;o&#8212;<\/strong><\/h2>\n\n\n\n<h2 class=\"wp-block-heading\"><\/h2>\n","protected":false},"excerpt":{"rendered":"<p>\u00abLES POLITIQUES CULTURELLES AUX COULEURS DE LA DIVERSIT\u00c9 ?\u00bb<br \/>\nTable ronde\u00a022 f\u00e9vrier 2022 au CNAM (Conservatoire National des Arts et M\u00e9tiers) \u2013 Paris.<br \/>\nSuivie d\u2019une\u00a0visite guid\u00e9e de l\u2019exposition \u00abDouce France\u00bb (des musiques de l\u2019exil aux musiques urbaines).<\/p>\n","protected":false},"author":1,"featured_media":5664,"comment_status":"open","ping_status":"open","sticky":false,"template":"","format":"standard","meta":{"_rtcl_gb_attr":"","footnotes":""},"categories":[11,16],"tags":[],"class_list":["post-4098","post","type-post","status-publish","format-standard","has-post-thumbnail","hentry","category-colloque","category-exposition"],"_links":{"self":[{"href":"https:\/\/collectifmdm-idf.org\/annuaire5\/wp-json\/wp\/v2\/posts\/4098","targetHints":{"allow":["GET"]}}],"collection":[{"href":"https:\/\/collectifmdm-idf.org\/annuaire5\/wp-json\/wp\/v2\/posts"}],"about":[{"href":"https:\/\/collectifmdm-idf.org\/annuaire5\/wp-json\/wp\/v2\/types\/post"}],"author":[{"embeddable":true,"href":"https:\/\/collectifmdm-idf.org\/annuaire5\/wp-json\/wp\/v2\/users\/1"}],"replies":[{"embeddable":true,"href":"https:\/\/collectifmdm-idf.org\/annuaire5\/wp-json\/wp\/v2\/comments?post=4098"}],"version-history":[{"count":0,"href":"https:\/\/collectifmdm-idf.org\/annuaire5\/wp-json\/wp\/v2\/posts\/4098\/revisions"}],"wp:featuredmedia":[{"embeddable":true,"href":"https:\/\/collectifmdm-idf.org\/annuaire5\/wp-json\/wp\/v2\/media\/5664"}],"wp:attachment":[{"href":"https:\/\/collectifmdm-idf.org\/annuaire5\/wp-json\/wp\/v2\/media?parent=4098"}],"wp:term":[{"taxonomy":"category","embeddable":true,"href":"https:\/\/collectifmdm-idf.org\/annuaire5\/wp-json\/wp\/v2\/categories?post=4098"},{"taxonomy":"post_tag","embeddable":true,"href":"https:\/\/collectifmdm-idf.org\/annuaire5\/wp-json\/wp\/v2\/tags?post=4098"}],"curies":[{"name":"wp","href":"https:\/\/api.w.org\/{rel}","templated":true}]}}