{"id":4080,"date":"2022-02-02T17:14:00","date_gmt":"2022-02-02T16:14:00","guid":{"rendered":"http:\/\/collectifmdm-idf.org\/?p=4080"},"modified":"2022-03-28T09:33:01","modified_gmt":"2022-03-28T07:33:01","slug":"hommage-a-milena-salvini","status":"publish","type":"post","link":"https:\/\/collectifmdm-idf.org\/annuaire5\/hommage-a-milena-salvini\/","title":{"rendered":"Hommage \u00e0 Milena Salvini (1933-2022)"},"content":{"rendered":"\n<h2 class=\"wp-block-heading\"><\/h2>\n\n\n\n<p class=\"has-medium-font-size\">Hommage \u00e0 Milena Salvini<\/p>\n\n\n\n<p class=\"has-medium-font-size\">Mercredi 2 f\u00e9vrier 2022, Milena Salvini rejoint sa derni\u00e8re demeure. En cette journ\u00e9e de deuil, nos chaleureuses pens\u00e9es vont vers ses deux filles, Isabelle Anna, l\u2019une des premi\u00e8res adh\u00e9rentes de notre Collectif, et Maria Kiran, laquelle comme sa s\u0153ur a emprunt\u00e9 la voie de la danse indienne initi\u00e9e par leur m\u00e8re, toutes deux sp\u00e9cialistes du Bharta Natyam. Une famille nombreuse pleure aujourd\u2019hui le d\u00e9part de cette \u00eatre solaire qui vibra toute sa vie en la personne de Milena Salvini. Celle de ses descendants, mais aussi celle constitu\u00e9e par ces artistes du monde entier qui trouv\u00e8rent au Centre Mandapa un accueil pour leurs spectacles parisiens, sans oublier le public de fid\u00e8les qui s\u2019y donnait rendez-vous.<\/p>\n\n\n\n<p class=\"has-medium-font-size\">Au nom du Collectif Musiques &amp; Danses du Monde en Ile-de-France, je voudrais saluer la m\u00e9moire de cette grande dame qui fit tant pour faire conna\u00eetre et promouvoir en France les traditions musicales et chor\u00e9graphiques issues du continent indien comme de tous les points du monde.<\/p>\n\n\n\n<p class=\"has-medium-font-size\">Fran\u00e7ois Bensignor<\/p>\n\n\n\n<h2 class=\"wp-block-heading\"><\/h2>\n\n\n\n<div class=\"wp-block-image\"><figure class=\"aligncenter size-full\"><a href=\"https:\/\/www.centre-mandapa.fr\/\" target=\"_blank\" rel=\"noopener\"><img fetchpriority=\"high\" decoding=\"async\" width=\"300\" height=\"180\" src=\"https:\/\/collectifmdm-idf.org\/wp-content\/uploads\/2022\/02\/logo-MANDAPA.jpg\" alt=\"\" class=\"wp-image-4089\"\/><\/a><\/figure><\/div>\n\n\n\n<p class=\"has-medium-font-size\">Consultez <strong><a href=\"https:\/\/journals.openedition.org\/hommesmigrations\/3597\" target=\"_blank\" rel=\"noreferrer noopener\">l\u2019article consacr\u00e9 aux 40 ans du Mandapa dans Hommes&amp;Migrations<\/a><\/strong><\/p>\n\n\n\n<h2 class=\"wp-block-heading\"><\/h2>\n\n\n\n<p><a href=\"https:\/\/static.wixstatic.com\/media\/398e42_5026596566614585b64f42826a4f17d2~mv2.jpg\/v1\/fill\/w_620,h_875,al_c,q_85,usm_0.66_1.00_0.01\/6d7ebf11-dbf0-471f-a7bc-84f1f0407cc3_JPG.webp\" target=\"_blank\" rel=\"noreferrer noopener\" data-rel=\"lightbox-image-0\" data-rl_title=\"\" data-rl_caption=\"\" title=\"\">Faire-part de d\u00e9c\u00e8s sur le site du Mandapa<\/a><\/p>\n\n\n\n<p>L\u00e9gende photo&nbsp;:  Milena Salvini incarne le dieu Krishna \u00a9 DR<\/p>\n\n\n\n<h2 class=\"wp-block-heading\"><\/h2>\n\n\n\n<h2 class=\"has-text-align-center has-luminous-vivid-amber-color has-text-color wp-block-heading\" id=\"o\"><strong>&#8212;o&#8212;<\/strong><\/h2>\n\n\n\n<h2 class=\"wp-block-heading\"><\/h2>\n","protected":false},"excerpt":{"rendered":"<p>Hommage \u00e0 Milena Salvini (1933-2022)<br \/>\nMilena Salvini rejoint sa derni\u00e8re demeure.<\/p>\n","protected":false},"author":1,"featured_media":4082,"comment_status":"open","ping_status":"open","sticky":false,"template":"","format":"standard","meta":{"_rtcl_gb_attr":"","footnotes":""},"categories":[5,36],"tags":[],"class_list":["post-4080","post","type-post","status-publish","format-standard","has-post-thumbnail","hentry","category-breves","category-communiques"],"_links":{"self":[{"href":"https:\/\/collectifmdm-idf.org\/annuaire5\/wp-json\/wp\/v2\/posts\/4080","targetHints":{"allow":["GET"]}}],"collection":[{"href":"https:\/\/collectifmdm-idf.org\/annuaire5\/wp-json\/wp\/v2\/posts"}],"about":[{"href":"https:\/\/collectifmdm-idf.org\/annuaire5\/wp-json\/wp\/v2\/types\/post"}],"author":[{"embeddable":true,"href":"https:\/\/collectifmdm-idf.org\/annuaire5\/wp-json\/wp\/v2\/users\/1"}],"replies":[{"embeddable":true,"href":"https:\/\/collectifmdm-idf.org\/annuaire5\/wp-json\/wp\/v2\/comments?post=4080"}],"version-history":[{"count":0,"href":"https:\/\/collectifmdm-idf.org\/annuaire5\/wp-json\/wp\/v2\/posts\/4080\/revisions"}],"wp:featuredmedia":[{"embeddable":true,"href":"https:\/\/collectifmdm-idf.org\/annuaire5\/wp-json\/wp\/v2\/media\/4082"}],"wp:attachment":[{"href":"https:\/\/collectifmdm-idf.org\/annuaire5\/wp-json\/wp\/v2\/media?parent=4080"}],"wp:term":[{"taxonomy":"category","embeddable":true,"href":"https:\/\/collectifmdm-idf.org\/annuaire5\/wp-json\/wp\/v2\/categories?post=4080"},{"taxonomy":"post_tag","embeddable":true,"href":"https:\/\/collectifmdm-idf.org\/annuaire5\/wp-json\/wp\/v2\/tags?post=4080"}],"curies":[{"name":"wp","href":"https:\/\/api.w.org\/{rel}","templated":true}]}}