{"id":3992,"date":"2021-12-01T10:30:00","date_gmt":"2021-12-01T09:30:00","guid":{"rendered":"http:\/\/collectifmdm-idf.org\/?p=3992"},"modified":"2022-03-28T09:36:27","modified_gmt":"2022-03-28T07:36:27","slug":"premiere-edition-de-babel-minots-festival-musical-jeune-public-familles-du-8-au-15-decembre-2021-au-point-fort-daubervilliers-a-lespace-renaudie","status":"publish","type":"post","link":"https:\/\/collectifmdm-idf.org\/annuaire5\/premiere-edition-de-babel-minots-festival-musical-jeune-public-familles-du-8-au-15-decembre-2021-au-point-fort-daubervilliers-a-lespace-renaudie\/","title":{"rendered":"PREMI\u00c8RE \u00c9DITION de BABEL MINOTS  &#8211; FESTIVAL MUSICAL JEUNE PUBLIC &#038; FAMILLES du 8 au 15 D\u00c9CEMBRE 2021 au Point Fort d&#8217;Aubervilliers &#038; \u00e0 L&#8217;Espace Renaudie"},"content":{"rendered":"\n<h2 class=\"wp-block-heading\"><\/h2>\n\n\n\n<p class=\"has-medium-font-size\"><\/p>\n\n\n\n<h2 class=\"wp-block-heading\"><\/h2>\n\n\n\n<p class=\"has-medium-font-size\"><strong>Babel Minots<\/strong>, <strong>Villes des Musiques du Monde<\/strong> et le <strong>Nomad Caf\u00e9<\/strong> pr\u00e9sentent, du 8 au 15 d\u00e9cembre, le<strong> festival Babel M\u00f4mes<\/strong>, 1re \u00e9dition du festival jeune public et musique, au Point Fort d\u2019Aubervilliers.<\/p>\n\n\n\n<p class=\"has-medium-font-size\">Le festival Babel Minots est n\u00e9 il y a 7 ans gr\u00e2ce aux convictions partag\u00e9es et \u00e0 la complicit\u00e9 entre le Nomad Caf\u00e9 \u00e0 Marseille et Villes des Musiques du Monde.<br><br>Ce festival jeune public a fait son entr\u00e9e dans la cour des grands avec des spectacles qui font vibrer les c\u0153urs et les oreilles des plus petits et de leurs familles.<\/p>\n\n\n\n<h3 class=\"wp-block-heading\">Babel Minots donne aujourd\u2019hui naissance \u00e0 un festival jumeau en \u00cele-de-France, baptis\u00e9 <strong>Babel M\u00f4mes<\/strong><\/h3>\n\n\n\n<p class=\"has-medium-font-size\">L\u2019objectif est de partager toutes les musiques et le spectacle vivant musical dans sa large palette esth\u00e9tique.<\/p>\n\n\n\n<h2 class=\"wp-block-heading\"><\/h2>\n\n\n\n<p class=\"has-medium-font-size\"><strong>Inauguration le mercredi 8 d\u00e9cembre \u00e0 17 h<\/strong> en pr\u00e9sence de <strong>Roselyne Bachelot<\/strong>, ministre de la Culture, de <strong>Val\u00e9rie P\u00e9cresse<\/strong>, pr\u00e9sidente du Conseil r\u00e9gional d\u2019Ile-de-France, de <strong>Karine Franclet<\/strong>, maire d\u2019Aubervilliers, de <strong>St\u00e9phane Troussel<\/strong>, pr\u00e9sident du Conseil d\u00e9partemental de Seine-Saint-Denis, de <strong>Jean-Philippe Dugoin-Cl\u00e9ment<\/strong>, pr\u00e9sident du Conseil d\u2019administration de Grand Paris Am\u00e9nagement, et de <strong>Andr\u00e9 Falcucci<\/strong>, pr\u00e9sident de Villes des Musiques du Monde.<\/p>\n\n\n\n<h2 class=\"wp-block-heading\"><\/h2>\n\n\n\n<h3 class=\"wp-block-heading\">Au programme<\/h3>\n\n\n\n<p><strong>VOYAGE SANS VISA<\/strong> \u2022 MERCREDI 8 D\u00c9CEMBRE 10H | 14H30<br>D\u00e8s 6 ans \u2013 Conte musical<\/p>\n\n\n\n<p><strong>ROCK YOU&nbsp;!<\/strong> \u2022 JEUDI 9 D\u00c9CEMBRE 9H30 | 14H30<br>D\u00e8s 8 ans \u2013 Concert participatif<\/p>\n\n\n\n<p><strong>SUR L\u2019OC\u00c9AN<\/strong> \u2022 VENDREDI 10 D\u00c9CEMBRE 9H30 | 10H30<br>D\u00e8s 2 ans \u2013 Cin\u00e9-concert<\/p>\n\n\n\n<p><strong>LE M\u00c9CANO DE LA G\u00c9N\u00c9RALE<\/strong> \u2022 SAMEDI 11 D\u00c9CEMBRE 15H30 | 19H00<br>D\u00e8s 8 ans \u2013 Cin\u00e9-concert<\/p>\n\n\n\n<p><strong>LA CONTREBASSE DE MA GRAND-M\u00c8RE<\/strong> \u2022 LUNDI 13 D\u00c9CEMBRE 9H30 | 14H30<br>D\u00e8s 6 ans \u2013 Conte musical<\/p>\n\n\n\n<p><strong>ABRAZ\u2019OUVERTS<\/strong> \u2022 MARDI 14 D\u00c9CEMBRE 9H30 | 14H30<br>D\u00e8s 4 ans \u2013 Th\u00e9\u00e2tre musical<\/p>\n\n\n\n<p><strong>LA B\u00caTE<\/strong> \u2022 MERCREDI 15 D\u00c9CEMBRE 10H | 14H30<br>D\u00e8s 6 ans \u2013 Conte musical<\/p>\n\n\n\n<h2 class=\"wp-block-heading\"><\/h2>\n\n\n\n<h2 class=\"wp-block-heading\"><\/h2>\n\n\n\n<div class=\"wp-block-image\"><figure class=\"aligncenter size-large\"><img fetchpriority=\"high\" decoding=\"async\" width=\"725\" height=\"1024\" src=\"https:\/\/collectifmdm-idf.org\/wp-content\/uploads\/2022\/01\/babel-momes-2021-725x1024.jpg\" alt=\"BABEL MOMES 2021\" class=\"wp-image-3995\" srcset=\"https:\/\/collectifmdm-idf.org\/annuaire5\/wp-content\/uploads\/2022\/01\/babel-momes-2021-725x1024.jpg 725w, https:\/\/collectifmdm-idf.org\/annuaire5\/wp-content\/uploads\/2022\/01\/babel-momes-2021-212x300.jpg 212w, https:\/\/collectifmdm-idf.org\/annuaire5\/wp-content\/uploads\/2022\/01\/babel-momes-2021-768x1085.jpg 768w, https:\/\/collectifmdm-idf.org\/annuaire5\/wp-content\/uploads\/2022\/01\/babel-momes-2021-1088x1536.jpg 1088w, https:\/\/collectifmdm-idf.org\/annuaire5\/wp-content\/uploads\/2022\/01\/babel-momes-2021.jpg 1450w\" sizes=\"(max-width: 725px) 100vw, 725px\" \/><\/figure><\/div>\n\n\n\n<h2 class=\"wp-block-heading\"><\/h2>\n\n\n\n<h2 class=\"has-text-align-center has-luminous-vivid-amber-color has-text-color wp-block-heading\"><strong>&#8212;o&#8212;<\/strong><\/h2>\n\n\n\n<h2 class=\"wp-block-heading\"><\/h2>\n\n\n\n<p><\/p>\n","protected":false},"excerpt":{"rendered":"<p>Babel Minots<br \/>\nVilles des Musiques du Monde et le Nomad Caf\u00e9 pr\u00e9sentent, du 8 au 15 d\u00e9cembre, le festival Babel M\u00f4mes, 1re \u00e9dition du festival jeune public et musique, au Point Fort d\u2019Aubervilliers<\/p>\n","protected":false},"author":1,"featured_media":3999,"comment_status":"open","ping_status":"open","sticky":false,"template":"","format":"standard","meta":{"_rtcl_gb_attr":"","footnotes":""},"categories":[6],"tags":[],"class_list":["post-3992","post","type-post","status-publish","format-standard","has-post-thumbnail","hentry","category-festival"],"_links":{"self":[{"href":"https:\/\/collectifmdm-idf.org\/annuaire5\/wp-json\/wp\/v2\/posts\/3992","targetHints":{"allow":["GET"]}}],"collection":[{"href":"https:\/\/collectifmdm-idf.org\/annuaire5\/wp-json\/wp\/v2\/posts"}],"about":[{"href":"https:\/\/collectifmdm-idf.org\/annuaire5\/wp-json\/wp\/v2\/types\/post"}],"author":[{"embeddable":true,"href":"https:\/\/collectifmdm-idf.org\/annuaire5\/wp-json\/wp\/v2\/users\/1"}],"replies":[{"embeddable":true,"href":"https:\/\/collectifmdm-idf.org\/annuaire5\/wp-json\/wp\/v2\/comments?post=3992"}],"version-history":[{"count":0,"href":"https:\/\/collectifmdm-idf.org\/annuaire5\/wp-json\/wp\/v2\/posts\/3992\/revisions"}],"wp:featuredmedia":[{"embeddable":true,"href":"https:\/\/collectifmdm-idf.org\/annuaire5\/wp-json\/wp\/v2\/media\/3999"}],"wp:attachment":[{"href":"https:\/\/collectifmdm-idf.org\/annuaire5\/wp-json\/wp\/v2\/media?parent=3992"}],"wp:term":[{"taxonomy":"category","embeddable":true,"href":"https:\/\/collectifmdm-idf.org\/annuaire5\/wp-json\/wp\/v2\/categories?post=3992"},{"taxonomy":"post_tag","embeddable":true,"href":"https:\/\/collectifmdm-idf.org\/annuaire5\/wp-json\/wp\/v2\/tags?post=3992"}],"curies":[{"name":"wp","href":"https:\/\/api.w.org\/{rel}","templated":true}]}}