{"id":3950,"date":"2021-12-15T11:43:00","date_gmt":"2021-12-15T10:43:00","guid":{"rendered":"http:\/\/collectifmdm-idf.org\/?p=3950"},"modified":"2022-03-28T09:31:59","modified_gmt":"2022-03-28T07:31:59","slug":"exposition-douce-france-des-musiques-de-lexil-aux-cultures-urbaines-au-cnam-a-paris-75","status":"publish","type":"post","link":"https:\/\/collectifmdm-idf.org\/annuaire5\/exposition-douce-france-des-musiques-de-lexil-aux-cultures-urbaines-au-cnam-a-paris-75\/","title":{"rendered":"Exposition DOUCE FRANCE &#8211; Des musiques de l&#8217;exil aux cultures urbaines, au CNAM \u00e0 Paris (75)"},"content":{"rendered":"\n<h2 class=\"wp-block-heading\"><\/h2>\n\n\n\n<p class=\"has-medium-font-size\"><strong>Le Conservatoire national des arts et m\u00e9tiers (Cnam)<\/strong>&nbsp;pr\u00e9sente&nbsp;<strong>Douce France<\/strong>. Des musiques de l\u2019exil aux cultures urbaines \u00bb, une exposition d\u00e9di\u00e9e au m\u00e9tissage culturel, autour de la personnalit\u00e9 de&nbsp;<strong>Rachid Taha<\/strong>, artiste engag\u00e9 de renomm\u00e9e internationale qui a donn\u00e9 ses lettres de noblesse au rock arabe.<\/p>\n\n\n\n<p class=\"has-medium-font-size\">\u00ab&nbsp;<em>\u00c0 travers la trajectoire singuli\u00e8re du chanteur et musicien, l\u2019exposition revisite l\u2019\u00e9mergence artistique de la g\u00e9n\u00e9ration dite \u00ab beur \u00bb, symbole de l\u2019int\u00e9gration m\u00e9tiss\u00e9e et joyeuse d\u2019une jeunesse issue de l\u2019immigration. Pionnier et figure tut\u00e9laire par ses engagements dans la lutte contre le racisme et les discriminations mais aussi par la richesse de ses exp\u00e9riences musicales,<\/em>&nbsp;<em><strong>Rachid Taha<\/strong><\/em>&nbsp;<em>a ouvert la voie \u00e0 toute une galaxie d\u2019artistes qui incarnent aujourd\u2019hui le talent et la cr\u00e9ativit\u00e9 fran\u00e7aise.<\/em><\/p>\n\n\n\n<p class=\"has-medium-font-size\"><em>Le parcours chrono-th\u00e9matique de l\u2019exposition met en exergue les grandes s\u00e9quences de la carri\u00e8re de l\u2019artiste \u00e0 la lumi\u00e8re de l\u2019histoire de l\u2019immigration maghr\u00e9bine en France et des enjeux de l\u2019interculturalit\u00e9.<\/em>&nbsp;\u00bb<\/p>\n\n\n\n<p class=\"has-medium-font-size\"><strong>Commissaire de l\u2019exposition<\/strong>&nbsp;:<br><strong>Na\u00efma Yahi<\/strong>, historienne, chercheuse associ\u00e9e \u00e0 l\u2019URMIS \u2013 Universit\u00e9 C\u00f4te d\u2019Azur et directrice adjointe de l\u2019association&nbsp;<strong>Villes des Musiques du Monde<\/strong><br>et&nbsp;<strong>Myriam Chopin<\/strong>&nbsp;enseignante-chercheuse en histoire \u00e0 l\u2019universit\u00e9 de Haute-Alsace.<\/p>\n\n\n\n<p>&#8212;<\/p>\n\n\n\n<p class=\"has-medium-font-size\"><strong>Visite guid\u00e9e Douce France<\/strong><br><strong>Les 3e samedis du mois \u00e0 16h<\/strong><br>Prochaine visite : 15 janvier 2022<br><strong>&#8211; Visiteurs individuel<\/strong>s uniquement, acc\u00e8s compris dans le billet d\u2019entr\u00e9e, sans r\u00e9servation, dans la limite des places disponibles.<\/p>\n\n\n\n<p class=\"has-medium-font-size\"><strong>&#8211; Groupes adultes et scolaires<\/strong>, infos et r\u00e9servations :&nbsp;<a href=\"mailto:artsetmetiers@cultival.fr\"><\/a><a href=\"mailto:artsetmetiers@cultival.fr\">artsetmetiers@cultival.fr<\/a><\/p>\n\n\n\n<p class=\"has-medium-font-size\"><strong>Concert de Samira Brahmia<\/strong><br><strong>Vendredi 4 f\u00e9vrier 2022 &#8211; de 20h30 \u00e0 22h<\/strong><br>au mus\u00e9e des Arts et M\u00e9tiers<br>en collaboration avec Villes des Musiques du Monde<\/p>\n\n\n\n<p class=\"has-medium-font-size\"><strong>Le cin\u00e9-club Douce France<\/strong><br><strong>Un mercredi par mois de 19h \u00e0 22h<\/strong><br>Prochaine s\u00e9ance le 26 janvier 2022<br>Cnam, amphi Abb\u00e9 Gr\u00e9goire<\/p>\n\n\n\n<p class=\"has-medium-font-size\"><strong>Rencontres et d\u00e9bats<\/strong><br><strong>Jeudi 13 janvier 2022, 19h &#8211; 21h<\/strong><br>&gt; D\u00e9bat autour du Collectif Mohamed<br>Cnam, amphi Abb\u00e9 Gr\u00e9goire<\/p>\n\n\n\n<p class=\"has-medium-font-size\"><strong>Mercredi 16 f\u00e9vrier 2022, 18h &#8211; 20h<\/strong><br>&gt; Quels h\u00e9ritages politiques dans les banlieues ?<br>Mus\u00e9e national de l\u2019histoire de l\u2019immigration<\/p>\n\n\n\n<h2 class=\"wp-block-heading\"><\/h2>\n\n\n\n<h2 class=\"wp-block-heading\"><\/h2>\n\n\n\n<div class=\"wp-block-image\"><figure class=\"aligncenter size-large\"><img fetchpriority=\"high\" decoding=\"async\" width=\"697\" height=\"1024\" src=\"https:\/\/collectifmdm-idf.org\/wp-content\/uploads\/2022\/01\/AFFICHE-DOUCE-FRANCE-PINK-WEB-697x1024.jpeg\" alt=\"\" class=\"wp-image-3953\" srcset=\"https:\/\/collectifmdm-idf.org\/annuaire5\/wp-content\/uploads\/2022\/01\/AFFICHE-DOUCE-FRANCE-PINK-WEB-697x1024.jpeg 697w, https:\/\/collectifmdm-idf.org\/annuaire5\/wp-content\/uploads\/2022\/01\/AFFICHE-DOUCE-FRANCE-PINK-WEB-204x300.jpeg 204w, https:\/\/collectifmdm-idf.org\/annuaire5\/wp-content\/uploads\/2022\/01\/AFFICHE-DOUCE-FRANCE-PINK-WEB-768x1129.jpeg 768w, https:\/\/collectifmdm-idf.org\/annuaire5\/wp-content\/uploads\/2022\/01\/AFFICHE-DOUCE-FRANCE-PINK-WEB.jpeg 841w\" sizes=\"(max-width: 697px) 100vw, 697px\" \/><\/figure><\/div>\n\n\n\n<h2 class=\"wp-block-heading\"><\/h2>\n\n\n\n<h2 class=\"has-text-align-center has-luminous-vivid-amber-color has-text-color wp-block-heading\"><strong>&#8212;o&#8212;<\/strong><\/h2>\n\n\n\n<h2 class=\"wp-block-heading\"><\/h2>\n","protected":false},"excerpt":{"rendered":"<p>Le Conservatoire national des arts et m\u00e9tiers (Cnam)\u00a0pr\u00e9sente\u00a0Douce France. Des musiques de l\u2019exil aux cultures urbaines \u00bb, une exposition d\u00e9di\u00e9e au m\u00e9tissage culturel, autour de la personnalit\u00e9 de\u00a0Rachid Taha, artiste engag\u00e9 <\/p>\n","protected":false},"author":1,"featured_media":3951,"comment_status":"open","ping_status":"open","sticky":false,"template":"","format":"standard","meta":{"_rtcl_gb_attr":"","footnotes":""},"categories":[16],"tags":[],"class_list":["post-3950","post","type-post","status-publish","format-standard","has-post-thumbnail","hentry","category-exposition"],"_links":{"self":[{"href":"https:\/\/collectifmdm-idf.org\/annuaire5\/wp-json\/wp\/v2\/posts\/3950","targetHints":{"allow":["GET"]}}],"collection":[{"href":"https:\/\/collectifmdm-idf.org\/annuaire5\/wp-json\/wp\/v2\/posts"}],"about":[{"href":"https:\/\/collectifmdm-idf.org\/annuaire5\/wp-json\/wp\/v2\/types\/post"}],"author":[{"embeddable":true,"href":"https:\/\/collectifmdm-idf.org\/annuaire5\/wp-json\/wp\/v2\/users\/1"}],"replies":[{"embeddable":true,"href":"https:\/\/collectifmdm-idf.org\/annuaire5\/wp-json\/wp\/v2\/comments?post=3950"}],"version-history":[{"count":0,"href":"https:\/\/collectifmdm-idf.org\/annuaire5\/wp-json\/wp\/v2\/posts\/3950\/revisions"}],"wp:featuredmedia":[{"embeddable":true,"href":"https:\/\/collectifmdm-idf.org\/annuaire5\/wp-json\/wp\/v2\/media\/3951"}],"wp:attachment":[{"href":"https:\/\/collectifmdm-idf.org\/annuaire5\/wp-json\/wp\/v2\/media?parent=3950"}],"wp:term":[{"taxonomy":"category","embeddable":true,"href":"https:\/\/collectifmdm-idf.org\/annuaire5\/wp-json\/wp\/v2\/categories?post=3950"},{"taxonomy":"post_tag","embeddable":true,"href":"https:\/\/collectifmdm-idf.org\/annuaire5\/wp-json\/wp\/v2\/tags?post=3950"}],"curies":[{"name":"wp","href":"https:\/\/api.w.org\/{rel}","templated":true}]}}