{"id":3938,"date":"2022-01-03T20:32:44","date_gmt":"2022-01-03T19:32:44","guid":{"rendered":"http:\/\/collectifmdm-idf.org\/?p=3938"},"modified":"2022-03-28T09:28:25","modified_gmt":"2022-03-28T07:28:25","slug":"playlist-du-collectif-mdm-idf-n8-selection-des-coups-de-coeur-2021-de-francois-bensignor","status":"publish","type":"post","link":"https:\/\/collectifmdm-idf.org\/annuaire5\/playlist-du-collectif-mdm-idf-n8-selection-des-coups-de-coeur-2021-de-francois-bensignor\/","title":{"rendered":"Playlist du Collectif MDM IdF n\u00b08 &#8211; S\u00e9lection des coups de c\u0153ur 2021 de Fran\u00e7ois BENSIGNOR"},"content":{"rendered":"\n<h2 class=\"wp-block-heading\"><\/h2>\n\n\n\n<p class=\"has-medium-font-size\"><strong>S\u00e9lection des coups de c\u0153ur 2021 de Fran\u00e7ois BENSIGNOR<\/strong><\/p>\n\n\n\n<p class=\"has-medium-font-size\"><\/p>\n\n\n\n<p class=\"has-text-align-right has-medium-font-size\"><\/p>\n\n\n\n<h2 class=\"wp-block-heading\"><\/h2>\n\n\n\n<h2 class=\"wp-block-heading\"><strong>La playlist (12 titres encha\u00een\u00e9s) :<\/strong><\/h2>\n\n\n\n<figure class=\"wp-block-embed is-type-video is-provider-youtube wp-block-embed-youtube wp-embed-aspect-16-9 wp-has-aspect-ratio\"><div class=\"wp-block-embed__wrapper\">\n<div class=\"responsive-container\"><iframe title=\"Playlist du Collectif MDMIdF n\u00b08 - S\u00e9lection des coups de c\u0153ur 2021 de Fran\u00e7ois Bensignor\" width=\"640\" height=\"360\" src=\"https:\/\/www.youtube.com\/embed\/videoseries?list=PLKtoMQHaKf3fDedj3BkUOZBgYgWYOTt99\" frameborder=\"0\" allow=\"accelerometer; autoplay; clipboard-write; encrypted-media; gyroscope; picture-in-picture; web-share\" referrerpolicy=\"strict-origin-when-cross-origin\" allowfullscreen><\/iframe><\/div>\n<\/div><\/figure>\n\n\n\n<p><\/p>\n\n\n\n<h2 class=\"wp-block-heading\"><\/h2>\n\n\n\n<h2 class=\"wp-block-heading\"><\/h2>\n\n\n\n<h2 class=\"wp-block-heading\"><strong>Les douze titres de la playlist :<\/strong><br><\/h2>\n\n\n\n<p><\/p>\n\n\n\n<p class=\"has-black-color has-text-color has-medium-font-size\">  1  <strong>Shujaat Khan, Katayoun Goudarzi, Shaho Andalibi, Shariq Mustafa \u2013 \u201cWild\u201d<\/strong><\/p>\n\n\n\n<figure class=\"wp-block-embed is-type-video is-provider-youtube wp-block-embed-youtube wp-embed-aspect-16-9 wp-has-aspect-ratio\"><div class=\"wp-block-embed__wrapper\">\n<div class=\"responsive-container\"><iframe title=\"Shujaat Khan, Katayoun Goudarzi, Shaho Andalibi, Shariq Mustafa - Wild\" width=\"640\" height=\"360\" src=\"https:\/\/www.youtube.com\/embed\/29b_QKhqamo?feature=oembed\" frameborder=\"0\" allow=\"accelerometer; autoplay; clipboard-write; encrypted-media; gyroscope; picture-in-picture; web-share\" referrerpolicy=\"strict-origin-when-cross-origin\" allowfullscreen><\/iframe><\/div>\n<\/div><\/figure>\n\n\n\n<p class=\"has-medium-font-size\">Rencontre entre le grand ma\u00eetre du sitar indien Shujaat Husain Khan (fils du mythique Vilayat Khan) avec la chanteuse am\u00e9ricano-iranienne Katayoun Goudarzi autour des po\u00e8mes soufis de Jalal Eddine Rumi.<\/p>\n\n\n\n<p class=\"has-black-color has-text-color has-medium-font-size\"><strong>2.   Alena Murang \u2013 \u201cWarrior Spirit\u201d<\/strong><\/p>\n\n\n\n<figure class=\"wp-block-embed is-type-video is-provider-youtube wp-block-embed-youtube wp-embed-aspect-16-9 wp-has-aspect-ratio\"><div class=\"wp-block-embed__wrapper\">\n<div class=\"responsive-container\"><iframe title=\"Alena Murang - Warrior Spirit (Official 5K Music Video)\" width=\"640\" height=\"360\" src=\"https:\/\/www.youtube.com\/embed\/6qTxxtzlnSU?feature=oembed\" frameborder=\"0\" allow=\"accelerometer; autoplay; clipboard-write; encrypted-media; gyroscope; picture-in-picture; web-share\" referrerpolicy=\"strict-origin-when-cross-origin\" allowfullscreen><\/iframe><\/div>\n<\/div><\/figure>\n\n\n\n<p class=\"has-medium-font-size\">Premi\u00e8re femme joueuse professionnelle de <em>sape\u2019<\/em>, le luth traditionnel des Dayak de Born\u00e9o, Alena Murang magnifie \u00e9galement les danses de Sarawak, \u00e9tat de l\u2019\u00eele appartenant \u00e0 la Malaisie.<\/p>\n\n\n\n<p class=\"has-black-color has-text-color has-medium-font-size\"><strong>3.   Australian Art Orchestra (AAO) &#8211; Hand to Earth \u2013 \u201cStar Song\u201d<\/strong><\/p>\n\n\n\n<figure class=\"wp-block-embed is-type-video is-provider-youtube wp-block-embed-youtube wp-embed-aspect-4-3 wp-has-aspect-ratio\"><div class=\"wp-block-embed__wrapper\">\n<div class=\"responsive-container\"><iframe title=\"Star Song\" width=\"640\" height=\"480\" src=\"https:\/\/www.youtube.com\/embed\/ZhlpluehMZo?feature=oembed\" frameborder=\"0\" allow=\"accelerometer; autoplay; clipboard-write; encrypted-media; gyroscope; picture-in-picture; web-share\" referrerpolicy=\"strict-origin-when-cross-origin\" allowfullscreen><\/iframe><\/div>\n<\/div><\/figure>\n\n\n\n<p class=\"has-medium-font-size\">Ce travail est le fruit d\u2019une r\u00e9sidence de rencontre men\u00e9e par le AAO avec Daniel Wilfred, aborig\u00e8ne initi\u00e9 aux traditions du chant <em>Yolgnu<\/em>, vieux de plus de 40 000 ans, et la chanteuse cor\u00e9enne Sunny Kim.<\/p>\n\n\n\n<p class=\"has-black-color has-text-color has-medium-font-size\"><strong>4.  Corciolli \u2013 \u201cNo Time but Eternity\u201d<\/strong><\/p>\n\n\n\n<figure class=\"wp-block-embed is-type-video is-provider-youtube wp-block-embed-youtube wp-embed-aspect-16-9 wp-has-aspect-ratio\"><div class=\"wp-block-embed__wrapper\">\n<div class=\"responsive-container\"><iframe title=\"Corciolli | No Time But Eternity\" width=\"640\" height=\"360\" src=\"https:\/\/www.youtube.com\/embed\/R9auVzOmqSU?feature=oembed\" frameborder=\"0\" allow=\"accelerometer; autoplay; clipboard-write; encrypted-media; gyroscope; picture-in-picture; web-share\" referrerpolicy=\"strict-origin-when-cross-origin\" allowfullscreen><\/iframe><\/div>\n<\/div><\/figure>\n\n\n\n<p>Compositeur br\u00e9silien, Corciolli nous entra\u00eene vers une m\u00e9ditation sereine, o\u00f9 le piano et le quatuor \u00e0 cordes se m\u00ealent aux synth\u00e9tiseurs dans une douce harmonie.<\/p>\n\n\n\n<p class=\"has-black-color has-text-color has-medium-font-size\">5<strong>.  Ru\u0219an Filiztek \u2013 \u201cSans Souci\u201d<\/strong><\/p>\n\n\n\n<figure class=\"wp-block-embed is-type-video is-provider-youtube wp-block-embed-youtube wp-embed-aspect-16-9 wp-has-aspect-ratio\"><div class=\"wp-block-embed__wrapper\">\n<div class=\"responsive-container\"><iframe title=\"Sans Souci - Ru\u0219an Filiztek\" width=\"640\" height=\"360\" src=\"https:\/\/www.youtube.com\/embed\/eBIBybKGKCM?feature=oembed\" frameborder=\"0\" allow=\"accelerometer; autoplay; clipboard-write; encrypted-media; gyroscope; picture-in-picture; web-share\" referrerpolicy=\"strict-origin-when-cross-origin\" allowfullscreen><\/iframe><\/div>\n<\/div><\/figure>\n\n\n\n<p class=\"has-medium-font-size\">Magnifique interpr\u00e9tation d\u2019un chant du r\u00e9pertoire traditionnel gallo, par l\u2019un des trois laur\u00e9ats du Prix des Musiques d\u2019Ici 2019.<\/p>\n\n\n\n<p class=\"has-black-color has-text-color has-medium-font-size\"><strong>6.  Dafn\u00e9 Kritharas \u2013 \u201cU Stambolu Na Bosforu\u201d<\/strong><\/p>\n\n\n\n<figure class=\"wp-block-embed is-type-video is-provider-youtube wp-block-embed-youtube wp-embed-aspect-16-9 wp-has-aspect-ratio\"><div class=\"wp-block-embed__wrapper\">\n<div class=\"responsive-container\"><iframe title=\"Dafne Kritharas - U Stambolu Na Bosforu (Sevdalinka) [Turkish, English, Bosnian Lyrics]\" width=\"640\" height=\"360\" src=\"https:\/\/www.youtube.com\/embed\/TyDuYLj6TkE?feature=oembed\" frameborder=\"0\" allow=\"accelerometer; autoplay; clipboard-write; encrypted-media; gyroscope; picture-in-picture; web-share\" referrerpolicy=\"strict-origin-when-cross-origin\" allowfullscreen><\/iframe><\/div>\n<\/div><\/figure>\n\n\n\n<p class=\"has-medium-font-size\">Laur\u00e9ate du Prix des Musiques d\u2019Ici 2020, Dafn\u00e9 Kritharas offre un \u00e9crin de douce amertume \u00e0 ce classique bosniaque de la <em>sevdah<\/em>.<\/p>\n\n\n\n<p class=\"has-black-color has-text-color has-medium-font-size\"><strong>7.   L\u2019Alba \u2013 \u201cIndiferenti\u201d<\/strong><\/p>\n\n\n\n<figure class=\"wp-block-embed is-type-video is-provider-youtube wp-block-embed-youtube wp-embed-aspect-16-9 wp-has-aspect-ratio\"><div class=\"wp-block-embed__wrapper\">\n<div class=\"responsive-container\"><iframe title=\"L&#039;Alba - Indiferenti\" width=\"640\" height=\"360\" src=\"https:\/\/www.youtube.com\/embed\/qNJcst0x4e0?feature=oembed\" frameborder=\"0\" allow=\"accelerometer; autoplay; clipboard-write; encrypted-media; gyroscope; picture-in-picture; web-share\" referrerpolicy=\"strict-origin-when-cross-origin\" allowfullscreen><\/iframe><\/div>\n<\/div><\/figure>\n\n\n\n<p class=\"has-medium-font-size\">Cet enregistrement \u201cin situ\u201d d\u2019un chant extrait de leur tr\u00e8s r\u00e9ussi quatri\u00e8me album pr\u00e9sente la saveur naturelle du sextet corse.<\/p>\n\n\n\n<p class=\"has-black-color has-text-color has-medium-font-size\"><strong>8.  San Salvador \u2013 \u201cQuau te mena\u201d<\/strong><\/p>\n\n\n\n<figure class=\"wp-block-embed is-type-video is-provider-youtube wp-block-embed-youtube wp-embed-aspect-16-9 wp-has-aspect-ratio\"><div class=\"wp-block-embed__wrapper\">\n<div class=\"responsive-container\"><iframe title=\"San Salvador - Quau te mena - [Clip Officiel]\" width=\"640\" height=\"360\" src=\"https:\/\/www.youtube.com\/embed\/YaBqulGdZgk?feature=oembed\" frameborder=\"0\" allow=\"accelerometer; autoplay; clipboard-write; encrypted-media; gyroscope; picture-in-picture; web-share\" referrerpolicy=\"strict-origin-when-cross-origin\" allowfullscreen><\/iframe><\/div>\n<\/div><\/figure>\n\n\n\n<p class=\"has-medium-font-size\"><em>\u00ab Lequel t\u2019emm\u00e8ne, belle, lequel t\u2019emm\u00e8ne ? (\u2026) Ce sont les gar\u00e7ons qui t\u2019emm\u00e8nent ! Moi, les gar\u00e7ons ne m\u2019emm\u00e8nent pas ! \u00bb<\/em><\/p>\n\n\n\n<p class=\"has-black-color has-text-color has-medium-font-size\"><strong>9.  Canzoniere Grecanico Salentino \u2013 \u201cBalla Nina\u201d<\/strong><\/p>\n\n\n\n<figure class=\"wp-block-embed is-type-video is-provider-youtube wp-block-embed-youtube wp-embed-aspect-16-9 wp-has-aspect-ratio\"><div class=\"wp-block-embed__wrapper\">\n<div class=\"responsive-container\"><iframe title=\"Balla Nina - Canzoniere Grecanico Salentino - Official Music Video\" width=\"640\" height=\"360\" src=\"https:\/\/www.youtube.com\/embed\/6TOqRBFaiqc?feature=oembed\" frameborder=\"0\" allow=\"accelerometer; autoplay; clipboard-write; encrypted-media; gyroscope; picture-in-picture; web-share\" referrerpolicy=\"strict-origin-when-cross-origin\" allowfullscreen><\/iframe><\/div>\n<\/div><\/figure>\n\n\n\n<p class=\"has-medium-font-size\">Le bel album des h\u00e9ros de la <em>pizzica<\/em> moderne, dont ce titre est issu, \u00e9tait r\u00e9alis\u00e9 en pleine pand\u00e9mie. Pour Mauro Durante, leader du groupe, \u00ab&nbsp;il est la preuve que le d\u00e9sir de partager et de danser ensemble est irr\u00e9sistible.&nbsp;\u00bb<\/p>\n\n\n\n<p class=\"has-black-color has-text-color has-medium-font-size\"><strong>10.  Kasai Allstars \u2013 \u201cOlooh, a War Dance for Peace\u201d<\/strong><\/p>\n\n\n\n<figure class=\"wp-block-embed is-type-video is-provider-youtube wp-block-embed-youtube wp-embed-aspect-16-9 wp-has-aspect-ratio\"><div class=\"wp-block-embed__wrapper\">\n<div class=\"responsive-container\"><iframe title=\"Kasai Allstars - Olooh, a War Dance for Peace (Official Music Video)\" width=\"640\" height=\"360\" src=\"https:\/\/www.youtube.com\/embed\/0mWo-WV10yw?feature=oembed\" frameborder=\"0\" allow=\"accelerometer; autoplay; clipboard-write; encrypted-media; gyroscope; picture-in-picture; web-share\" referrerpolicy=\"strict-origin-when-cross-origin\" allowfullscreen><\/iframe><\/div>\n<\/div><\/figure>\n\n\n\n<p class=\"has-medium-font-size\"><a><\/a> Enti\u00e8rement r\u00e9alis\u00e9 par son guitariste, Mopero Mupemba, le quatri\u00e8me album du collectif congolais propose une musique riche en textures sonores et affolantes polyrythmies, comme on l\u2019entend ici.<\/p>\n\n\n\n<p class=\"has-black-color has-text-color has-medium-font-size\"><strong>11.  Monoswezi \u2013 \u201cKuwonererwa\u201d<\/strong><\/p>\n\n\n\n<figure class=\"wp-block-embed is-type-video is-provider-youtube wp-block-embed-youtube wp-embed-aspect-16-9 wp-has-aspect-ratio\"><div class=\"wp-block-embed__wrapper\">\n<div class=\"responsive-container\"><iframe title=\"Monoswezi Kuwonererwa\" width=\"640\" height=\"360\" src=\"https:\/\/www.youtube.com\/embed\/EbTKUot-ypk?feature=oembed\" frameborder=\"0\" allow=\"accelerometer; autoplay; clipboard-write; encrypted-media; gyroscope; picture-in-picture; web-share\" referrerpolicy=\"strict-origin-when-cross-origin\" allowfullscreen><\/iframe><\/div>\n<\/div><\/figure>\n\n\n\n<p class=\"has-medium-font-size\">Le nom du groupe est fait des initiales des pays dont ses cinq membres sont originaires&nbsp;: Mozambique, Norv\u00e8ge, Su\u00e8de (Sweden) et Zimbabwe, celui de la chanteuse et joueuse de <em>mbira<\/em> (piano \u00e0 pouces) Hope Masike.<\/p>\n\n\n\n<p class=\"has-black-color has-text-color has-medium-font-size\"><strong>12.  Toumani Diabat\u00e9 And The London Symphony Orchestra \u2013 \u201cHa\u00efnamady Town\u201d<\/strong><\/p>\n\n\n\n<figure class=\"wp-block-embed is-type-video is-provider-youtube wp-block-embed-youtube wp-embed-aspect-16-9 wp-has-aspect-ratio\"><div class=\"wp-block-embed__wrapper\">\n<div class=\"responsive-container\"><iframe title=\"Toumani Diabat\u00e9 And The London Symphony Orchestra - Ha\u00efnamady Town (Official Video)\" width=\"640\" height=\"360\" src=\"https:\/\/www.youtube.com\/embed\/PXKAWgRHerI?feature=oembed\" frameborder=\"0\" allow=\"accelerometer; autoplay; clipboard-write; encrypted-media; gyroscope; picture-in-picture; web-share\" referrerpolicy=\"strict-origin-when-cross-origin\" allowfullscreen><\/iframe><\/div>\n<\/div><\/figure>\n\n\n\n<p class=\"has-medium-font-size\">Au palmar\u00e8s international du grand djeli malien, maestro de la kora, vient s\u2019ajouter l\u2019honneur de cet enregistrement en compagnie d\u2019un des orchestres symphoniques les plus prestigieux au monde.<\/p>\n\n\n\n<h2 class=\"wp-block-heading\"><\/h2>\n\n\n\n<h2 class=\"has-text-align-center has-luminous-vivid-amber-color has-text-color wp-block-heading\"><strong>&#8212;o&#8212;<\/strong><\/h2>\n","protected":false},"excerpt":{"rendered":"<p>Playlist du Collectif MDM IdF n\u00b08 &#8211; S\u00e9lection des coups de c\u0153ur 2021 de Fran\u00e7ois BENSIGNOR<\/p>\n","protected":false},"author":1,"featured_media":3948,"comment_status":"open","ping_status":"open","sticky":false,"template":"","format":"standard","meta":{"_rtcl_gb_attr":"","footnotes":""},"categories":[33],"tags":[],"class_list":["post-3938","post","type-post","status-publish","format-standard","has-post-thumbnail","hentry","category-playlists"],"_links":{"self":[{"href":"https:\/\/collectifmdm-idf.org\/annuaire5\/wp-json\/wp\/v2\/posts\/3938","targetHints":{"allow":["GET"]}}],"collection":[{"href":"https:\/\/collectifmdm-idf.org\/annuaire5\/wp-json\/wp\/v2\/posts"}],"about":[{"href":"https:\/\/collectifmdm-idf.org\/annuaire5\/wp-json\/wp\/v2\/types\/post"}],"author":[{"embeddable":true,"href":"https:\/\/collectifmdm-idf.org\/annuaire5\/wp-json\/wp\/v2\/users\/1"}],"replies":[{"embeddable":true,"href":"https:\/\/collectifmdm-idf.org\/annuaire5\/wp-json\/wp\/v2\/comments?post=3938"}],"version-history":[{"count":0,"href":"https:\/\/collectifmdm-idf.org\/annuaire5\/wp-json\/wp\/v2\/posts\/3938\/revisions"}],"wp:featuredmedia":[{"embeddable":true,"href":"https:\/\/collectifmdm-idf.org\/annuaire5\/wp-json\/wp\/v2\/media\/3948"}],"wp:attachment":[{"href":"https:\/\/collectifmdm-idf.org\/annuaire5\/wp-json\/wp\/v2\/media?parent=3938"}],"wp:term":[{"taxonomy":"category","embeddable":true,"href":"https:\/\/collectifmdm-idf.org\/annuaire5\/wp-json\/wp\/v2\/categories?post=3938"},{"taxonomy":"post_tag","embeddable":true,"href":"https:\/\/collectifmdm-idf.org\/annuaire5\/wp-json\/wp\/v2\/tags?post=3938"}],"curies":[{"name":"wp","href":"https:\/\/api.w.org\/{rel}","templated":true}]}}